{"id":502337,"date":"2025-10-31T13:50:14","date_gmt":"2025-10-31T13:50:14","guid":{"rendered":"https:\/\/www.europesays.com\/fr\/502337\/"},"modified":"2025-10-31T13:50:14","modified_gmt":"2025-10-31T13:50:14","slug":"leconomie-stagne-au-troisieme-trimestre","status":"publish","type":"post","link":"https:\/\/www.europesays.com\/fr\/502337\/","title":{"rendered":"l&rsquo;\u00e9conomie stagne au troisi\u00e8me trimestre"},"content":{"rendered":"<p><strong>Le produit int\u00e9rieur brut (PIB) de l\u2019Allemagne a stagn\u00e9 au troisi\u00e8me trimestre 2025 par rapport au trimestre pr\u00e9c\u00e9dent. Ce qui souligne la difficult\u00e9 pour la premi\u00e8re \u00e9conomie europ\u00e9enne de \u00ab reprendre son \u00e9lan \u00bb. Alors que le contexte international est \u00e0 la baisse des exportations.<\/strong><\/p>\n<p>La stagnation est donc conforme aux pr\u00e9visions, comme indiquent les donn\u00e9es pr\u00e9liminaires publi\u00e9es jeudi 30 octobre par l\u2019Office statistique allemand. Et ce, apr\u00e8s une contraction de l\u2019\u00e9conomie allemande de 0,3% au trimestre pr\u00e9c\u00e9dent. Laquelle est due \u00e0 la faiblesse de la demande mondiale et aux <a href=\"https:\/\/www.leconomistemaghrebin.com\/2025\/07\/14\/industrie-allemagne-tarifs-douaniers-trump\/\" target=\"_blank\" rel=\"noopener nofollow\">droits de douane am\u00e9ricains<\/a> sur les importations en provenance d\u2019Allemagne qui ont pes\u00e9 sur les exportations, d\u00e9voile Reuters.<\/p>\n<p>Par ailleurs, et de fa\u00e7on inattendue, le nombre de ch\u00f4meurs en Allemagne a l\u00e9g\u00e8rement diminu\u00e9 en octobre. C\u2019est ce qu\u2019il ressort des donn\u00e9es publi\u00e9es jeudi par l\u2019agence pour l\u2019emploi. On note ainsi une baisse d\u2019environ un millier de personnes pour s\u2019\u00e9tablir \u00e0 2,973 millions, au taux inchang\u00e9 de 6,3%.<\/p>\n<p>Pour sa part, la directrice du minist\u00e8re du Travail, Andrea Nahles, a toutefois mis en garde contre un optimisme excessif. En effet, elle souligne que la croissance de l\u2019emploi restait faible. \u00ab Globalement, la reprise automnale a \u00e9t\u00e9 mod\u00e9r\u00e9e jusqu\u2019\u00e0 pr\u00e9sent \u00bb, a-t-elle d\u00e9clar\u00e9 dans un communiqu\u00e9.<\/p>\n","protected":false},"excerpt":{"rendered":"Le produit int\u00e9rieur brut (PIB) de l\u2019Allemagne a stagn\u00e9 au troisi\u00e8me trimestre 2025 par rapport au trimestre pr\u00e9c\u00e9dent.&hellip;\n","protected":false},"author":2,"featured_media":69704,"comment_status":"","ping_status":"","sticky":false,"template":"","format":"standard","meta":{"footnotes":""},"categories":[1587],"tags":[11,672,1804,1805,1803,1777,674,1801,12,1802],"class_list":{"0":"post-502337","1":"post","2":"type-post","3":"status-publish","4":"format-standard","5":"has-post-thumbnail","7":"category-allemagne","8":"tag-actualites","9":"tag-allemagne","10":"tag-bundesrepublik-deutschland","11":"tag-de","12":"tag-deutschland","13":"tag-eu","14":"tag-europe","15":"tag-germany","16":"tag-news","17":"tag-republique-federale-dallemagne"},"share_on_mastodon":{"url":"https:\/\/pubeurope.com\/@fr\/115469105514864574","error":""},"_links":{"self":[{"href":"https:\/\/www.europesays.com\/fr\/wp-json\/wp\/v2\/posts\/502337","targetHints":{"allow":["GET"]}}],"collection":[{"href":"https:\/\/www.europesays.com\/fr\/wp-json\/wp\/v2\/posts"}],"about":[{"href":"https:\/\/www.europesays.com\/fr\/wp-json\/wp\/v2\/types\/post"}],"author":[{"embeddable":true,"href":"https:\/\/www.europesays.com\/fr\/wp-json\/wp\/v2\/users\/2"}],"replies":[{"embeddable":true,"href":"https:\/\/www.europesays.com\/fr\/wp-json\/wp\/v2\/comments?post=502337"}],"version-history":[{"count":0,"href":"https:\/\/www.europesays.com\/fr\/wp-json\/wp\/v2\/posts\/502337\/revisions"}],"wp:featuredmedia":[{"embeddable":true,"href":"https:\/\/www.europesays.com\/fr\/wp-json\/wp\/v2\/media\/69704"}],"wp:attachment":[{"href":"https:\/\/www.europesays.com\/fr\/wp-json\/wp\/v2\/media?parent=502337"}],"wp:term":[{"taxonomy":"category","embeddable":true,"href":"https:\/\/www.europesays.com\/fr\/wp-json\/wp\/v2\/categories?post=502337"},{"taxonomy":"post_tag","embeddable":true,"href":"https:\/\/www.europesays.com\/fr\/wp-json\/wp\/v2\/tags?post=502337"}],"curies":[{"name":"wp","href":"https:\/\/api.w.org\/{rel}","templated":true}]}}