{"id":502338,"date":"2025-10-31T13:51:12","date_gmt":"2025-10-31T13:51:12","guid":{"rendered":"https:\/\/www.europesays.com\/fr\/502338\/"},"modified":"2025-10-31T13:51:12","modified_gmt":"2025-10-31T13:51:12","slug":"cyclo-cross-cyclo-cross-championnat-deurope-la-selection-de-lequipe-de-france-pour-les-europe","status":"publish","type":"post","link":"https:\/\/www.europesays.com\/fr\/502338\/","title":{"rendered":"Cyclo-cross. Cyclo-cross. Championnat d&rsquo;Europe &#8211; La s\u00e9lection de l&rsquo;\u00e9quipe de France pour les Europe"},"content":{"rendered":"<p>La <strong><a href=\"https:\/\/velo.ffc.fr\/championnats-europe-cyclo-cross-selections-france\/\" target=\"_blank\" rel=\"noopener\">F\u00e9d\u00e9ration Fran\u00e7aise de Cyclisme<\/a><\/strong>\u00a0a attribu\u00e9 ses pr\u00e9cieux s\u00e9sames pour les <strong>Championnats d&rsquo;Europe<\/strong> de cyclo-cross \u00e0 Middelkerke en Belgique, du 7 au 9 novembre 2025. Sa s\u00e9lection a fi\u00e8re allure. Les t\u00eates d&rsquo;affiche seront <strong><a href=\"https:\/\/www.cyclismactu.net\/..\/news-championnats-du-monde-route-celia-gery-sacree-championne-du-monde-espoirs-kigali-90310.html\" target=\"_blank\" rel=\"noopener\">C\u00e9lia Ger<\/a><a href=\"https:\/\/www.cyclismactu.net\/..\/news-championnats-du-monde-route-celia-gery-sacree-championne-du-monde-espoirs-kigali-90310.html\" target=\"_blank\" rel=\"noopener\">y<\/a><\/strong> licenci\u00e9e chez <strong>AS Bike Racing \/ France Literie<\/strong> et <strong><a href=\"https:\/\/www.cyclismactu.net\/..\/news-tour-d-alsace-route-aubin-sparfel-s-est-offert-5e-etape-markel-beloki-general-89428.html\" target=\"_blank\" rel=\"noopener\">Aubin Sparfel <\/a><\/strong>pensionnaire de la <strong>Decathlon AG2R La Mondiale Development<\/strong>. Ce beau monde sera emmen\u00e9 par <strong>Fran\u00e7ois Trarieux<\/strong>, cadre technique national.\u00a0<\/p>\n<p>Vid\u00e9o &#8211; Bruy\u00e8re Joumard v\u00eatu d&rsquo;argent \u00e0 Li\u00e9vin Lire la suite de l&rsquo;article&#13;<\/p>\n<p style=\"text-align: justify;\">\u00a0<\/p>\n<p>&#13;<br \/>\nUne s\u00e9lection ambitieuse&#13;<\/p>\n<p>Nos deux t\u00eates d&rsquo;affiche nous ont \u00e9bloui lors week-end d&rsquo;ouverture de la <strong><a href=\"https:\/\/www.cyclismactu.net\/..\/news-coupe-de-france-cyclo-cross-bis-repetita-gery-et-sparfel-de-nouveau-vainqueurs-albi-90763.html\" target=\"_blank\" rel=\"noopener\">Coupe de France<\/a><\/strong>,\u00a0\u00e0 Albi, avec deux suc\u00e8s en autant de courses et s&rsquo;aligneront, sur la course des <strong>U23<\/strong>. Les espoirs ne s&rsquo;arr\u00eatent pas l\u00e0. Les chances de m\u00e9dailles demeurent dans toutes les cat\u00e9gories d&rsquo;\u00e2ge. Chez les \u00e9lites dames, <strong>Amandine Fouquenet<\/strong>\u00a0(Arkea-B&amp;B Hotel Women) et <strong>H\u00e9l\u00e8ne Clauzel<\/strong>\u00a0(UVCA Troyes) peuvent ambitonner de tr\u00e8s belles choses. Chez les <strong>U19<\/strong>, <strong>Soren Bruy\u00e8re Joumard<\/strong>, vice <strong>champion du Monde junior<\/strong> et futur coureur de la <strong>Decathlon AG2R La Mondiale NewGen <\/strong>vise le plus beau m\u00e9tal. Chez les dames, <strong>Lucie Elizalde<\/strong> et <strong>Laly Pichon<\/strong> peuvent jouer les troubles faites. Ces jeunes loups seront emmen\u00e9s par le capitaine de route, <strong>David Menut<\/strong>, 33 ans (AS Bike Racing \/ France Literie), d\u00e9j\u00e0 6e l&rsquo;an pass\u00e9 et pr\u00e9cieux par ses conseils.<\/p>\n<p>&#13;<\/p>\n<p>A noter les absences de <strong><a href=\"https:\/\/www.cyclismactu.net\/..\/news-cyclo-cross-wout-van-aert-de-retour-l-entrainement-et-bientot-en-course-90788.html\" target=\"_blank\" rel=\"noopener\">Wout Van Aert<\/a> <\/strong>(Visma | Lease a Bike)\u00a0et <strong><a href=\"https:\/\/www.cyclismactu.net\/..\/news-coupe-du-monde-cyclo-cross-mathieu-van-der-poel-amusant-de-courir-en-france-85658.html\" target=\"_blank\" rel=\"noopener\">Mathieu Van der Poel<\/a> <\/strong>(Alpecin-Deceuninck)\u00a0pour la course \u00e9lite.<\/p>\n","protected":false},"excerpt":{"rendered":"La F\u00e9d\u00e9ration Fran\u00e7aise de Cyclisme\u00a0a attribu\u00e9 ses pr\u00e9cieux s\u00e9sames pour les Championnats d&rsquo;Europe de cyclo-cross \u00e0 Middelkerke en&hellip;\n","protected":false},"author":2,"featured_media":502339,"comment_status":"","ping_status":"","sticky":false,"template":"","format":"standard","meta":{"footnotes":""},"categories":[1586],"tags":[11,62451,207,59294,1777,674,1011,27,12,25,208],"class_list":{"0":"post-502338","1":"post","2":"type-post","3":"status-publish","4":"format-standard","5":"has-post-thumbnail","7":"category-europe","8":"tag-actualites","9":"tag-championnat-d","10":"tag-cyclisme","11":"tag-cyclo-cross","12":"tag-eu","13":"tag-europe","14":"tag-fr","15":"tag-france","16":"tag-news","17":"tag-republique-francaise","18":"tag-velo"},"share_on_mastodon":{"url":"https:\/\/pubeurope.com\/@fr\/115469109436080540","error":""},"_links":{"self":[{"href":"https:\/\/www.europesays.com\/fr\/wp-json\/wp\/v2\/posts\/502338","targetHints":{"allow":["GET"]}}],"collection":[{"href":"https:\/\/www.europesays.com\/fr\/wp-json\/wp\/v2\/posts"}],"about":[{"href":"https:\/\/www.europesays.com\/fr\/wp-json\/wp\/v2\/types\/post"}],"author":[{"embeddable":true,"href":"https:\/\/www.europesays.com\/fr\/wp-json\/wp\/v2\/users\/2"}],"replies":[{"embeddable":true,"href":"https:\/\/www.europesays.com\/fr\/wp-json\/wp\/v2\/comments?post=502338"}],"version-history":[{"count":0,"href":"https:\/\/www.europesays.com\/fr\/wp-json\/wp\/v2\/posts\/502338\/revisions"}],"wp:featuredmedia":[{"embeddable":true,"href":"https:\/\/www.europesays.com\/fr\/wp-json\/wp\/v2\/media\/502339"}],"wp:attachment":[{"href":"https:\/\/www.europesays.com\/fr\/wp-json\/wp\/v2\/media?parent=502338"}],"wp:term":[{"taxonomy":"category","embeddable":true,"href":"https:\/\/www.europesays.com\/fr\/wp-json\/wp\/v2\/categories?post=502338"},{"taxonomy":"post_tag","embeddable":true,"href":"https:\/\/www.europesays.com\/fr\/wp-json\/wp\/v2\/tags?post=502338"}],"curies":[{"name":"wp","href":"https:\/\/api.w.org\/{rel}","templated":true}]}}