{"id":502340,"date":"2025-10-31T13:52:11","date_gmt":"2025-10-31T13:52:11","guid":{"rendered":"https:\/\/www.europesays.com\/fr\/502340\/"},"modified":"2025-10-31T13:52:11","modified_gmt":"2025-10-31T13:52:11","slug":"accord-ue-mercosur-letrange-forfait-demmanuel-macron","status":"publish","type":"post","link":"https:\/\/www.europesays.com\/fr\/502340\/","title":{"rendered":"Accord UE-Mercosur : l\u2019\u00e9trange forfait d\u2019Emmanuel Macron"},"content":{"rendered":"\n<p>Mais \u00e0 quoi joue Emmanuel Macron\u00a0? \u00c0 l\u2019issue d\u2019un Conseil europ\u00e9en \u00e0 Bruxelles ce jeudi 23 octobre, le chef de l\u2019\u00c9tat a salu\u00e9 l\u2019accord commercial entre l\u2019Union europ\u00e9enne et les pays du Mercosur\u00a0: \u00ab\u00a0Tout \u00e7a va dans le bon sens pour prot\u00e9ger les secteurs qui sont les plus expos\u00e9s et prot\u00e9ger les consommateurs europ\u00e9ens afin d&rsquo;avoir une juste concurrence\u00a0\u00bb, a-t-il lanc\u00e9, expliquant \u00eatre dans l\u2019attente de la \u00ab\u00a0finalisation\u00a0\u00bb du processus par la Commission europ\u00e9enne. Le m\u00eame pr\u00e9sident qui s\u2019\u00e9tait&#8230;<\/p>\n","protected":false},"excerpt":{"rendered":"Mais \u00e0 quoi joue Emmanuel Macron\u00a0? \u00c0 l\u2019issue d\u2019un Conseil europ\u00e9en \u00e0 Bruxelles ce jeudi 23 octobre, le&hellip;\n","protected":false},"author":2,"featured_media":502341,"comment_status":"","ping_status":"","sticky":false,"template":"","format":"standard","meta":{"footnotes":""},"categories":[1586],"tags":[62453,32274,11,327,1777,674,1779,1011,27,14,7715,21426,12,25,62452,1778,364],"class_list":{"0":"post-502340","1":"post","2":"type-post","3":"status-publish","4":"format-standard","5":"has-post-thumbnail","7":"category-europe","8":"tag-accord-libre-echange","9":"tag-accord-ue-mercosur","10":"tag-actualites","11":"tag-agriculture","12":"tag-eu","13":"tag-europe","14":"tag-european-union","15":"tag-fr","16":"tag-france","17":"tag-international","18":"tag-libre-echange","19":"tag-mercosur","20":"tag-news","21":"tag-republique-francaise","22":"tag-souverainete-alimentaire","23":"tag-ue","24":"tag-union-europeenne"},"share_on_mastodon":{"url":"https:\/\/pubeurope.com\/@fr\/115469113380944627","error":""},"_links":{"self":[{"href":"https:\/\/www.europesays.com\/fr\/wp-json\/wp\/v2\/posts\/502340","targetHints":{"allow":["GET"]}}],"collection":[{"href":"https:\/\/www.europesays.com\/fr\/wp-json\/wp\/v2\/posts"}],"about":[{"href":"https:\/\/www.europesays.com\/fr\/wp-json\/wp\/v2\/types\/post"}],"author":[{"embeddable":true,"href":"https:\/\/www.europesays.com\/fr\/wp-json\/wp\/v2\/users\/2"}],"replies":[{"embeddable":true,"href":"https:\/\/www.europesays.com\/fr\/wp-json\/wp\/v2\/comments?post=502340"}],"version-history":[{"count":0,"href":"https:\/\/www.europesays.com\/fr\/wp-json\/wp\/v2\/posts\/502340\/revisions"}],"wp:featuredmedia":[{"embeddable":true,"href":"https:\/\/www.europesays.com\/fr\/wp-json\/wp\/v2\/media\/502341"}],"wp:attachment":[{"href":"https:\/\/www.europesays.com\/fr\/wp-json\/wp\/v2\/media?parent=502340"}],"wp:term":[{"taxonomy":"category","embeddable":true,"href":"https:\/\/www.europesays.com\/fr\/wp-json\/wp\/v2\/categories?post=502340"},{"taxonomy":"post_tag","embeddable":true,"href":"https:\/\/www.europesays.com\/fr\/wp-json\/wp\/v2\/tags?post=502340"}],"curies":[{"name":"wp","href":"https:\/\/api.w.org\/{rel}","templated":true}]}}