{"id":502350,"date":"2025-10-31T13:58:18","date_gmt":"2025-10-31T13:58:18","guid":{"rendered":"https:\/\/www.europesays.com\/fr\/502350\/"},"modified":"2025-10-31T13:58:18","modified_gmt":"2025-10-31T13:58:18","slug":"rugby-vire-par-le-fcg-nicolas-nadau-rebondit-en-top-14","status":"publish","type":"post","link":"https:\/\/www.europesays.com\/fr\/502350\/","title":{"rendered":"Rugby. Vir\u00e9 par le FCG, Nicolas Nadau rebondit en Top 14"},"content":{"rendered":"<p>Il lui aura fallu moins d&rsquo;un mois pour rebondir. <a href=\"https:\/\/www.ledauphine.com\/sport\/2025\/10\/08\/fcg-c-est-termine-pour-nicolas-nadau-qui-quitte-le-club-avec-effet-immediat\" target=\"_blank\" rel=\"nofollow noopener\">Vir\u00e9 par le FCG<\/a> au d\u00e9but du mois d&rsquo;octobre, Nicolas Nadau devrait devenir le nouvel entra\u00eeneur de l&rsquo;attaque de Perpignan.<\/p>\n<p>Selon les informations du journal <a href=\"https:\/\/www.lequipe.fr\/Rugby\/Actualites\/Nicolas-nadau-va-rejoindre-le-staff-de-l-usap-toujours-en-discussions-avancees-avec-laurent-labit-pour-le-poste-de-manager\/1606093\" target=\"_blank\" rel=\"nofollow noopener\">L&rsquo;\u00c9quipe<\/a>, un accord entre l&rsquo;USAP et lui aurait \u00e9t\u00e9 trouv\u00e9. Il pourrait \u00eatre accompagn\u00e9 par Joe Worsley pour la d\u00e9fense. Mathieu Cidre et Nicolas Mas garderaient leurs pr\u00e9rogatives sur le jeu d&rsquo;avants.<\/p>\n<p>Dernier de Top 14, les Perpignanais sont en grande difficult\u00e9 et n&rsquo;ont toujours pas remport\u00e9 de matches ni m\u00eame pris le moindre point. Toujours selon le quotidien sportif, des discussions sont en cours avec Laurent Labit apr\u00e8s le d\u00e9part du manager Franck Az\u00e9ma act\u00e9 ce lundi.<\/p>\n","protected":false},"excerpt":{"rendered":"Il lui aura fallu moins d&rsquo;un mois pour rebondir. Vir\u00e9 par le FCG au d\u00e9but du mois d&rsquo;octobre,&hellip;\n","protected":false},"author":2,"featured_media":428602,"comment_status":"","ping_status":"","sticky":false,"template":"","format":"standard","meta":{"footnotes":""},"categories":[1416],"tags":[112,2727,1701,1011,27,329,2731,2732,108,2308,479,1468,517,60,478],"class_list":{"0":"post-502350","1":"post","2":"type-post","3":"status-publish","4":"format-standard","5":"has-post-thumbnail","7":"category-rugby","8":"tag-edition-grenoble-agglomeration","9":"tag-fcg-fc-grenoble-rugby","10":"tag-fil-info-sport","11":"tag-fr","12":"tag-france","13":"tag-france-monde","14":"tag-grenoble","15":"tag-grenoble-bassin","16":"tag-isere","17":"tag-pro-d2","18":"tag-rugby","19":"tag-rugby-football","20":"tag-sport","21":"tag-sports","22":"tag-top-14"},"share_on_mastodon":{"url":"https:\/\/pubeurope.com\/@fr\/115469137073340077","error":""},"_links":{"self":[{"href":"https:\/\/www.europesays.com\/fr\/wp-json\/wp\/v2\/posts\/502350","targetHints":{"allow":["GET"]}}],"collection":[{"href":"https:\/\/www.europesays.com\/fr\/wp-json\/wp\/v2\/posts"}],"about":[{"href":"https:\/\/www.europesays.com\/fr\/wp-json\/wp\/v2\/types\/post"}],"author":[{"embeddable":true,"href":"https:\/\/www.europesays.com\/fr\/wp-json\/wp\/v2\/users\/2"}],"replies":[{"embeddable":true,"href":"https:\/\/www.europesays.com\/fr\/wp-json\/wp\/v2\/comments?post=502350"}],"version-history":[{"count":0,"href":"https:\/\/www.europesays.com\/fr\/wp-json\/wp\/v2\/posts\/502350\/revisions"}],"wp:featuredmedia":[{"embeddable":true,"href":"https:\/\/www.europesays.com\/fr\/wp-json\/wp\/v2\/media\/428602"}],"wp:attachment":[{"href":"https:\/\/www.europesays.com\/fr\/wp-json\/wp\/v2\/media?parent=502350"}],"wp:term":[{"taxonomy":"category","embeddable":true,"href":"https:\/\/www.europesays.com\/fr\/wp-json\/wp\/v2\/categories?post=502350"},{"taxonomy":"post_tag","embeddable":true,"href":"https:\/\/www.europesays.com\/fr\/wp-json\/wp\/v2\/tags?post=502350"}],"curies":[{"name":"wp","href":"https:\/\/api.w.org\/{rel}","templated":true}]}}