{"id":502351,"date":"2025-10-31T13:59:10","date_gmt":"2025-10-31T13:59:10","guid":{"rendered":"https:\/\/www.europesays.com\/fr\/502351\/"},"modified":"2025-10-31T13:59:10","modified_gmt":"2025-10-31T13:59:10","slug":"atp-connors-sur-la-decision-controversee-de-sinner-je-gagnais-1-200-dollars-et-non-5-millions","status":"publish","type":"post","link":"https:\/\/www.europesays.com\/fr\/502351\/","title":{"rendered":"ATP > Connors, sur la d\u00e9cision controvers\u00e9e de Sinner : \u00ab\u00a0Je gagnais 1 200 dollars, et non 5 millions\u00a0\u00bb"},"content":{"rendered":"<p>La d\u00e9ci\u00adsion de Jannik Sinner de ne parti\u00adciper aux phases finales de la Coupe Davis, qui auront lieu du 18 au 23 novembre \u00e0 Bologne, en Italie,\u00a0<a href=\"https:\/\/www.welovetennis.fr\/atp\/le-delire-autour-de-sinner-va-tres-loin-nous-demandons-le-retrait-de-tous-les-honneurs-et-distinctions-qui-lui-ont-ete-accordes-sa-decision-est-un-affront-a-litalie-au-peuple-italien-et-a-des\" data-wpel-link=\"internal\" target=\"_blank\" rel=\"noopener\">a suscit\u00e9 de nombreuses et parfois tr\u00e8s vives critiques<\/a>.<\/p>\n<p>Lors du dernier \u00e9pisode de son podcast, dont les propos sont relay\u00e9s par <a href=\"https:\/\/www.sportskeeda.com\/tennis\/news-i-made-1200-bucks-5-million-jimmy-connors-makes-feelings-known-jannik-sinner-s-controversial-davis-cup-withdrawal-personal-anecdote\" data-wpel-link=\"external\" target=\"_blank\" rel=\"nofollow external noopener\">Sportskeeda<\/a>, l\u2019an\u00adcien num\u00e9ro 1 mondial, Jimmy Connors, a plut\u00f4t pris la d\u00e9fense de l\u2019Italien, en \u00e9voquant notam\u00adment son parcours personnel.\u00a0<\/p>\n<p><strong>\u00ab\u202fIl pour\u00adrait conti\u00adnuer et gagner quatre ou cinq Coupe Davis d\u2019af\u00adfil\u00e9e, mais s\u2019il ne jouait pas la fois suivante, on lui ferait quand m\u00eame des reproches. Nous en avons d\u00e9j\u00e0 parl\u00e9. L\u2019ann\u00e9e est d\u00e9j\u00e0 longue, et on continue d\u2019ajouter des tour\u00adnois (\u2026) Je d\u00e9teste revenir sans cesse l\u00e0\u2010dessus, mais \u00e0 l\u2019\u00e9poque, je devais subvenir aux besoins de ma famille. J\u2019ai d\u00e9but\u00e9 \u00e0 une \u00e9poque o\u00f9, lorsque je rempor\u00adtais un tournoi, je gagnais 1 200 dollars, et non 5 millions. J\u2019ai d\u00e9but\u00e9 \u00e0 une autre \u00e9poque, o\u00f9 l\u2019on devait jouer jusqu\u2019\u00e0 ce qu\u2019on appelle le \u2018burnout\u2019. Je n\u2019ai jamais voulu en arriver l\u00e0, car j\u2019ai toujours voulu donner le meilleur de moi\u2010m\u00eame.\u202f\u00bb<\/strong><\/p>\n<p class=\"post-published-date\" style=\"color: silver; font-size: 75%; text-align: left;\">Publi\u00e9 le vendredi 31 octobre 2025 \u00e0 13:48<\/p>\n","protected":false},"excerpt":{"rendered":"La d\u00e9ci\u00adsion de Jannik Sinner de ne parti\u00adciper aux phases finales de la Coupe Davis, qui auront lieu&hellip;\n","protected":false},"author":2,"featured_media":305067,"comment_status":"","ping_status":"","sticky":false,"template":"","format":"standard","meta":{"footnotes":""},"categories":[1415],"tags":[11582,1011,27,2127,60,1467],"class_list":{"0":"post-502351","1":"post","2":"type-post","3":"status-publish","4":"format-standard","5":"has-post-thumbnail","7":"category-tennis","8":"tag-connors","9":"tag-fr","10":"tag-france","11":"tag-sinner","12":"tag-sports","13":"tag-tennis"},"share_on_mastodon":{"url":"https:\/\/pubeurope.com\/@fr\/115469140835881182","error":""},"_links":{"self":[{"href":"https:\/\/www.europesays.com\/fr\/wp-json\/wp\/v2\/posts\/502351","targetHints":{"allow":["GET"]}}],"collection":[{"href":"https:\/\/www.europesays.com\/fr\/wp-json\/wp\/v2\/posts"}],"about":[{"href":"https:\/\/www.europesays.com\/fr\/wp-json\/wp\/v2\/types\/post"}],"author":[{"embeddable":true,"href":"https:\/\/www.europesays.com\/fr\/wp-json\/wp\/v2\/users\/2"}],"replies":[{"embeddable":true,"href":"https:\/\/www.europesays.com\/fr\/wp-json\/wp\/v2\/comments?post=502351"}],"version-history":[{"count":0,"href":"https:\/\/www.europesays.com\/fr\/wp-json\/wp\/v2\/posts\/502351\/revisions"}],"wp:featuredmedia":[{"embeddable":true,"href":"https:\/\/www.europesays.com\/fr\/wp-json\/wp\/v2\/media\/305067"}],"wp:attachment":[{"href":"https:\/\/www.europesays.com\/fr\/wp-json\/wp\/v2\/media?parent=502351"}],"wp:term":[{"taxonomy":"category","embeddable":true,"href":"https:\/\/www.europesays.com\/fr\/wp-json\/wp\/v2\/categories?post=502351"},{"taxonomy":"post_tag","embeddable":true,"href":"https:\/\/www.europesays.com\/fr\/wp-json\/wp\/v2\/tags?post=502351"}],"curies":[{"name":"wp","href":"https:\/\/api.w.org\/{rel}","templated":true}]}}