{"id":502359,"date":"2025-10-31T14:08:15","date_gmt":"2025-10-31T14:08:15","guid":{"rendered":"https:\/\/www.europesays.com\/fr\/502359\/"},"modified":"2025-10-31T14:08:15","modified_gmt":"2025-10-31T14:08:15","slug":"entretien-avec-un-vampire-au-top-legacies-a-la-cave","status":"publish","type":"post","link":"https:\/\/www.europesays.com\/fr\/502359\/","title":{"rendered":"Entretien avec un vampire au top, Legacies \u00e0 la cave"},"content":{"rendered":"<p>    Jacob Anderson, Sarah Michelle Gellar et Bailey Bass.<br \/>\n                AMC+ \/ Mutant Enemy Productions \/ The WB.<\/p>\n<p>\n    R\u00e9centes ou r\u00e9tros, anim\u00e9es ou en live action, les fictions vampiriques ne passent jamais de mode. Coups de c\u0153ur et coups de pieux du\u00a0Figaro &#8211; TV Magazine.<\/p>\n<p>19\/20\u00a0: Entretien avec un vampire (Paramount+)<\/p>\n<p class=\"fig-paragraph\">\u00ab\u200aDepuis combien de temps \u00eates-vous mort\u00a0?\u00bb, lance le journaliste Daniel Molloy \u00e0 Louis de Pointe du Lac. Apr\u00e8s le film de 1994 port\u00e9 par Brad Pitt, Tom Cruise et Kirsten Dunst, une seconde adaptation de l\u2019\u0153uvre sign\u00e9e Anne Rice semble redondante. Pourtant, AMC propose une revisite en profondeur de ses romans, d\u00e9clinant l\u2019histoire de ses vampires sans mettre en sourdine les th\u00e8mes les plus difficiles qu\u2019elle aborde. Jacob Anderson (Game of Thrones) appara\u00eet sous les traits d\u2019un Louis de Pointe du Lac cr\u00e9ole, donnant la r\u00e9plique au Lestat de Lioncourt d\u00e9sinhib\u00e9 de Sam Reid (The Newspaper). Les deux hommes livrent des performances d\u00e9chirantes, mettant en lumi\u00e8re les rapports difficiles \u00e0 l\u2019\u00e9ternit\u00e9, l\u2019amour, la sexualit\u00e9, la violence et la religion de leurs personnages. La jeune Claudia, jou\u00e9e par Bailey Bass et Delainey Hayes successivement, n\u2019est pas en reste. La s\u00e9rie peut se targuer de ne pas souffrir de ce changement de com\u00e9dienne entre deux saisons. Leurs interpr\u00e9tations se confondent\u2026<\/p>\n<p class=\"fig-premium-paywall__infos\">\n        Cet article est r\u00e9serv\u00e9 aux abonn\u00e9s.        Il vous reste 83% \u00e0 d\u00e9couvrir.\n    <\/p>\n<p>                <img  data- alt=\"Le Figaro\" class=\"fig-img--complete fig-img\"\/><\/p>\n<p class=\"fig-premium-paywall__title\">Vous avez envie de lire la suite ?<\/p>\n<p class=\"fig-premium-paywall__subtitle\">D\u00e9bloquez tous les articles imm\u00e9diatement.<\/p>\n<p class=\"fig-premium-paywall__connect\">\n                D\u00e9j\u00e0 abonn\u00e9\u00a0?                <a class=\"fig-premium-paywall__connect-link\" href=\"https:\/\/connect.lefigaro.fr\/login?client=tvmag_web&amp;type=main&amp;redirect_uri=https%3A%2F%2Ftvmag.lefigaro.fr%2Fprogramme-tv%2Fseries%2Fcarnet-de-notes-des-series-de-vampires-entretien-avec-un-vampire-au-top-legacies-a-la-cave-20251031\" data-js-gtm=\"{&quot;customCategorie&quot;: &quot;conversion&quot;, &quot;customAction&quot;: &quot;before_Landing_Connexion_paywall_auto&quot;, &quot;customLabel&quot;: &quot;dHZtYWcubGVmaWdhcm8uZnJfXzFmMDlkZmYxLTgzMTAtNjBmZS05ZDhmLTM1MWU0YzM5ZDJlMl9fQXJ0aWNsZQ==_Le carnet de notes des s\u00e9ries \u00e0 voir pour Halloween\u00a0:&lt;i&gt; Entretien avec un vampire &lt;\/i&gt;au top, &lt;i&gt;Legacies &lt;\/i&gt;\u00e0 la cave&lt;i&gt; &lt;\/i&gt;_1000&quot;, &quot;customIDSPE&quot;: &quot;dHZtYWcubGVmaWdhcm8uZnJfXzFmMDlkZmYxLTgzMTAtNjBmZS05ZDhmLTM1MWU0YzM5ZDJlMl9fQXJ0aWNsZQ==&quot;, &quot;event&quot;: &quot;customEventSPE&quot;}\" target=\"_blank\" rel=\"noopener\"><br \/>\n                    Connectez-vous<br \/>\n                <\/a>\n            <\/p>\n","protected":false},"excerpt":{"rendered":"Jacob Anderson, Sarah Michelle Gellar et Bailey Bass. AMC+ \/ Mutant Enemy Productions \/ The WB. R\u00e9centes ou&hellip;\n","protected":false},"author":2,"featured_media":502360,"comment_status":"","ping_status":"","sticky":false,"template":"","format":"standard","meta":{"footnotes":""},"categories":[1356],"tags":[58,59,1011,27,5547,127,1314,252,1364],"class_list":{"0":"post-502359","1":"post","2":"type-post","3":"status-publish","4":"format-standard","5":"has-post-thumbnail","7":"category-television","8":"tag-divertissement","9":"tag-entertainment","10":"tag-fr","11":"tag-france","12":"tag-hbo","13":"tag-netflix","14":"tag-series","15":"tag-television","16":"tag-tv"},"share_on_mastodon":{"url":"https:\/\/pubeurope.com\/@fr\/115469176385716316","error":""},"_links":{"self":[{"href":"https:\/\/www.europesays.com\/fr\/wp-json\/wp\/v2\/posts\/502359","targetHints":{"allow":["GET"]}}],"collection":[{"href":"https:\/\/www.europesays.com\/fr\/wp-json\/wp\/v2\/posts"}],"about":[{"href":"https:\/\/www.europesays.com\/fr\/wp-json\/wp\/v2\/types\/post"}],"author":[{"embeddable":true,"href":"https:\/\/www.europesays.com\/fr\/wp-json\/wp\/v2\/users\/2"}],"replies":[{"embeddable":true,"href":"https:\/\/www.europesays.com\/fr\/wp-json\/wp\/v2\/comments?post=502359"}],"version-history":[{"count":0,"href":"https:\/\/www.europesays.com\/fr\/wp-json\/wp\/v2\/posts\/502359\/revisions"}],"wp:featuredmedia":[{"embeddable":true,"href":"https:\/\/www.europesays.com\/fr\/wp-json\/wp\/v2\/media\/502360"}],"wp:attachment":[{"href":"https:\/\/www.europesays.com\/fr\/wp-json\/wp\/v2\/media?parent=502359"}],"wp:term":[{"taxonomy":"category","embeddable":true,"href":"https:\/\/www.europesays.com\/fr\/wp-json\/wp\/v2\/categories?post=502359"},{"taxonomy":"post_tag","embeddable":true,"href":"https:\/\/www.europesays.com\/fr\/wp-json\/wp\/v2\/tags?post=502359"}],"curies":[{"name":"wp","href":"https:\/\/api.w.org\/{rel}","templated":true}]}}