{"id":502383,"date":"2025-10-31T14:21:10","date_gmt":"2025-10-31T14:21:10","guid":{"rendered":"https:\/\/www.europesays.com\/fr\/502383\/"},"modified":"2025-10-31T14:21:10","modified_gmt":"2025-10-31T14:21:10","slug":"ces-bretelles-seront-fermees-plusieurs-soirs-a-partir-de-lundi","status":"publish","type":"post","link":"https:\/\/www.europesays.com\/fr\/502383\/","title":{"rendered":"ces bretelles seront ferm\u00e9es plusieurs soirs \u00e0\u00a0partir\u00a0de\u00a0lundi"},"content":{"rendered":"<p>            Par<br \/>\n        <strong><br \/>\n            <a href=\"https:\/\/actu.fr\/auteur\/redaction-lorraine\" title=\"Consulter tous les articles de R\u00e9daction Lorraine\" target=\"_blank\" rel=\"noopener\">R\u00e9daction Lorraine<\/a><br \/>\n        <\/strong><\/p>\n<p>        Publi\u00e9 le<\/p>\n<p>            31 oct. 2025 \u00e0 14h18<br \/>\n        ; mis \u00e0 jour le 31 oct. 2025 \u00e0 14h19    <\/p>\n<p>Depuis mai dernier, la <strong>DIR Est<\/strong> a d\u00e9but\u00e9 des <a href=\"https:\/\/actu.fr\/tag\/travaux\" target=\"_blank\" rel=\"noopener\">travaux<\/a> de mise aux normes des barri\u00e8res de s\u00e9curit\u00e9 du <strong>viaduc de Frouard<\/strong> sur l\u2019<a href=\"https:\/\/actu.fr\/tag\/autoroute-31-a31\" target=\"_blank\" rel=\"noopener\">autoroute A31<\/a>, au nord de Nancy (<a href=\"https:\/\/actu.fr\/grand-est\/meurthe-et-moselle_54\" target=\"_blank\" rel=\"noopener\">Meurthe-et-Moselle<\/a>).<\/p>\n<p class=\" wall-content\">Sir les voies neutralis\u00e9es seront r\u00e9ouvertes en novembre, les travaux se poursuivent. \u00c0 partir de lundi et pour plusieurs soirs, des bretelles seront ferm\u00e9es et la <a href=\"https:\/\/actu.fr\/tag\/circulation\" target=\"_blank\" rel=\"noopener\">circulation<\/a> impact\u00e9e.<\/p>\n<p>Des bretelles ferm\u00e9es de nuit sur l\u2019A31<\/p>\n<p class=\" wall-content\">Suite \u00e0 cette premi\u00e8re phase des travaux, le <strong>balisage<\/strong> sera d\u00e9pos\u00e9 mais entra\u00eenera des <strong>perturbations,\u00a0<\/strong>notamment au niveau de Bouxi\u00e8res-aux-Dames.<\/p>\n<ul class=\" wall-content\">\n<li>Durant deux nuits du lundi 3 au mercredi 5 novembre (entre 21h et 6h) :<br \/>\u2013 <strong>neutralisation<\/strong> de la voie de droite et de la voie m\u00e9diane du sens Metz-Nancy<br \/>\u2013 <strong>fermeture de la bretelle d\u2019entr\u00e9e 23 et de la bretelle de sortie 22 <\/strong>du sens Metz-Nancy<\/li>\n<li>Durant deux nuits du mercredi 5 au vendredi 7 novembre (entre 21h et 6h) :<br \/>\u2013 <strong>basculement de la circulation<\/strong>\u00a0du sens Nancy-Metz sur le sens Metz-Nancy\u00a0<br \/>\u2013 <strong>fermeture de la bretelle d\u2019entr\u00e9e 22 et de la bretelle de sortie 23 <\/strong>du sens Nancy-Metz durant ces deux nuits.<\/li>\n<\/ul>\n<p class=\" wall-content\">Des d\u00e9viations seront mises en place.<\/p>\n<p class=\" wall-content\"><strong>Par Elyse Jacquemart<\/strong><\/p>\n<p class=\" wall-content\">Personnalisez votre actualit\u00e9 en ajoutant vos villes et m\u00e9dias en favori avec <a href=\"https:\/\/moncompte.actu.fr\" title=\"D\u00e9couvez Mon Actu\" rel=\"nofollow noopener\" data-trk=\"{&quot;cta&quot;:{&quot;action&quot;:&quot;https:\\\/\\\/moncompte.actu.fr&quot;,&quot;category&quot;:&quot;mon compte&quot;,&quot;from&quot;:&quot;article footer&quot;,&quot;name&quot;:&quot;Mon actu&quot;,&quot;type&quot;:&quot;cta&quot;}}\" target=\"_blank\">Mon Actu<\/a>.<\/p>\n","protected":false},"excerpt":{"rendered":"Par R\u00e9daction Lorraine Publi\u00e9 le 31 oct. 2025 \u00e0 14h18 ; mis \u00e0 jour le 31 oct. 2025&hellip;\n","protected":false},"author":2,"featured_media":502384,"comment_status":"","ping_status":"","sticky":false,"template":"","format":"standard","meta":{"footnotes":""},"categories":[9635],"tags":[1111,11,13404,3542,1777,674,1011,27,775,1702,12,25,104,2086],"class_list":{"0":"post-502383","1":"post","2":"type-post","3":"status-publish","4":"format-standard","5":"has-post-thumbnail","7":"category-nancy","8":"tag-actu","9":"tag-actualites","10":"tag-autoroute-31-a31","11":"tag-circulation","12":"tag-eu","13":"tag-europe","14":"tag-fr","15":"tag-france","16":"tag-grand-est","17":"tag-nancy","18":"tag-news","19":"tag-republique-francaise","20":"tag-societe","21":"tag-travaux"},"share_on_mastodon":{"url":"https:\/\/pubeurope.com\/@fr\/115469227542892231","error":""},"_links":{"self":[{"href":"https:\/\/www.europesays.com\/fr\/wp-json\/wp\/v2\/posts\/502383","targetHints":{"allow":["GET"]}}],"collection":[{"href":"https:\/\/www.europesays.com\/fr\/wp-json\/wp\/v2\/posts"}],"about":[{"href":"https:\/\/www.europesays.com\/fr\/wp-json\/wp\/v2\/types\/post"}],"author":[{"embeddable":true,"href":"https:\/\/www.europesays.com\/fr\/wp-json\/wp\/v2\/users\/2"}],"replies":[{"embeddable":true,"href":"https:\/\/www.europesays.com\/fr\/wp-json\/wp\/v2\/comments?post=502383"}],"version-history":[{"count":0,"href":"https:\/\/www.europesays.com\/fr\/wp-json\/wp\/v2\/posts\/502383\/revisions"}],"wp:featuredmedia":[{"embeddable":true,"href":"https:\/\/www.europesays.com\/fr\/wp-json\/wp\/v2\/media\/502384"}],"wp:attachment":[{"href":"https:\/\/www.europesays.com\/fr\/wp-json\/wp\/v2\/media?parent=502383"}],"wp:term":[{"taxonomy":"category","embeddable":true,"href":"https:\/\/www.europesays.com\/fr\/wp-json\/wp\/v2\/categories?post=502383"},{"taxonomy":"post_tag","embeddable":true,"href":"https:\/\/www.europesays.com\/fr\/wp-json\/wp\/v2\/tags?post=502383"}],"curies":[{"name":"wp","href":"https:\/\/api.w.org\/{rel}","templated":true}]}}