{"id":50239,"date":"2025-04-24T22:21:13","date_gmt":"2025-04-24T22:21:13","guid":{"rendered":"https:\/\/www.europesays.com\/fr\/50239\/"},"modified":"2025-04-24T22:21:13","modified_gmt":"2025-04-24T22:21:13","slug":"des-casquettes-trump-2028-mises-en-vente-sur-la-boutique-en-ligne-de-donald-trump","status":"publish","type":"post","link":"https:\/\/www.europesays.com\/fr\/50239\/","title":{"rendered":"Des casquettes \u00ab\u00a0Trump 2028\u00a0\u00bb mises en vente sur la boutique en ligne de Donald Trump"},"content":{"rendered":"<p>La campagne pour\u00a02028 semble d\u00e9j\u00e0 lanc\u00e9e\u2026 du moins dans les rayons de la <a href=\"https:\/\/www.trumpstore.com\/product\/trump-2028-hat\/\" rel=\"nofollow noopener\" target=\"_blank\" class=\"color-ultramarine c-link\">boutique officielle de Donald Trump<\/a>. Alors que le 22e amendement de la Constitution am\u00e9ricaine interdit formellement \u00e0 un pr\u00e9sident d\u2019\u00eatre \u00e9lu plus de deux fois, <a href=\"https:\/\/www.20minutes.fr\/dossier\/donald_trump\" target=\"_blank\" class=\"color-ultramarine c-link\" rel=\"nofollow noopener\">Donald Trump<\/a>, actuellement dans son second mandat, commercialise d\u00e9sormais des casquettes rouges floqu\u00e9es \u00ab\u00a0Trump 2028\u00a0\u00bb pour 50 dollars, comme l\u2019indique <a href=\"https:\/\/www.newsweek.com\/trump-store-now-selling-trump-2028-hats-2063775\" rel=\"nofollow noopener\" target=\"_blank\" class=\"color-ultramarine c-link\">Newsweek<\/a>.<\/p>\n<p>Une photo diffus\u00e9e sur l\u2019un des comptes X du pr\u00e9sident montre son fils Eric portant fi\u00e8rement cet accessoire, qui suscite autant de ventes que de d\u00e9bats. A 78 ans, Donald Trump semble d\u00e9termin\u00e9 \u00e0 faire fi des limites l\u00e9gales. \u00ab\u00a0Il y a des m\u00e9thodes pour faire \u00e7a\u00a0\u00bb, a-t-il affirm\u00e9 en mars \u00e0 <a href=\"https:\/\/www.20minutes.fr\/dossier\/nbc\" target=\"_blank\" class=\"color-ultramarine c-link\" rel=\"nofollow noopener\">NBC<\/a>, pr\u00e9cisant qu\u2019il n\u2019\u00e9tait \u00ab\u00a0pas en train de plaisanter\u00a0\u00bb \u00e0 propos d\u2019un troisi\u00e8me mandat. Parmi les sc\u00e9narios \u00e9voqu\u00e9s\u00a0: un ticket pr\u00e9sidentiel men\u00e9 par <a href=\"https:\/\/www.20minutes.fr\/monde\/vance\/\" target=\"_blank\" class=\"color-ultramarine c-link\" rel=\"nofollow noopener\">J.D. Vance<\/a> en\u00a02028 avec Donald Trump comme colistier, puis une d\u00e9mission strat\u00e9gique de J.D. Vance une fois \u00e9lu.<\/p>\n<p>Des ambitions vou\u00e9es \u00e0 l\u2019\u00e9chec<\/p>\n<p>Un plan qui semble pourtant vou\u00e9 \u00e0 l\u2019\u00e9chec au regard du <a href=\"https:\/\/www.20minutes.fr\/dossier\/constitution\" target=\"_blank\" class=\"color-ultramarine c-link\" rel=\"nofollow noopener\">12e amendement<\/a>, qui interdit \u00e0 toute personne in\u00e9ligible \u00e0 la pr\u00e9sidence de devenir vice-pr\u00e9sident. Cela n\u2019emp\u00eache pas Steve Bannon d\u2019annoncer qu\u2019une \u00ab\u00a0\u00e9quipe travaille sur un contournement du 22e amendement\u00a0\u00bb, sans en d\u00e9voiler les d\u00e9tails. Il sugg\u00e8re que l\u2019alternance entre les deux mandats de Donald Trump pourrait offrir une faille juridique.<\/p>\n<\/p>\n<p>Selon Newsweek, pr\u00e8s de la moiti\u00e9 des r\u00e9publicains s\u2019identifiant au mouvement <a href=\"https:\/\/www.20minutes.fr\/monde\/election-presidentielle-americaine\/4116541-20241018-dark-maga-fans-hardcore-donald-trump\" target=\"_blank\" class=\"color-ultramarine c-link\" rel=\"nofollow noopener\">MAGA<\/a> (Make America Great Again) estiment que Donald Trump est \u00e9ligible pour un troisi\u00e8me mandat, malgr\u00e9 l\u2019interdiction actuelle. Un sondage SurveyUSA indique que 49\u00a0% d\u2019entre eux soutiennent cette id\u00e9e, contre seulement 21\u00a0% des \u00e9lecteurs am\u00e9ricains au total.<\/p>\n<p>Pour un amendement constitutionnel<\/p>\n<p>En janvier, le repr\u00e9sentant r\u00e9publicain Andy Ogles a m\u00eame propos\u00e9 un amendement constitutionnel pour relever la limite \u00e0 trois mandats pr\u00e9sidentiels, \u00e0 condition qu\u2019ils ne soient pas cons\u00e9cutifs. Une r\u00e9forme presque impossible \u00e0 faire passer. En effet, elle n\u00e9cessiterait une majorit\u00e9 des deux tiers au <a href=\"https:\/\/www.20minutes.fr\/dossier\/congres\" target=\"_blank\" class=\"color-ultramarine c-link\" rel=\"nofollow noopener\">Congr\u00e8s<\/a>, suivie d\u2019une ratification par au moins 38 Etats sur 50. Un sc\u00e9nario qui para\u00eet hautement improbable quand on sait que <a href=\"https:\/\/www.20minutes.fr\/monde\/etats-unis\/4150085-20250424-droits-douane-trump-vise-offensive-judiciaire-douze-etats-democrates\" target=\"_blank\" class=\"color-ultramarine c-link\" rel=\"nofollow noopener\">12 Etats poursuivent Donald Trump en justice<\/a> au sujet des droits de douane.<\/p>\n<p><a href=\"https:\/\/www.20minutes.fr\/dossier\/donald_trump\" target=\"_blank\" class=\"c-link c-btn c-btn--primary\" rel=\"nofollow noopener\">Notre dossier sur Donald Trump<\/a><\/p>\n<p>Mais malgr\u00e9 tout cela, Donald Trump capitalise sur cette provocation pour galvaniser sa base, alors que sa cote de popularit\u00e9 s\u2019\u00e9rode. En effet, plusieurs sondages pointent une d\u00e9fiance croissante vis-\u00e0-vis de sa gestion du co\u00fbt de la vie et de sa politique commerciale chaotique.<\/p>\n","protected":false},"excerpt":{"rendered":"La campagne pour\u00a02028 semble d\u00e9j\u00e0 lanc\u00e9e\u2026 du moins dans les rayons de la boutique officielle de Donald Trump.&hellip;\n","protected":false},"author":2,"featured_media":50240,"comment_status":"","ping_status":"","sticky":false,"template":"","format":"standard","meta":{"footnotes":""},"categories":[5],"tags":[47,11,10514,76,75,5949,73,1011,27,14,79,13184,74,12,28],"class_list":{"0":"post-50239","1":"post","2":"type-post","3":"status-publish","4":"format-standard","5":"has-post-thumbnail","7":"category-international","8":"tag-actualite","9":"tag-actualites","10":"tag-congres-des-etats-unis","11":"tag-constitution","12":"tag-donald-trump","13":"tag-elections","14":"tag-etats-unis","15":"tag-fr","16":"tag-france","17":"tag-international","18":"tag-j-d-vance","19":"tag-mandat","20":"tag-monde","21":"tag-news","22":"tag-world"},"share_on_mastodon":{"url":"https:\/\/pubeurope.com\/@fr\/114395275819731359","error":""},"_links":{"self":[{"href":"https:\/\/www.europesays.com\/fr\/wp-json\/wp\/v2\/posts\/50239","targetHints":{"allow":["GET"]}}],"collection":[{"href":"https:\/\/www.europesays.com\/fr\/wp-json\/wp\/v2\/posts"}],"about":[{"href":"https:\/\/www.europesays.com\/fr\/wp-json\/wp\/v2\/types\/post"}],"author":[{"embeddable":true,"href":"https:\/\/www.europesays.com\/fr\/wp-json\/wp\/v2\/users\/2"}],"replies":[{"embeddable":true,"href":"https:\/\/www.europesays.com\/fr\/wp-json\/wp\/v2\/comments?post=50239"}],"version-history":[{"count":0,"href":"https:\/\/www.europesays.com\/fr\/wp-json\/wp\/v2\/posts\/50239\/revisions"}],"wp:featuredmedia":[{"embeddable":true,"href":"https:\/\/www.europesays.com\/fr\/wp-json\/wp\/v2\/media\/50240"}],"wp:attachment":[{"href":"https:\/\/www.europesays.com\/fr\/wp-json\/wp\/v2\/media?parent=50239"}],"wp:term":[{"taxonomy":"category","embeddable":true,"href":"https:\/\/www.europesays.com\/fr\/wp-json\/wp\/v2\/categories?post=50239"},{"taxonomy":"post_tag","embeddable":true,"href":"https:\/\/www.europesays.com\/fr\/wp-json\/wp\/v2\/tags?post=50239"}],"curies":[{"name":"wp","href":"https:\/\/api.w.org\/{rel}","templated":true}]}}