{"id":502396,"date":"2025-10-31T14:29:12","date_gmt":"2025-10-31T14:29:12","guid":{"rendered":"https:\/\/www.europesays.com\/fr\/502396\/"},"modified":"2025-10-31T14:29:12","modified_gmt":"2025-10-31T14:29:12","slug":"grenoble-vincent-malerba-dernier-survivant-iserois-des-camps-de-la-mort-nazis-est-decede","status":"publish","type":"post","link":"https:\/\/www.europesays.com\/fr\/502396\/","title":{"rendered":"Grenoble. Vincent Malerba, dernier survivant is\u00e9rois des camps de la mort nazis, est d\u00e9c\u00e9d\u00e9"},"content":{"rendered":"<p>            Par<br \/>\n        <strong><br \/>\n            <a href=\"https:\/\/actu.fr\/auteur\/lisa-rodrigues\" title=\"Consulter tous les articles de Lisa Rodrigues\" target=\"_blank\" rel=\"noopener\">Lisa Rodrigues<\/a><br \/>\n        <\/strong><\/p>\n<p>        Publi\u00e9 le<\/p>\n<p>            31 oct. 2025 \u00e0 11h00        <\/p>\n<p>Il \u00e9tait le dernier t\u00e9moin is\u00e9rois d\u2019une des plus sombres pages de l\u2019histoire moderne. <strong>Vincent Malerba<\/strong>, r\u00e9sistant \u00e0 <a href=\"https:\/\/actu.fr\/auvergne-rhone-alpes\/grenoble_38185\" target=\"_blank\" rel=\"noopener\">Grenoble<\/a> pendant la Seconde Guerre mondiale et d\u00e9port\u00e9 au camp de Buchenwald-Dora en 1943, est d\u00e9c\u00e9d\u00e9 \u00e0 100 ans.<\/p>\n<p class=\" wall-content\">N\u00e9 le 7 janvier 1925 dans la capitale des Alpes de parents immigr\u00e9s italiens, il n\u2019a cess\u00e9 de t\u00e9moigner ces derni\u00e8res ann\u00e9es des horreurs des camps nazis aupr\u00e8s du grand public.\u00a0<\/p>\n<p>\u00ab\u00a0Un grand homme\u00a0\u00bb<\/p>\n<p class=\" wall-content\">Dans un communiqu\u00e9, le maire \u00e9cologiste de Grenoble, <a href=\"https:\/\/actu.fr\/tag\/eric-piolle\" target=\"_blank\" rel=\"noopener\">\u00c9ric Piolle<\/a>, lui rend hommage.\u00a0<\/p>\n<blockquote class=\"ac-article-quote wall-content\">\n<p>C\u2019est un grand homme qui nous a quitt\u00e9, porteur d\u2019une m\u00e9moire, d\u2019un courage et d\u2019une r\u00e9silience immenses. Le 11 novembre 2023, \u00e0 l\u2019occasion des 80 ans de la rafle du 11 novembre 1943, j\u2019ai eu l\u2019honneur de remettre \u00e0 Vincent Malerba la m\u00e9daille d\u2019or de la Ville de Grenoble pour la grandeur de son parcours, sous les ovations nourries du public.<\/p>\n<p>    <strong>\u00c9ric Piolle<\/strong><br \/>\n        Maire de Grenoble    <\/p><\/blockquote>\n<p>    <img   decoding=\"async\" loading=\"lazy\" src=\"https:\/\/www.europesays.com\/fr\/wp-content\/uploads\/2025\/10\/1162059-vincent-malerba-960x640.jpg\" alt=\"Vincent Malerba, dernier survivant is\u00e9rois des camps nazis, est d\u00e9c\u00e9d\u00e9 \u00e0 100 ans. Il a re\u00e7u en 2023 la m\u00e9daille d'or de la Ville de Grenoble pour son engagement.\" width=\"960\" height=\"640\"\/><br \/>\n    Vincent Malerba, dernier survivant is\u00e9rois des camps nazis, est d\u00e9c\u00e9d\u00e9 \u00e0 100 ans. Il a re\u00e7u en 2023 la m\u00e9daille d\u2019or de la Ville de Grenoble pour son engagement. (\u00a9Document remis \u00e0 actu Grenoble \/ Sylvain Frappat \u2013 Ville de Grenoble)<\/p>\n<p class=\" wall-content\">Vincent Malerba n\u2019avait que 18 ans quand il a \u00e9t\u00e9 arr\u00eat\u00e9 <strong>pour avoir particip\u00e9 \u00e0 une manifestation interdite <\/strong>le 11 novembre 1943.<\/p>\n<p class=\" wall-content\">Sous le matricule 40 250, il a \u00e9t\u00e9 envoy\u00e9 en Allemagne, au camp de Buchenwald-Dora o\u00f9 ont notamment \u00e9t\u00e9 construits dans des tunnels les missiles V2 utilis\u00e9s par Hitler pour bombarder Londres.<\/p>\n<p>Votre r\u00e9gion, votre actu !<\/p>\n<p>Recevez chaque jour les infos qui comptent pour vous.<\/p>\n<p>\t<a href=\"https:\/\/actu.fr\/newsletter\" class=\"ac-btn ac-btn--corner ac-btn--medium ac-btn--blue800\" target=\"_blank\" rel=\"noopener\">S&rsquo;incrire<\/a><br \/>\nOfficier de la L\u00e9gion d\u2019honneur<\/p>\n<p class=\" wall-content\">Apr\u00e8s avoir \u00e9t\u00e9 lib\u00e9r\u00e9 le 1er mai 1945, Vincent Malerba est revenu \u00e0 Grenoble o\u00f9 il a travaill\u00e9 dans les \u00e9tablissements de chaudronnerie <a href=\"https:\/\/actu.fr\/auvergne-rhone-alpes\/grenoble_38185\/grenoble-ces-sites-de-la-ville-vont-etre-rebaptises-au-nom-de-femmes-ayant-marque-l-histoire_49277799.html\" target=\"_blank\" rel=\"noopener\">Bouchayer-Viallet<\/a>, puis \u00e0 l\u2019usine Merlin G\u00e9rin. Il s\u2019est mari\u00e9 \u00e0 la fin des ann\u00e9es 1940 et a fond\u00e9 une famille.<\/p>\n<p class=\" wall-content\">Reconnu comme un \u00ab\u00a0d\u00e9port\u00e9 et intern\u00e9 de la r\u00e9sistance\u00a0\u00bb (DIR), <strong>il a re\u00e7u de nombreuses distinctions<\/strong>, dont la L\u00e9gion d\u2019honneur en 1978 o\u00f9 il re\u00e7oit le grade d\u2019officier. Il est \u00e9galement cit\u00e9 \u00e0 l\u2019ordre de l\u2019arm\u00e9e et titulaire de la croix de guerre avec palme.<\/p>\n<p class=\" wall-content\">Personnalisez votre actualit\u00e9 en ajoutant vos villes et m\u00e9dias en favori avec <a href=\"https:\/\/moncompte.actu.fr\" title=\"D\u00e9couvez Mon Actu\" rel=\"nofollow noopener\" data-trk=\"{&quot;cta&quot;:{&quot;action&quot;:&quot;https:\\\/\\\/moncompte.actu.fr&quot;,&quot;category&quot;:&quot;mon compte&quot;,&quot;from&quot;:&quot;article footer&quot;,&quot;name&quot;:&quot;Mon actu&quot;,&quot;type&quot;:&quot;cta&quot;}}\" target=\"_blank\">Mon Actu<\/a>.<\/p>\n","protected":false},"excerpt":{"rendered":"Par Lisa Rodrigues Publi\u00e9 le 31 oct. 2025 \u00e0 11h00 Il \u00e9tait le dernier t\u00e9moin is\u00e9rois d\u2019une des&hellip;\n","protected":false},"author":2,"featured_media":502397,"comment_status":"","ping_status":"","sticky":false,"template":"","format":"standard","meta":{"footnotes":""},"categories":[9566],"tags":[1111,11,2430,4188,1777,674,1011,27,2731,937,12,316,25,935],"class_list":{"0":"post-502396","1":"post","2":"type-post","3":"status-publish","4":"format-standard","5":"has-post-thumbnail","7":"category-grenoble","8":"tag-actu","9":"tag-actualites","10":"tag-auvergne-rhone-alpes","11":"tag-elections-municipales","12":"tag-eu","13":"tag-europe","14":"tag-fr","15":"tag-france","16":"tag-grenoble","17":"tag-histoire","18":"tag-news","19":"tag-politique","20":"tag-republique-francaise","21":"tag-seconde-guerre-mondiale"},"share_on_mastodon":{"url":"https:\/\/pubeurope.com\/@fr\/115469258924369482","error":""},"_links":{"self":[{"href":"https:\/\/www.europesays.com\/fr\/wp-json\/wp\/v2\/posts\/502396","targetHints":{"allow":["GET"]}}],"collection":[{"href":"https:\/\/www.europesays.com\/fr\/wp-json\/wp\/v2\/posts"}],"about":[{"href":"https:\/\/www.europesays.com\/fr\/wp-json\/wp\/v2\/types\/post"}],"author":[{"embeddable":true,"href":"https:\/\/www.europesays.com\/fr\/wp-json\/wp\/v2\/users\/2"}],"replies":[{"embeddable":true,"href":"https:\/\/www.europesays.com\/fr\/wp-json\/wp\/v2\/comments?post=502396"}],"version-history":[{"count":0,"href":"https:\/\/www.europesays.com\/fr\/wp-json\/wp\/v2\/posts\/502396\/revisions"}],"wp:featuredmedia":[{"embeddable":true,"href":"https:\/\/www.europesays.com\/fr\/wp-json\/wp\/v2\/media\/502397"}],"wp:attachment":[{"href":"https:\/\/www.europesays.com\/fr\/wp-json\/wp\/v2\/media?parent=502396"}],"wp:term":[{"taxonomy":"category","embeddable":true,"href":"https:\/\/www.europesays.com\/fr\/wp-json\/wp\/v2\/categories?post=502396"},{"taxonomy":"post_tag","embeddable":true,"href":"https:\/\/www.europesays.com\/fr\/wp-json\/wp\/v2\/tags?post=502396"}],"curies":[{"name":"wp","href":"https:\/\/api.w.org\/{rel}","templated":true}]}}