{"id":502400,"date":"2025-10-31T14:31:21","date_gmt":"2025-10-31T14:31:21","guid":{"rendered":"https:\/\/www.europesays.com\/fr\/502400\/"},"modified":"2025-10-31T14:31:21","modified_gmt":"2025-10-31T14:31:21","slug":"vern-sur-seiche-le-maroc-mis-a-lhonneur-lors-de-latelier-cuisine","status":"publish","type":"post","link":"https:\/\/www.europesays.com\/fr\/502400\/","title":{"rendered":"Vern-sur-Seiche. Le Maroc mis \u00e0 l\u2019honneur lors de l\u2019atelier cuisine"},"content":{"rendered":"<p>Le centre des Marais propose une dizaine d\u2019ateliers cuisine par mois. Ils sont ouverts \u00e0 toute personne souhaitant partager un bon moment autour d\u2019un repas. Pour le centre, il y a plusieurs objectifs\u00a0: \u00a0Il s\u2019agit de r\u00e9aliser, de d\u00e9couvrir et d\u2019exp\u00e9rimenter des recettes de cuisine, mais aussi de partager des trucs et astuces autour des aliments et du d\u00e9veloppement durable.\u00a0<\/p>\n<p>L\u2019atelier cuisine de lundi dernier \u00e9tait anim\u00e9 par Soumia, la \u00a0cheffe\u00a0 marocaine du jour, b\u00e9n\u00e9vole au centre des Marais. En l\u2019espace d\u2019une matin\u00e9e, elle a donn\u00e9 les bases de plats \u00e0 concocter pour un menu 100\u00a0% marocain. \u00a0Je transmets ma passion et mon savoir-faire sur la cuisine marocaine que j\u2019aime, les notions de partage sont aussi essentielles dans ce type d\u2019activit\u00e9.\u00a0<\/p>\n<p>Les \u00e9pices marocaines sont l\u2019\u00e2me de la cuisine. Soumia en a d\u00e9livr\u00e9 leurs usages et leurs accords.<\/p>\n<p>Les participantes ont cuisin\u00e9 un \u00e9chantillon de salades en entr\u00e9e, des samoussas, et des petits fours \u00e0 la fourchette et au caramel pour le dessert. Un v\u00e9ritable voyage culinaire et l\u2019occasion d\u2019\u00e9changer et de partager ensuite autour d\u2019un bon repas.<\/p>\n<p>Le centre des Marais re\u00e7oit toutes propositions d\u2019atelier culinaire, et accompagne dans sa mise en place.<\/p>\n<p>\u00a0<\/p>\n","protected":false},"excerpt":{"rendered":"Le centre des Marais propose une dizaine d\u2019ateliers cuisine par mois. Ils sont ouverts \u00e0 toute personne souhaitant&hellip;\n","protected":false},"author":2,"featured_media":502401,"comment_status":"","ping_status":"","sticky":false,"template":"","format":"standard","meta":{"footnotes":""},"categories":[2821],"tags":[1111,11,4396,829,902,1777,674,1011,27,14472,7826,2223,18360,12,3086,584,25,9310],"class_list":{"0":"post-502400","1":"post","2":"type-post","3":"status-publish","4":"format-standard","5":"has-post-thumbnail","7":"category-rennes","8":"tag-actu","9":"tag-actualites","10":"tag-atelier","11":"tag-bretagne","12":"tag-cuisine","13":"tag-eu","14":"tag-europe","15":"tag-fr","16":"tag-france","17":"tag-honneur","18":"tag-lors","19":"tag-maroc","20":"tag-mis","21":"tag-news","22":"tag-redon","23":"tag-rennes","24":"tag-republique-francaise","25":"tag-vern-sur-seiche"},"share_on_mastodon":{"url":"https:\/\/pubeurope.com\/@fr\/115469266821079798","error":""},"_links":{"self":[{"href":"https:\/\/www.europesays.com\/fr\/wp-json\/wp\/v2\/posts\/502400","targetHints":{"allow":["GET"]}}],"collection":[{"href":"https:\/\/www.europesays.com\/fr\/wp-json\/wp\/v2\/posts"}],"about":[{"href":"https:\/\/www.europesays.com\/fr\/wp-json\/wp\/v2\/types\/post"}],"author":[{"embeddable":true,"href":"https:\/\/www.europesays.com\/fr\/wp-json\/wp\/v2\/users\/2"}],"replies":[{"embeddable":true,"href":"https:\/\/www.europesays.com\/fr\/wp-json\/wp\/v2\/comments?post=502400"}],"version-history":[{"count":0,"href":"https:\/\/www.europesays.com\/fr\/wp-json\/wp\/v2\/posts\/502400\/revisions"}],"wp:featuredmedia":[{"embeddable":true,"href":"https:\/\/www.europesays.com\/fr\/wp-json\/wp\/v2\/media\/502401"}],"wp:attachment":[{"href":"https:\/\/www.europesays.com\/fr\/wp-json\/wp\/v2\/media?parent=502400"}],"wp:term":[{"taxonomy":"category","embeddable":true,"href":"https:\/\/www.europesays.com\/fr\/wp-json\/wp\/v2\/categories?post=502400"},{"taxonomy":"post_tag","embeddable":true,"href":"https:\/\/www.europesays.com\/fr\/wp-json\/wp\/v2\/tags?post=502400"}],"curies":[{"name":"wp","href":"https:\/\/api.w.org\/{rel}","templated":true}]}}