{"id":502404,"date":"2025-10-31T14:33:10","date_gmt":"2025-10-31T14:33:10","guid":{"rendered":"https:\/\/www.europesays.com\/fr\/502404\/"},"modified":"2025-10-31T14:33:10","modified_gmt":"2025-10-31T14:33:10","slug":"apres-quatre-jours-de-greve-de-la-faim-la-solidarite-sorganise-autour-de-vanessa","status":"publish","type":"post","link":"https:\/\/www.europesays.com\/fr\/502404\/","title":{"rendered":"apr\u00e8s quatre jours de gr\u00e8ve de la faim, la solidarit\u00e9 s&rsquo;organise autour de Vanessa"},"content":{"rendered":"<p>            Par<br \/>\n        <strong><br \/>\n            <a href=\"https:\/\/actu.fr\/auteur\/thomas-blanc\" title=\"Consulter tous les articles de Thomas Blanc\" target=\"_blank\" rel=\"noopener\">Thomas Blanc<\/a><br \/>\n        <\/strong><\/p>\n<p>        Publi\u00e9 le<\/p>\n<p>            31 oct. 2025 \u00e0 14h49<br \/>\n        ; mis \u00e0 jour le 31 oct. 2025 \u00e0 14h50    <\/p>\n<p><a href=\"https:\/\/actu.fr\/grand-est\/strasbourg_67482\/video-admise-sur-liste-d-attente-vanessa-entame-une-greve-de-la-faim-jusqu-a-obtenir-un-poste-d-enseignante_63371760.html\" target=\"_blank\" rel=\"noopener\">Vanessa Koehler entame son quatri\u00e8me de gr\u00e8ve de la faim<\/a> devant le rectorat de l\u2019acad\u00e9mie de <a href=\"https:\/\/actu.fr\/strasbourg\/\" target=\"_blank\" rel=\"noopener\">Strasbourg<\/a>. Si son message n\u2019est pas encore entendu par la direction des services de l\u2019<a href=\"https:\/\/actu.fr\/tag\/education\" target=\"_blank\" rel=\"noopener\">\u00c9ducation<\/a> nationale, la soci\u00e9t\u00e9 civile semble, elle, <strong>prendre la mesure de l\u2019action de la jeune femme<\/strong>. Vanessa ne compte pas s\u2019arr\u00eater <strong>avant d\u2019\u00eatre recrut\u00e9e<\/strong> pour devenir enseignante.<\/p>\n<p>    <a href=\"https:\/\/www.google.com\/maps\/embed?pb=!1m18!1m12!1m3!1d4312.2651964373035!2d7.7401148290005!3d48.586453229459636!2m3!1f0!2f0!3f0!3m2!1i1024!2i768!4f13.1!3m3!1m2!1s0x4796c8578c593ae5%3A0x2a550b8ef14125e8!2sRectorat%20de%20l%27acad%C3%A9mie%20de%20Strasbourg!5e0!3m2!1sfr!2sfr!4v1761914325564!5m2!1sfr!2sfr\" title=\"Ouvrie le lien\" target=\"_blank\" rel=\"noopener\">Cliquez ici pour visualiser le contenu<\/a><\/p>\n<p>Quatri\u00e8me jour de gr\u00e8ve de la faim pour Vanessa qui \u00ab\u2009garde la forme\u2009\u00bb<\/p>\n<p class=\" wall-content\">Un kilogramme par jour, <strong>c\u2019est le poids que perd<\/strong> Vanessa Koehler dans ces premiers moments de gr\u00e8ve de la faim qu\u2019elle a entam\u00e9e<strong> le mardi 28\u00a0octobre<\/strong>. La jeune femme de 25\u00a0ans dit \u00ab\u2009ressentir la fatigue et \u00e9videmment la faim\u2009\u00bb, mais globalement \u00ab\u2009je garde la forme pour le moment\u2009\u00bb, assure-t-elle.<\/p>\n<p class=\" wall-content\">Pour rappel, plac\u00e9e sur la <strong>liste compl\u00e9mentaire<\/strong> du concours de recrutement de professeurs des \u00e9coles, elle attend toujours d\u2019\u00eatre appel\u00e9e pour occuper un poste d\u2019enseignante en Alsace car selon elle \u00ab<strong>\u2009plus de dix postes sont vacants<\/strong> dans le Haut-Rhin\u2009\u00bb, une version contredite par le rectorat.<\/p>\n<p>    <a href=\"https:\/\/www.facebook.com\/plugins\/post.php?href=https%3A%2F%2Fwww.facebook.com%2Fvavinou%2Fposts%2Fpfbid07bnQdCRggGQBmRtvwp6D3LUqBGWnHPzeG5F1TsVFFmFLaTTCV2cbeJVUwuowdBC1l&amp;show_text=true&amp;width=350\" title=\"Ouvrie le lien\" target=\"_blank\" rel=\"noopener\">Cliquez ici pour visualiser le contenu<\/a><\/p>\n<p>\u00ab\u2009Les gens me soutiennent et \u00e7a me fait chaud au c\u0153ur\u2009\u00bb<\/p>\n<p class=\" wall-content\">Bien que seule dans son action, ses journ\u00e9es ne sont pas longues pour autant gr\u00e2ce au passage r\u00e9gulier <strong>de personnes venues la soutenir<\/strong>.<\/p>\n<blockquote class=\"ac-article-quote wall-content\">\n<p>Des gens se d\u00e9placent pour venir me voir notamment apr\u00e8s avoir vu des articles. Ils me soutiennent et \u00e7a me fait chaud au coeur. Ils m&rsquo;apportent des livres, de l&rsquo;eau et restent toujours discuter avec moi. Une personne m&rsquo;a ce matin apport\u00e9 un tapis de sport pour que je sois plus confortablement assise.<\/p>\n<p>    <strong>Vanessa Koehler<\/strong><br \/>\n        En gr\u00e8ve de la faim depuis 4 jours    <\/p><\/blockquote>\n<p>Votre r\u00e9gion, votre actu !<\/p>\n<p>Recevez chaque jour les infos qui comptent pour vous.<\/p>\n<p>\t<a href=\"https:\/\/actu.fr\/newsletter\" class=\"ac-btn ac-btn--corner ac-btn--medium ac-btn--blue800\" target=\"_blank\" rel=\"noopener\">S&rsquo;incrire<\/a><\/p>\n<p class=\" wall-content\">Du c\u00f4t\u00e9 du rectorat, toujours rien. Vanessa esp\u00e8re pouvoir aborder ce lundi la situation des professeurs sur liste compl\u00e9mentaire avec <strong>Olivier Klein<\/strong>, recteur de l\u2019acad\u00e9mie.<\/p>\n<p class=\" wall-content\">Personnalisez votre actualit\u00e9 en ajoutant vos villes et m\u00e9dias en favori avec <a href=\"https:\/\/moncompte.actu.fr\" title=\"D\u00e9couvez Mon Actu\" rel=\"nofollow noopener\" data-trk=\"{&quot;cta&quot;:{&quot;action&quot;:&quot;https:\\\/\\\/moncompte.actu.fr&quot;,&quot;category&quot;:&quot;mon compte&quot;,&quot;from&quot;:&quot;article footer&quot;,&quot;name&quot;:&quot;Mon actu&quot;,&quot;type&quot;:&quot;cta&quot;}}\" target=\"_blank\">Mon Actu<\/a>.<\/p>\n","protected":false},"excerpt":{"rendered":"Par Thomas Blanc Publi\u00e9 le 31 oct. 2025 \u00e0 14h49 ; mis \u00e0 jour le 31 oct. 2025&hellip;\n","protected":false},"author":2,"featured_media":502405,"comment_status":"","ping_status":"","sticky":false,"template":"","format":"standard","meta":{"footnotes":""},"categories":[2820],"tags":[1111,11,1057,341,1777,674,1011,27,775,6151,12,25,104,640],"class_list":{"0":"post-502404","1":"post","2":"type-post","3":"status-publish","4":"format-standard","5":"has-post-thumbnail","7":"category-strasbourg","8":"tag-actu","9":"tag-actualites","10":"tag-education","11":"tag-emploi","12":"tag-eu","13":"tag-europe","14":"tag-fr","15":"tag-france","16":"tag-grand-est","17":"tag-greve","18":"tag-news","19":"tag-republique-francaise","20":"tag-societe","21":"tag-strasbourg"},"share_on_mastodon":{"url":"https:\/\/pubeurope.com\/@fr\/115469274674469670","error":""},"_links":{"self":[{"href":"https:\/\/www.europesays.com\/fr\/wp-json\/wp\/v2\/posts\/502404","targetHints":{"allow":["GET"]}}],"collection":[{"href":"https:\/\/www.europesays.com\/fr\/wp-json\/wp\/v2\/posts"}],"about":[{"href":"https:\/\/www.europesays.com\/fr\/wp-json\/wp\/v2\/types\/post"}],"author":[{"embeddable":true,"href":"https:\/\/www.europesays.com\/fr\/wp-json\/wp\/v2\/users\/2"}],"replies":[{"embeddable":true,"href":"https:\/\/www.europesays.com\/fr\/wp-json\/wp\/v2\/comments?post=502404"}],"version-history":[{"count":0,"href":"https:\/\/www.europesays.com\/fr\/wp-json\/wp\/v2\/posts\/502404\/revisions"}],"wp:featuredmedia":[{"embeddable":true,"href":"https:\/\/www.europesays.com\/fr\/wp-json\/wp\/v2\/media\/502405"}],"wp:attachment":[{"href":"https:\/\/www.europesays.com\/fr\/wp-json\/wp\/v2\/media?parent=502404"}],"wp:term":[{"taxonomy":"category","embeddable":true,"href":"https:\/\/www.europesays.com\/fr\/wp-json\/wp\/v2\/categories?post=502404"},{"taxonomy":"post_tag","embeddable":true,"href":"https:\/\/www.europesays.com\/fr\/wp-json\/wp\/v2\/tags?post=502404"}],"curies":[{"name":"wp","href":"https:\/\/api.w.org\/{rel}","templated":true}]}}