{"id":502406,"date":"2025-10-31T14:34:11","date_gmt":"2025-10-31T14:34:11","guid":{"rendered":"https:\/\/www.europesays.com\/fr\/502406\/"},"modified":"2025-10-31T14:34:11","modified_gmt":"2025-10-31T14:34:11","slug":"la-ville-de-strasbourg-va-nouer-un-partenariat-avec-lecole-du-louvre-voici-pourquoi","status":"publish","type":"post","link":"https:\/\/www.europesays.com\/fr\/502406\/","title":{"rendered":"La Ville de Strasbourg va nouer un partenariat avec l\u2019\u00c9cole du Louvre : voici pourquoi"},"content":{"rendered":"<p>            Par<br \/>\n        <strong><br \/>\n            <a href=\"https:\/\/actu.fr\/auteur\/ivan-capecchi\" title=\"Consulter tous les articles de Ivan CAPECCHI\" target=\"_blank\" rel=\"noopener\">Ivan CAPECCHI<\/a><br \/>\n        <\/strong><\/p>\n<p>        Publi\u00e9 le<\/p>\n<p>            31 oct. 2025 \u00e0 15h21        <\/p>\n<p>Alors que le <a href=\"https:\/\/actu.fr\/tag\/musee-du-louvre\" target=\"_blank\" rel=\"noopener\">mus\u00e9e du Louvre<\/a> fait tristement l\u2019actualit\u00e9 \u00e0 cause d\u2019un <a href=\"https:\/\/actu.fr\/ile-de-france\/paris_75056\/cambriolage-au-louvre-voici-les-bijoux-qui-ont-ete-voles-dans-le-plus-grand-musee-du-monde_63321715.html\" target=\"_blank\" rel=\"noopener\">vol de bijoux<\/a>, voici une nouvelle qui devrait ravir les amateurs d\u2019art. Strasbourg va accueillir des <strong>cours de l\u2019\u00c9cole du Louvre<\/strong>. En effet, le conseil municipal du 3\u00a0novembre 2025 doit valider une <strong>convention entre la Ville et l\u2019\u00e9tablissement parisien d\u2019histoire de l\u2019art<\/strong>.<\/p>\n<p>Des cycles de formation en histoire de l\u2019art ouverts \u00e0 tous<\/p>\n<p class=\" wall-content\">Concr\u00e8tement, \u00e0 partir de <strong>2026<\/strong> et pour <strong>trois ann\u00e9es acad\u00e9miques<\/strong>, l\u2019<strong>auditorium des mus\u00e9es de Strasbourg<\/strong>, implant\u00e9 au sein du <strong>Mus\u00e9e d\u2019art moderne et contemporain<\/strong>, servira de <strong>lieu d\u2019accueil pour des cycles de formation en histoire de l\u2019art ouverts \u00e0 tous<\/strong> en tant qu\u2019auditeurs libres.<\/p>\n<p class=\" wall-content\">Pas de dipl\u00f4me exig\u00e9, pas d\u2019inscription dans un cursus\u2009: toute personne int\u00e9ress\u00e9e pourra s\u2019y inscrire selon les <strong>tarifs de l\u2019\u00c9cole du Louvre<\/strong>.<\/p>\n<p>Deux cycles propos\u00e9s chaque ann\u00e9e<\/p>\n<p class=\" wall-content\"><strong>Deux cycles<\/strong> seront propos\u00e9s chaque ann\u00e9e, chacun compos\u00e9 de cinq s\u00e9ances d\u20191h30.<\/p>\n<p class=\" wall-content\">Les th\u00e9matiques seront arr\u00eat\u00e9es conjointement par l\u2019\u00c9cole du Louvre et les mus\u00e9es de Strasbourg, quatre mois avant la commercialisation de chaque cycle.<\/p>\n<p class=\" wall-content\">La salle pourra accueillir jusqu\u2019\u00e0 130\u00a0personnes.<\/p>\n<p>Votre r\u00e9gion, votre actu !<\/p>\n<p>Recevez chaque jour les infos qui comptent pour vous.<\/p>\n<p>\t<a href=\"https:\/\/actu.fr\/newsletter\" class=\"ac-btn ac-btn--corner ac-btn--medium ac-btn--blue800\" target=\"_blank\" rel=\"noopener\">S&rsquo;incrire<\/a><br \/>\nDes r\u00f4les bien d\u00e9finis<\/p>\n<p class=\" wall-content\">Le partage des r\u00f4les est clairement d\u00e9fini\u2009: l\u2019\u00c9cole du Louvre \u00e9labore le <strong>contenu<\/strong>, <strong>r\u00e9mun\u00e8re et d\u00e9place les intervenants<\/strong>, <strong>g\u00e8re les inscriptions et la communication nationale<\/strong>.<\/p>\n<p class=\" wall-content\">La Ville, elle, <strong>met l\u2019auditorium \u00e0 disposition, assure l\u2019accueil du public, la technique, la promotion locale et, si besoin, l\u2019h\u00e9bergement de l\u2019intervenant<\/strong>.<\/p>\n<p class=\" wall-content\">Personnalisez votre actualit\u00e9 en ajoutant vos villes et m\u00e9dias en favori avec <a href=\"https:\/\/moncompte.actu.fr\" title=\"D\u00e9couvez Mon Actu\" rel=\"nofollow noopener\" data-trk=\"{&quot;cta&quot;:{&quot;action&quot;:&quot;https:\\\/\\\/moncompte.actu.fr&quot;,&quot;category&quot;:&quot;mon compte&quot;,&quot;from&quot;:&quot;article footer&quot;,&quot;name&quot;:&quot;Mon actu&quot;,&quot;type&quot;:&quot;cta&quot;}}\" target=\"_blank\">Mon Actu<\/a>.<\/p>\n","protected":false},"excerpt":{"rendered":"Par Ivan CAPECCHI Publi\u00e9 le 31 oct. 2025 \u00e0 15h21 Alors que le mus\u00e9e du Louvre fait tristement&hellip;\n","protected":false},"author":2,"featured_media":502407,"comment_status":"","ping_status":"","sticky":false,"template":"","format":"standard","meta":{"footnotes":""},"categories":[2820],"tags":[1111,11,1057,1777,674,1011,27,775,937,1652,3094,12,25,640],"class_list":{"0":"post-502406","1":"post","2":"type-post","3":"status-publish","4":"format-standard","5":"has-post-thumbnail","7":"category-strasbourg","8":"tag-actu","9":"tag-actualites","10":"tag-education","11":"tag-eu","12":"tag-europe","13":"tag-fr","14":"tag-france","15":"tag-grand-est","16":"tag-histoire","17":"tag-loisirs-culture","18":"tag-musee-du-louvre","19":"tag-news","20":"tag-republique-francaise","21":"tag-strasbourg"},"share_on_mastodon":{"url":"https:\/\/pubeurope.com\/@fr\/115469278597124939","error":""},"_links":{"self":[{"href":"https:\/\/www.europesays.com\/fr\/wp-json\/wp\/v2\/posts\/502406","targetHints":{"allow":["GET"]}}],"collection":[{"href":"https:\/\/www.europesays.com\/fr\/wp-json\/wp\/v2\/posts"}],"about":[{"href":"https:\/\/www.europesays.com\/fr\/wp-json\/wp\/v2\/types\/post"}],"author":[{"embeddable":true,"href":"https:\/\/www.europesays.com\/fr\/wp-json\/wp\/v2\/users\/2"}],"replies":[{"embeddable":true,"href":"https:\/\/www.europesays.com\/fr\/wp-json\/wp\/v2\/comments?post=502406"}],"version-history":[{"count":0,"href":"https:\/\/www.europesays.com\/fr\/wp-json\/wp\/v2\/posts\/502406\/revisions"}],"wp:featuredmedia":[{"embeddable":true,"href":"https:\/\/www.europesays.com\/fr\/wp-json\/wp\/v2\/media\/502407"}],"wp:attachment":[{"href":"https:\/\/www.europesays.com\/fr\/wp-json\/wp\/v2\/media?parent=502406"}],"wp:term":[{"taxonomy":"category","embeddable":true,"href":"https:\/\/www.europesays.com\/fr\/wp-json\/wp\/v2\/categories?post=502406"},{"taxonomy":"post_tag","embeddable":true,"href":"https:\/\/www.europesays.com\/fr\/wp-json\/wp\/v2\/tags?post=502406"}],"curies":[{"name":"wp","href":"https:\/\/api.w.org\/{rel}","templated":true}]}}