{"id":50241,"date":"2025-04-24T22:22:08","date_gmt":"2025-04-24T22:22:08","guid":{"rendered":"https:\/\/www.europesays.com\/fr\/50241\/"},"modified":"2025-04-24T22:22:08","modified_gmt":"2025-04-24T22:22:08","slug":"un-homme-de-41-ans-decede-en-cellule-de-degrisement-au-commissariat","status":"publish","type":"post","link":"https:\/\/www.europesays.com\/fr\/50241\/","title":{"rendered":"un homme de 41 ans d\u00e9c\u00e8de en cellule de d\u00e9grisement au commissariat"},"content":{"rendered":"<p>L\u2019individu avait \u00e9t\u00e9 interpell\u00e9 en \u00e9tat d\u2019\u00e9bri\u00e9t\u00e9 avanc\u00e9 sur la voie publique en fin d\u2019apr\u00e8s-midi mercredi avant d\u2019\u00eatre conduit \u00e0 l\u2019h\u00f4pital o\u00f9 un bulletin de non-admission a \u00e9t\u00e9 d\u00e9livr\u00e9.<\/p>\n<p class=\"fig-paragraph\">Une enqu\u00eate a \u00e9t\u00e9 ouverte apr\u00e8s le d\u00e9c\u00e8s d\u2019un individu plac\u00e9 en cellule de d\u00e9grisement dans les locaux du commissariat de police du 18e arrondissement ce mercredi soir, a appris Le Figaro aupr\u00e8s du parquet de Paris, confirmant une information\u00a0<a href=\"https:\/\/www.leparisien.fr\/paris-75\/paris-un-homme-meurt-en-cellule-de-degrisement-dans-le-commissariat-du-xviiie-arrondissement-24-04-2025-GOF3RK7NLVEHHI6E6FFNTSBD24.php\" target=\"_blank\" rel=\"nofollow noopener\" data-gtm-custom-categorie=\"navigation\" data-gtm-custom-action=\"crossclick\" data-gtm-custom-label=\"Contextuel\" data-gtm-event=\"customEventSPE\">du Parisien<\/a> . \u00abLe 23 avril 2025 \u00e0 18h25, Adrian B, n\u00e9 en octobre 1983 en Roumanie, a \u00e9t\u00e9 pris en charge en \u00e9tat d\u2019ivresse publique et manifeste par les services de police sur la voie publique\u00bb, indique le parquet. L\u2019individu a \u00e9t\u00e9 directement conduit \u00e0 l\u2019h\u00f4pital Bichat \u00e0 18h50, o\u00f9 un bulletin de non-admission et un certificat de compatibilit\u00e9 avec une mesure de garde \u00e0 vue, mesure dont il ne faisait pas l\u2019objet, ont \u00e9t\u00e9 d\u00e9livr\u00e9s.<\/p>\n<p class=\"fig-paragraph\">Selon le parquet de Paris, l\u2019individu a ensuite \u00e9t\u00e9 ramen\u00e9 au commissariat du 18e arrondissement \u00e0 20h10 pour \u00eatre plac\u00e9 en cellule de d\u00e9grisement. Cette derni\u00e8re \u00e9tait munie de cam\u00e9ras tandis que l\u2019homme a d\u00fb \u00eatre plac\u00e9 en position lat\u00e9rale de s\u00e9curit\u00e9 du fait de son \u00e9tat d\u2019alcoolisation encore tr\u00e8s avanc\u00e9. Des rondes ont ensuite \u00e9t\u00e9 effectu\u00e9es toutes les 30 minutes. \u00c0 22h15, le chef de poste a constat\u00e9 que l\u2019individu ne ronflait plus et semblait en arr\u00eat cardio-respiratoire. Il lui a prodigu\u00e9\u00a0<a href=\"https:\/\/www.lefigaro.fr\/sciences\/comment-faire-un-massage-cardiaque-quand-on-n-est-pas-forme-20230416\" data-fig-type=\"Article\" data-gtm-custom-categorie=\"navigation\" data-gtm-custom-action=\"crossclick\" data-gtm-custom-label=\"Contextuel\" data-gtm-event=\"customEventSPE\" data-fig-domain=\"LEFIGARO\" target=\"_blank\" rel=\"noopener\">un massage cardiaque<\/a>\u00a0et fait usage du d\u00e9fibrillateur. \u00c0 22h30, les sapeurs-pompiers sont intervenus et ont poursuivi le massage cardiaque pendant un quart d\u2019heure avant de d\u00e9clarer le d\u00e9c\u00e8s.<\/p>\n<p class=\"fig-paragraph\">Le corps du d\u00e9funt ne pr\u00e9sentait pas de traces de blessures en dehors des signes de r\u00e9animation. Des documents m\u00e9dicaux indiquant un suivi en h\u00e9patologie (maladies du foie), et la prise de m\u00e9thadone et\u00a0<a href=\"http:\/\/www.lefigaro.fr\/sciences\/certaines-benzodiazepines-pourraient-augmenter-le-risque-de-fausse-couche-20231229\" data-fig-type=\"Article\" data-gtm-custom-categorie=\"navigation\" data-gtm-custom-action=\"crossclick\" data-gtm-custom-label=\"Contextuel\" data-gtm-event=\"customEventSPE\" data-fig-domain=\"LEFIGARO\" target=\"_blank\" rel=\"noopener\">diaz\u00e9pam<\/a>, ont \u00e9t\u00e9 retrouv\u00e9s dans les poches de la victime. L\u2019enqu\u00eate a \u00e9t\u00e9 confi\u00e9e au commissariat du 15e arrondissement de Paris.<\/p>\n","protected":false},"excerpt":{"rendered":"L\u2019individu avait \u00e9t\u00e9 interpell\u00e9 en \u00e9tat d\u2019\u00e9bri\u00e9t\u00e9 avanc\u00e9 sur la voie publique en fin d\u2019apr\u00e8s-midi mercredi avant d\u2019\u00eatre&hellip;\n","protected":false},"author":2,"featured_media":50242,"comment_status":"","ping_status":"","sticky":false,"template":"","format":"standard","meta":{"footnotes":""},"categories":[4],"tags":[119,11,3694,271,2951,3695,3696,6017,118,1011,27,2825,1253,303,12,626,1072,2694,25,2949],"class_list":{"0":"post-50241","1":"post","2":"type-post","3":"status-publish","4":"format-standard","5":"has-post-thumbnail","7":"category-france","8":"tag-accident","9":"tag-actualites","10":"tag-affaires","11":"tag-crime","12":"tag-criminalite","13":"tag-enquetes","14":"tag-evenements","15":"tag-fait-divers","16":"tag-faits-divers","17":"tag-fr","18":"tag-france","19":"tag-insecurite","20":"tag-islamisme","21":"tag-justice","22":"tag-news","23":"tag-paris","24":"tag-police","25":"tag-proces","26":"tag-republique-francaise","27":"tag-violences"},"share_on_mastodon":{"url":"https:\/\/pubeurope.com\/@fr\/114395279809500057","error":""},"_links":{"self":[{"href":"https:\/\/www.europesays.com\/fr\/wp-json\/wp\/v2\/posts\/50241","targetHints":{"allow":["GET"]}}],"collection":[{"href":"https:\/\/www.europesays.com\/fr\/wp-json\/wp\/v2\/posts"}],"about":[{"href":"https:\/\/www.europesays.com\/fr\/wp-json\/wp\/v2\/types\/post"}],"author":[{"embeddable":true,"href":"https:\/\/www.europesays.com\/fr\/wp-json\/wp\/v2\/users\/2"}],"replies":[{"embeddable":true,"href":"https:\/\/www.europesays.com\/fr\/wp-json\/wp\/v2\/comments?post=50241"}],"version-history":[{"count":0,"href":"https:\/\/www.europesays.com\/fr\/wp-json\/wp\/v2\/posts\/50241\/revisions"}],"wp:featuredmedia":[{"embeddable":true,"href":"https:\/\/www.europesays.com\/fr\/wp-json\/wp\/v2\/media\/50242"}],"wp:attachment":[{"href":"https:\/\/www.europesays.com\/fr\/wp-json\/wp\/v2\/media?parent=50241"}],"wp:term":[{"taxonomy":"category","embeddable":true,"href":"https:\/\/www.europesays.com\/fr\/wp-json\/wp\/v2\/categories?post=50241"},{"taxonomy":"post_tag","embeddable":true,"href":"https:\/\/www.europesays.com\/fr\/wp-json\/wp\/v2\/tags?post=50241"}],"curies":[{"name":"wp","href":"https:\/\/api.w.org\/{rel}","templated":true}]}}