{"id":502412,"date":"2025-10-31T14:37:19","date_gmt":"2025-10-31T14:37:19","guid":{"rendered":"https:\/\/www.europesays.com\/fr\/502412\/"},"modified":"2025-10-31T14:37:19","modified_gmt":"2025-10-31T14:37:19","slug":"utopiales-tous-aux-jeux-video-a-nantes-jusqua-dimanche-2-novembre","status":"publish","type":"post","link":"https:\/\/www.europesays.com\/fr\/502412\/","title":{"rendered":"Utopiales\u00a0: tous aux jeux vid\u00e9o \u00e0 Nantes jusqu\u2019\u00e0 dimanche 2 novembre"},"content":{"rendered":"<p>Regroupant plusieurs dizaines d\u2019entreprises des Pays de la Loire et de la Bretagne du secteur du jeu vid\u00e9o,<a href=\"https:\/\/nantes.maville.com\/actu\/actudet_-le-jeu-video-en-quete-de-reconnaissance-dans-l-ouest-_8-6710808_actu.Htm\" target=\"_blank\" rel=\"noopener\"> le cluster Atlangames<\/a> pr\u00e9sente un espace in\u00e9dit aux <a href=\"https:\/\/nantes.maville.com\/actu\/actudet_-festival-des-utopiales-un-jeu-de-societe-inedit-pour-celebrer-les-25-ans-et-la-science-fiction-_8-7033320_actu.Htm\" target=\"_blank\" rel=\"noopener\">Utopiales<\/a>, le festival international de science-fiction, qui f\u00eate cette ann\u00e9e ses 25\u00a0ans.<\/p>\n<p>A LIRE AUSSI : <a href=\"https:\/\/nantes.maville.com\/actu\/actudet_-le-festival-les-utopiales-fete-25-ans-de-science-fiction-a-nantes-_8-7042240_actu.Htm\" target=\"_self\" rel=\"noopener\">Festival des Utopiales : quatre jours autour des \u00ab singularit\u00e9s \u00bb, des sciences et de la fiction<\/a> <\/p>\n<p>Jeu vid\u00e9o<\/p>\n<p>\u00c0 la Cit\u00e9 des congr\u00e8s et jusqu\u2019au dimanche 2\u00a0novembre 2025, un lieu est d\u00e9di\u00e9 \u00e0 l\u2019univers du jeu vid\u00e9o avec une dizaine d\u2019\u0153uvres vid\u00e9oludiques. Outre la possibilit\u00e9 de s\u2019essayer \u00e0 une ou plusieurs parties, l\u2019int\u00e9r\u00eat est ici de pouvoir discuter avec les concepteurs des jeux. Au programme entre autres aujourd\u2019hui vendredi, l\u2019hommage \u00e0 Ayerdheak \u00e0 11\u00a0h\u00a045 (l\u2019un des auteurs majeurs de la science-fiction francophone) et la conf\u00e9rence \u00e0 15\u00a0heures \u00ab\u00a0quelle science-fiction pour le changement climatique\u00a0?\u00a0\u00bb.<\/p>\n<p><strong>A LIRE AUSSI : <a href=\"https:\/\/nantes.maville.com\/actu\/actudet_-festival-des-utopiales-un-jeu-de-societe-inedit-pour-celebrer-les-25-ans-et-la-science-fiction-_8-7033320_actu.Htm\" target=\"_self\" rel=\"noopener\">Festival des Utopiales : un jeu de soci\u00e9t\u00e9 pour c\u00e9l\u00e9brer les 25 ans et la science-fiction<\/a> <\/strong><\/p>\n<p>\u00a0<\/p>\n","protected":false},"excerpt":{"rendered":"Regroupant plusieurs dizaines d\u2019entreprises des Pays de la Loire et de la Bretagne du secteur du jeu vid\u00e9o,&hellip;\n","protected":false},"author":2,"featured_media":502413,"comment_status":"","ping_status":"","sticky":false,"template":"","format":"standard","meta":{"footnotes":""},"categories":[2818],"tags":[5742,1111,11,6664,1777,674,1011,27,330,2867,766,12,24649,2636,25,24648,133],"class_list":{"0":"post-502412","1":"post","2":"type-post","3":"status-publish","4":"format-standard","5":"has-post-thumbnail","7":"category-nantes","8":"tag-5742","9":"tag-actu","10":"tag-actualites","11":"tag-dimanche","12":"tag-eu","13":"tag-europe","14":"tag-fr","15":"tag-france","16":"tag-jeux","17":"tag-jusqu","18":"tag-nantes","19":"tag-news","20":"tag-novembre","21":"tag-pays-de-la-loire","22":"tag-republique-francaise","23":"tag-utopiales","24":"tag-video"},"share_on_mastodon":{"url":"https:\/\/pubeurope.com\/@fr\/115469290342173615","error":""},"_links":{"self":[{"href":"https:\/\/www.europesays.com\/fr\/wp-json\/wp\/v2\/posts\/502412","targetHints":{"allow":["GET"]}}],"collection":[{"href":"https:\/\/www.europesays.com\/fr\/wp-json\/wp\/v2\/posts"}],"about":[{"href":"https:\/\/www.europesays.com\/fr\/wp-json\/wp\/v2\/types\/post"}],"author":[{"embeddable":true,"href":"https:\/\/www.europesays.com\/fr\/wp-json\/wp\/v2\/users\/2"}],"replies":[{"embeddable":true,"href":"https:\/\/www.europesays.com\/fr\/wp-json\/wp\/v2\/comments?post=502412"}],"version-history":[{"count":0,"href":"https:\/\/www.europesays.com\/fr\/wp-json\/wp\/v2\/posts\/502412\/revisions"}],"wp:featuredmedia":[{"embeddable":true,"href":"https:\/\/www.europesays.com\/fr\/wp-json\/wp\/v2\/media\/502413"}],"wp:attachment":[{"href":"https:\/\/www.europesays.com\/fr\/wp-json\/wp\/v2\/media?parent=502412"}],"wp:term":[{"taxonomy":"category","embeddable":true,"href":"https:\/\/www.europesays.com\/fr\/wp-json\/wp\/v2\/categories?post=502412"},{"taxonomy":"post_tag","embeddable":true,"href":"https:\/\/www.europesays.com\/fr\/wp-json\/wp\/v2\/tags?post=502412"}],"curies":[{"name":"wp","href":"https:\/\/api.w.org\/{rel}","templated":true}]}}