{"id":502428,"date":"2025-10-31T14:45:13","date_gmt":"2025-10-31T14:45:13","guid":{"rendered":"https:\/\/www.europesays.com\/fr\/502428\/"},"modified":"2025-10-31T14:45:13","modified_gmt":"2025-10-31T14:45:13","slug":"un-collectif-demande-une-grace-presidentielle-apres-lexpulsion-dun-survivant","status":"publish","type":"post","link":"https:\/\/www.europesays.com\/fr\/502428\/","title":{"rendered":"Un collectif demande une gr\u00e2ce pr\u00e9sidentielle apr\u00e8s l\u2019expulsion d\u2019un survivant"},"content":{"rendered":"<p>Ils se disent \u00ab\u00a0atterr\u00e9s\u00a0\u00bb par cette d\u00e9cision. Dans un communiqu\u00e9 publi\u00e9 jeudi, les membres du Collectif du 5\u00a0novembre, n\u00e9 \u00e0 la suite <a href=\"https:\/\/www.20minutes.fr\/marseille\/immeubles-effondres-marseille\/\" class=\"c-link c-link--is-underlined\" target=\"_blank\" rel=\"noopener\">des effondrements des immeubles de la rue d\u2019Aubagne en\u00a02018<\/a> \u00e0 <a href=\"https:\/\/www.20minutes.fr\/marseille\/\" class=\"c-link c-link--is-underlined\" target=\"_blank\" rel=\"noopener\">Marseille<\/a>, en appellent au plus haut niveau afin de solliciter une <a href=\"https:\/\/www.20minutes.fr\/dossier\/grace_presidentielle\" class=\"c-link c-link--is-underlined\" target=\"_blank\" rel=\"noopener\">gr\u00e2ce pr\u00e9sidentielle<\/a> pour R\u00e9da M., l\u2019une des victimes de la catastrophe.<\/p>\n<p>Ce dernier, ressortissant tunisien sans-papiers, a \u00e9t\u00e9 expuls\u00e9 le week-end dernier apr\u00e8s plusieurs semaines d\u2019enfermement au centre de r\u00e9tention administrative (CRA) du Canet. Il avait \u00e9t\u00e9 interpell\u00e9 \u00e0 la suite d\u2019un contr\u00f4le d\u2019identit\u00e9 d\u00e9but septembre.<\/p>\n<p>\u00ab\u00a0Nous nous adressons aujourd\u2019hui \u00e0 M. le Pr\u00e9sident de la R\u00e9publique, <a href=\"https:\/\/www.20minutes.fr\/politique\/emmanuel-macron\/\" class=\"c-link c-link--is-underlined\" target=\"_blank\" rel=\"noopener\">Emmanuel Macron,<\/a> pour lui demander solennellement une gr\u00e2ce au vu de la situation exceptionnelle de R\u00e9da M., de l\u2019importance du respect de toutes les victimes de la rue d\u2019Aubagne en vue de la r\u00e9paration morale de notre ville et au nom du simple devoir d\u2019humanit\u00e9\u00a0\u00bb, appuie le communiqu\u00e9.<\/p>\n<\/p>\n<p>Partie civile au proc\u00e8s<\/p>\n<p>R\u00e9da M. vivait au 65 rue d\u2019Aubagne. Alors que <a href=\"https:\/\/www.20minutes.fr\/societe\/2367571-20181108-immeubles-effondres-marseille-morts-cause-politiciens-habitants-denoncent-fiasco-municipal\" class=\"c-link c-link--is-underlined\" target=\"_blank\" rel=\"noopener\">huit de ses voisins sont morts<\/a>, il ne doit sa survie \u00e0 ses horaires de travail qui l\u2019ont tenu hors de son domicile au moment du drame. Endeuill\u00e9 par la perte de deux amis dans la catastrophe et choqu\u00e9, \u00ab\u00a0son \u00e9tat de sant\u00e9 s\u2019\u00e9tait ensuite fortement d\u00e9grad\u00e9, comme ce f\u00fbt le cas pour beaucoup de victimes directes et indirectes, s\u2019ajoutant ainsi au fait qu\u2019il doit \u00eatre soign\u00e9 pour une h\u00e9patite B\u00a0\u00bb, pr\u00e9cise le communiqu\u00e9.<\/p>\n<p class=\"mb-xxl@xs color-ultramarine font-weight-semi-bold@xs font-source-serif-pro heading-s@xs\">L\u2019acc\u00e8s \u00e0 ce contenu a \u00e9t\u00e9 bloqu\u00e9 afin de respecter votre choix de consentement<\/p>\n<p class=\"mb-m@xs text-l@xs\">En cliquant sur\u00ab J\u2019accepte \u00bb, vous acceptez le d\u00e9p\u00f4t de cookies par des services externes et aurez ainsi acc\u00e8s aux contenus de nos partenaires.<\/p>\n<p class=\"mb-xl@xs text-s@xs\">Plus d\u2019informations sur la page<a href=\"https:\/\/www.20minutes.fr\/gestion-cookies\" class=\"mx-xxs@xs color-ultramarine\" target=\"_blank\" rel=\"noopener\">Politique de gestion des cookies<\/a><\/p>\n<p>J\u2019accepte<\/p>\n<p>En\u00a02023, l\u2019homme re\u00e7oit une condamnation pour un d\u00e9lit mineur, assortie d\u2019une Interdiction de territoire fran\u00e7ais (ITF). Une d\u00e9cision \u00ab\u00a0disproportionn\u00e9e\u00a0\u00bb, d\u00e9nonce le Collectif du 5\u00a0novembre, qui \u00ab\u00a0l\u2019emp\u00eachera d\u00e9sormais non seulement de se soigner mais \u00e9galement de faire valoir ses droits lors du futur proc\u00e8s en appel.\u00a0\u00bb<\/p>\n<p><a href=\"https:\/\/www.20minutes.fr\/justice\/4162322-20250707-immeubles-effondres-rue-aubagne-audience-interrompue-apres-malaise-coproprietaire\" class=\"c-link c-link--is-underlined\" target=\"_blank\" rel=\"noopener\">Le 7 juillet dernier, dix condamnations<\/a>, dont trois \u00e0 de la prison ferme, six relaxes, et 358.000 euros d\u2019amende au total ont \u00e9t\u00e9 prononc\u00e9s dans ce dossier devenu symbole du logement indigne. Le parquet a fait appel pour 15 des 16 pr\u00e9venus et un nouveau proc\u00e8s doit avoir lieu du 2\u00a0novembre au 19\u00a0d\u00e9cembre 2026. R\u00e9da M., reconnue en tant que victime par le premier proc\u00e8s, devait y participer en tant que partie civile.<\/p>\n<p><a href=\"https:\/\/www.20minutes.fr\/marseille\/immeubles-effondres-marseille\/\" class=\"c-link c-btn c-btn--primary\" target=\"_blank\" rel=\"noopener\">Retrouvez notre dossier consacr\u00e9 au drame de la rue d&rsquo;Aubagne<\/a><\/p>\n<p>\u00ab\u00a0Alors que M. Cachard, propri\u00e9taire du logement o\u00f9 \u00e9tait h\u00e9berg\u00e9 R\u00e9da et condamn\u00e9 en premi\u00e8re instance, dort tranquillement chez lui, nous ne pouvons imaginer que R\u00e9da M.\u00a0n\u2019ait pas enfin droit \u00e0 un peu de tranquillit\u00e9\u00a0\u00bb, fustigent-ils. <a href=\"https:\/\/www.20minutes.fr\/societe\/4124179-20241129-proces-rue-aubagne-marseille-tag-caillassages-marge-proces-enquete-ouverte\" class=\"c-link c-link--is-underlined\" target=\"_blank\" rel=\"noopener\">Xavier Cachard<\/a>, copropri\u00e9taire et avocat du syndic de copropri\u00e9t\u00e9 a \u00e9t\u00e9 condamn\u00e9s lors du premier proc\u00e8s \u00e0 quatre ans de prison dont deux fermes, \u00e0 effectuer sous bracelet \u00e9lectronique.<\/p>\n","protected":false},"excerpt":{"rendered":"Ils se disent \u00ab\u00a0atterr\u00e9s\u00a0\u00bb par cette d\u00e9cision. Dans un communiqu\u00e9 publi\u00e9 jeudi, les membres du Collectif du 5\u00a0novembre,&hellip;\n","protected":false},"author":2,"featured_media":502429,"comment_status":"","ping_status":"","sticky":false,"template":"","format":"standard","meta":{"footnotes":""},"categories":[2814],"tags":[1111,11,885,6735,1073,1777,674,5219,1011,27,36554,62454,303,13248,884,12,883,882,1306,25],"class_list":{"0":"post-502428","1":"post","2":"type-post","3":"status-publish","4":"format-standard","5":"has-post-thumbnail","7":"category-marseille","8":"tag-actu","9":"tag-actualites","10":"tag-bouches-du-rhone","11":"tag-centre-de-retention","12":"tag-emmanuel-macron","13":"tag-eu","14":"tag-europe","15":"tag-expulsion","16":"tag-fr","17":"tag-france","18":"tag-grace-presidentielle","19":"tag-immeubles-effondres-a-marseille","20":"tag-justice","21":"tag-mal-logement","22":"tag-marseille","23":"tag-news","24":"tag-paca","25":"tag-provence-alpes-cote-dazur","26":"tag-regions","27":"tag-republique-francaise"},"share_on_mastodon":{"url":"https:\/\/pubeurope.com\/@fr\/115469321842190815","error":""},"_links":{"self":[{"href":"https:\/\/www.europesays.com\/fr\/wp-json\/wp\/v2\/posts\/502428","targetHints":{"allow":["GET"]}}],"collection":[{"href":"https:\/\/www.europesays.com\/fr\/wp-json\/wp\/v2\/posts"}],"about":[{"href":"https:\/\/www.europesays.com\/fr\/wp-json\/wp\/v2\/types\/post"}],"author":[{"embeddable":true,"href":"https:\/\/www.europesays.com\/fr\/wp-json\/wp\/v2\/users\/2"}],"replies":[{"embeddable":true,"href":"https:\/\/www.europesays.com\/fr\/wp-json\/wp\/v2\/comments?post=502428"}],"version-history":[{"count":0,"href":"https:\/\/www.europesays.com\/fr\/wp-json\/wp\/v2\/posts\/502428\/revisions"}],"wp:featuredmedia":[{"embeddable":true,"href":"https:\/\/www.europesays.com\/fr\/wp-json\/wp\/v2\/media\/502429"}],"wp:attachment":[{"href":"https:\/\/www.europesays.com\/fr\/wp-json\/wp\/v2\/media?parent=502428"}],"wp:term":[{"taxonomy":"category","embeddable":true,"href":"https:\/\/www.europesays.com\/fr\/wp-json\/wp\/v2\/categories?post=502428"},{"taxonomy":"post_tag","embeddable":true,"href":"https:\/\/www.europesays.com\/fr\/wp-json\/wp\/v2\/tags?post=502428"}],"curies":[{"name":"wp","href":"https:\/\/api.w.org\/{rel}","templated":true}]}}