{"id":502430,"date":"2025-10-31T14:46:12","date_gmt":"2025-10-31T14:46:12","guid":{"rendered":"https:\/\/www.europesays.com\/fr\/502430\/"},"modified":"2025-10-31T14:46:12","modified_gmt":"2025-10-31T14:46:12","slug":"la-mairie-obtient-lexpulsion-dun-cirque-installe-dans-le-sud-de-la-ville","status":"publish","type":"post","link":"https:\/\/www.europesays.com\/fr\/502430\/","title":{"rendered":"la mairie obtient l\u2019expulsion d\u2019un cirque install\u00e9 dans le sud de la ville"},"content":{"rendered":"<p>\n    <strong>INFO LE FIGARO &#8211;<\/strong> Le tribunal administratif a donn\u00e9 gain de cause \u00e0 la mairie, qui demandait le d\u00e9part du cirque Benzini, install\u00e9 sans autorisation sur le parking d\u2019une piscine du 8e arrondissement depuis plusieurs jours. Mais les circassiens n\u2019ont pas l\u2019intention de partir.<\/p>\n<p class=\"fig-paragraph\">Dans ce bras de fer entre le\u00a0<a href=\"http:\/\/www.lefigaro.fr\/animaux\/quels-animaux-pourra-t-on-encore-voir-dans-les-cirques-en-2028-selon-la-legislation-en-vigueur-20250515\" data-fig-type=\"Article\" data-gtm-custom-categorie=\"navigation\" data-gtm-custom-action=\"crossclick\" data-gtm-custom-label=\"Contextuel\" data-gtm-event=\"customEventSPE\" data-fig-domain=\"LEFIGARO\" target=\"_blank\" rel=\"noopener\">cirque\u00a0<\/a>Benzini et la\u00a0<a href=\"http:\/\/www.lefigaro.fr\/marseille\/marseille-benoit-payan-reclame-avec-huit-autres-maires-un-couvre-feu-total-a-l-aeroport-20251028\" data-fig-type=\"NewsFlash\" data-gtm-custom-categorie=\"navigation\" data-gtm-custom-action=\"crossclick\" data-gtm-custom-label=\"Contextuel\" data-gtm-event=\"customEventSPE\" data-fig-domain=\"LEFIGARO\" target=\"_blank\" rel=\"noopener\">mairie de Marseille<\/a>, la justice a tranch\u00e9. \u00c0 l\u2019issue d\u2019une audience en r\u00e9f\u00e9r\u00e9 qui s\u2019est d\u00e9roul\u00e9e mercredi, le tribunal administratif de Marseille a condamn\u00e9 jeudi ce cirque install\u00e9 en partie sur le parking d\u2019une piscine municipale, dans le 8e arrondissement, \u00e0 quitter les lieux, sans toutefois le soumettre \u00e0 une astreinte.<\/p>\n<p class=\"fig-paragraph\">La ville de Marseille avait saisi la justice, estimant que le cirque s\u2019y \u00e9tait install\u00e9 sans autorisation. Dans sa d\u00e9cision que Le Figaro a pu consulter, le tribunal administratif donne gain de cause \u00e0 la municipalit\u00e9, estimant que le patron du cirque, Micka\u00ebl Renold, occupe des terrains du domaine public sans \u00abaucun droit ni titre\u00bb. \u00abMonsieur Renold n\u2019a pas d\u00e9pos\u00e9 de dossier, s\u2019est \u00e9mu \u00e0 la barre du tribunal un juriste de la ville de Marseille. Il nous a envoy\u00e9 un mail en juillet au sujet d\u2019une \u00e9ventuelle demande. Mais en faisant des recherches, nous n\u2019avons rien retrouv\u00e9. Il a ensuite d\u00e9pos\u00e9 un dossier le 8 octobre pour le d\u00e9but des vacances scolaires, sachant que le d\u00e9lai d\u2019instruction est de 12 semaines\u00a0!\u2026<\/p>\n<p class=\"fig-premium-paywall__infos\">\n        Cet article est r\u00e9serv\u00e9 aux abonn\u00e9s.        Il vous reste 71% \u00e0 d\u00e9couvrir.\n    <\/p>\n<p>                <img  data- alt=\"Le Figaro\" class=\"fig-img--complete fig-img\"\/><\/p>\n<p class=\"fig-premium-paywall__title\">Vous avez envie de lire la suite ?<\/p>\n<p class=\"fig-premium-paywall__subtitle\">D\u00e9bloquez tous les articles imm\u00e9diatement.<\/p>\n<p class=\"fig-premium-paywall__connect\">\n                D\u00e9j\u00e0 abonn\u00e9\u00a0?                <a class=\"fig-premium-paywall__connect-link\" href=\"https:\/\/connect.lefigaro.fr\/login?client=horizon_web&amp;type=main&amp;redirect_uri=https%3A%2F%2Fwww.lefigaro.fr%2Fmarseille%2Fmarseille-la-mairie-obtient-l-expulsion-d-un-cirque-installe-dans-le-sud-de-la-ville-20251031\" data-js-gtm=\"{&quot;customCategorie&quot;: &quot;conversion&quot;, &quot;customAction&quot;: &quot;before_Landing_Connexion_paywall_manuel&quot;, &quot;customLabel&quot;: &quot;bGVmaWdhcm8uZnJfXzFmMGI2NTQzLTBmZjItNmE0ZS05MmNlLTQ5N2E5OTc4MDdkMV9fTmV3c0ZsYXNo_Marseille\u00a0: la mairie obtient l\u2019expulsion d\u2019un cirque install\u00e9 dans le sud de la ville_710&quot;, &quot;customIDSPE&quot;: &quot;bGVmaWdhcm8uZnJfXzFmMGI2NTQzLTBmZjItNmE0ZS05MmNlLTQ5N2E5OTc4MDdkMV9fTmV3c0ZsYXNo&quot;, &quot;event&quot;: &quot;customEventSPE&quot;}\" target=\"_blank\" rel=\"noopener\"><br \/>\n                    Connectez-vous<br \/>\n                <\/a>\n            <\/p>\n","protected":false},"excerpt":{"rendered":"INFO LE FIGARO &#8211; Le tribunal administratif a donn\u00e9 gain de cause \u00e0 la mairie, qui demandait le&hellip;\n","protected":false},"author":2,"featured_media":502431,"comment_status":"","ping_status":"","sticky":false,"template":"","format":"standard","meta":{"footnotes":""},"categories":[2814],"tags":[1111,11,6469,5398,1777,674,5341,1011,27,884,12,882,25],"class_list":{"0":"post-502430","1":"post","2":"type-post","3":"status-publish","4":"format-standard","5":"has-post-thumbnail","7":"category-marseille","8":"tag-actu","9":"tag-actualites","10":"tag-benoit-payan","11":"tag-cirque","12":"tag-eu","13":"tag-europe","14":"tag-expulsions","15":"tag-fr","16":"tag-france","17":"tag-marseille","18":"tag-news","19":"tag-provence-alpes-cote-dazur","20":"tag-republique-francaise"},"share_on_mastodon":{"url":"https:\/\/pubeurope.com\/@fr\/115469325854236685","error":""},"_links":{"self":[{"href":"https:\/\/www.europesays.com\/fr\/wp-json\/wp\/v2\/posts\/502430","targetHints":{"allow":["GET"]}}],"collection":[{"href":"https:\/\/www.europesays.com\/fr\/wp-json\/wp\/v2\/posts"}],"about":[{"href":"https:\/\/www.europesays.com\/fr\/wp-json\/wp\/v2\/types\/post"}],"author":[{"embeddable":true,"href":"https:\/\/www.europesays.com\/fr\/wp-json\/wp\/v2\/users\/2"}],"replies":[{"embeddable":true,"href":"https:\/\/www.europesays.com\/fr\/wp-json\/wp\/v2\/comments?post=502430"}],"version-history":[{"count":0,"href":"https:\/\/www.europesays.com\/fr\/wp-json\/wp\/v2\/posts\/502430\/revisions"}],"wp:featuredmedia":[{"embeddable":true,"href":"https:\/\/www.europesays.com\/fr\/wp-json\/wp\/v2\/media\/502431"}],"wp:attachment":[{"href":"https:\/\/www.europesays.com\/fr\/wp-json\/wp\/v2\/media?parent=502430"}],"wp:term":[{"taxonomy":"category","embeddable":true,"href":"https:\/\/www.europesays.com\/fr\/wp-json\/wp\/v2\/categories?post=502430"},{"taxonomy":"post_tag","embeddable":true,"href":"https:\/\/www.europesays.com\/fr\/wp-json\/wp\/v2\/tags?post=502430"}],"curies":[{"name":"wp","href":"https:\/\/api.w.org\/{rel}","templated":true}]}}