{"id":502432,"date":"2025-10-31T14:47:11","date_gmt":"2025-10-31T14:47:11","guid":{"rendered":"https:\/\/www.europesays.com\/fr\/502432\/"},"modified":"2025-10-31T14:47:11","modified_gmt":"2025-10-31T14:47:11","slug":"450-kg-de-resine-de-cannabis-saisis-quatre-suspects-interpelles-par-lofast-de-lyon","status":"publish","type":"post","link":"https:\/\/www.europesays.com\/fr\/502432\/","title":{"rendered":"450 kg de r\u00e9sine de cannabis saisis, quatre suspects interpell\u00e9s par l&rsquo;OFAST de Lyon"},"content":{"rendered":"<p>\u00c0 la fin de l\u2019\u00e9t\u00e9 2025,\u00a0l\u2019OFAST de Lyon\u00a0avait ouvert une enqu\u00eate pr\u00e9liminaire sous la direction du\u00a0parquet de Saint-\u00c9tienne, portant sur les d\u00e9placements d\u2019un\u00a0v\u00e9hicule vol\u00e9 et faussement immatricul\u00e9, soup\u00e7onn\u00e9 d\u2019\u00eatre impliqu\u00e9 dans des op\u00e9rations d\u2019importation de stup\u00e9fiants entre\u00a0l\u2019Espagne et la r\u00e9gion Auvergne-Rh\u00f4ne-Alpes.<\/p>\n<p>Entre\u00a0la fin ao\u00fbt et le d\u00e9but octobre 2025, ce v\u00e9hicule aurait particip\u00e9 \u00e0 plusieurs acheminements de drogue \u00e0 destination de Saint-\u00c9tienne.<\/p>\n<p>Le\u00a0samedi 4 octobre au matin, un important dispositif policier \u00e9tait d\u00e9ploy\u00e9 pour intercepter le v\u00e9hicule. D\u2019apr\u00e8s la Direction interd\u00e9partementale de la police nationale (DIPN),\u00a0\u00ab\u00a0le v\u00e9hicule for\u00e7ait le passage \u00e0 la barri\u00e8re de p\u00e9age et, malgr\u00e9 trois pneus crev\u00e9s, le conducteur parvenait \u00e0 rejoindre le d\u00e9partement de l\u2019Ard\u00e8che, en jetant simultan\u00e9ment des clous cr\u00e8ve-pneus dans le but de g\u00eaner la progression des policiers \u00e0 sa poursuite.\u00a0\u00bb<\/p>\n<p><img loading=\"lazy\" decoding=\"async\" style=\"display: block; margin-left: auto; margin-right: auto;\" src=\"https:\/\/www.europesays.com\/fr\/wp-content\/uploads\/2025\/10\/g4cmynrwmaamzcy-48108.jpeg\" alt=\"\" width=\"700\" height=\"394\"\/><\/p>\n<p>L\u2019homme finissait par\u00a0abandonner le v\u00e9hicule\u00a0dans la commune de\u00a0Serri\u00e8res (Ard\u00e8che)\u00a0avant d\u2019\u00eatre\u00a0interpell\u00e9 par les enqu\u00eateurs. La fouille du v\u00e9hicule r\u00e9v\u00e9lait\u00a0450 kg de r\u00e9sine de cannabis conditionn\u00e9s dans des sacs de sport, ainsi que plusieurs jeux de\u00a0plaques d\u2019immatriculation\u00a0et des\u00a0bo\u00eetes de clous cr\u00e8ve-pneus.<\/p>\n<p>Le conducteur,\u00a0\u00e2g\u00e9 de 28 ans\u00a0et\u00a0d\u00e9favorablement connu des services de police, faisait d\u00e9j\u00e0 l\u2019objet de\u00a0deux mandats de d\u00e9p\u00f4t\u00a0et d\u2019un\u00a0mandat de recherche.<\/p>\n<p>Le m\u00eame jour,\u00a0le principal ouvreur\u00a0du convoi \u00e9tait interpell\u00e9 \u00e0 son domicile dans l\u2019H\u00e9rault par les enqu\u00eateurs de la\u00a0DCOS 34, suivi d\u2019un\u00a0troisi\u00e8me suspect\u00a0\u00e2g\u00e9 de\u00a030 ans, arr\u00eat\u00e9 le lendemain, dimanche 5 octobre, par les m\u00eames services. Le\u00a0lundi 6 octobre, les policiers proc\u00e9daient \u00e0 l\u2019interpellation d\u2019un\u00a0jeune homme de 20 ans, impliqu\u00e9 dans plusieurs ouvertures de p\u00e9age. Lors de la perquisition,\u00a0500 euros\u00a0\u00e9taient saisis.<\/p>\n<p>Selon la police,\u00a0\u00ab\u00a0le conducteur du v\u00e9hicule charg\u00e9 de produits stup\u00e9fiants faisait valoir son droit au silence\u00a0\u00bb, tandis que\u00a0\u00ab\u00a0les ouvreurs reconnaissaient leurs implications mais refusaient de communiquer tout renseignement exploitable concernant leurs commanditaires.\u00a0\u00bb<\/p>\n<p>Les quatre hommes ont \u00e9t\u00e9\u00a0poursuivis pour des faits d\u2019acquisition, d\u00e9tention, transport, offre ou cession non autoris\u00e9e de stup\u00e9fiants, importation non autoris\u00e9e commise en bande organis\u00e9e et participation \u00e0 une association de malfaiteurs. Ils ont \u00e9t\u00e9\u00a0d\u00e9f\u00e9r\u00e9s mardi 6 octobre au palais de justice de Saint-\u00c9tienne\u00a0pour y \u00eatre\u00a0mis en examen. Trois d\u2019entre eux ont \u00e9t\u00e9\u00a0plac\u00e9s en d\u00e9tention provisoire.<\/p>\n<blockquote class=\"twitter-tweet\"><p>&#13;<\/p>\n<p dir=\"ltr\" lang=\"fr\"><a href=\"https:\/\/twitter.com\/hashtag\/ContreLeNarcotrafic?src=hash&amp;ref_src=twsrc%5Etfw\" target=\"_blank\" rel=\"noopener\">#ContreLeNarcotrafic<\/a> | 450 kg de r\u00e9sine saisis lors d\u2019un go-fast \u203c\ufe0fUne enqu\u00eate, d\u00e9but\u00e9e \u00e0 la fin de l\u2019\u00e9t\u00e9 2025 par l\u2019antenne OFAST de la <a href=\"https:\/\/twitter.com\/hashtag\/PoliceJudiciaire?src=hash&amp;ref_src=twsrc%5Etfw\" target=\"_blank\" rel=\"noopener\">#PoliceJudiciaire<\/a> lyonnaise et dirig\u00e9e par le parquet de Saint-\u00c9tienne (42), portant sur des faits d\u2019importation massive de produits\u2026 <a href=\"https:\/\/t.co\/FNNrIsu2qs\">pic.twitter.com\/FNNrIsu2qs<\/a><\/p>\n<p>&#13;<br \/>\n\u2014 Police nationale (@PoliceNationale) <a href=\"https:\/\/twitter.com\/PoliceNationale\/status\/1983578406202540291?ref_src=twsrc%5Etfw\" target=\"_blank\" rel=\"noopener\">October 29, 2025<\/a><\/p><\/blockquote>\n<p>  \t\t\t\t\t<script async src=\"https:\/\/platform.twitter.com\/widgets.js\" charset=\"utf-8\"><\/script><\/p>\n","protected":false},"excerpt":{"rendered":"\u00c0 la fin de l\u2019\u00e9t\u00e9 2025,\u00a0l\u2019OFAST de Lyon\u00a0avait ouvert une enqu\u00eate pr\u00e9liminaire sous la direction du\u00a0parquet de Saint-\u00c9tienne,&hellip;\n","protected":false},"author":2,"featured_media":502433,"comment_status":"","ping_status":"","sticky":false,"template":"","format":"standard","meta":{"footnotes":""},"categories":[1889],"tags":[1111,11,2813,2190,2430,1109,251,1112,2811,1777,674,118,1011,27,1922,1110,1114,2428,2810,12,241,316,25,2812,517,800],"class_list":{"0":"post-502432","1":"post","2":"type-post","3":"status-publish","4":"format-standard","5":"has-post-thumbnail","7":"category-lyon","8":"tag-actu","9":"tag-actualites","10":"tag-article","11":"tag-asvel","12":"tag-auvergne-rhone-alpes","13":"tag-breves","14":"tag-culture","15":"tag-depeches","16":"tag-economique","17":"tag-eu","18":"tag-europe","19":"tag-faits-divers","20":"tag-fr","21":"tag-france","22":"tag-info","23":"tag-informations","24":"tag-infos","25":"tag-lyon","26":"tag-lyonmag","27":"tag-news","28":"tag-ol","29":"tag-politique","30":"tag-republique-francaise","31":"tag-sociale","32":"tag-sport","33":"tag-transports"},"share_on_mastodon":{"url":"https:\/\/pubeurope.com\/@fr\/115469330291292965","error":""},"_links":{"self":[{"href":"https:\/\/www.europesays.com\/fr\/wp-json\/wp\/v2\/posts\/502432","targetHints":{"allow":["GET"]}}],"collection":[{"href":"https:\/\/www.europesays.com\/fr\/wp-json\/wp\/v2\/posts"}],"about":[{"href":"https:\/\/www.europesays.com\/fr\/wp-json\/wp\/v2\/types\/post"}],"author":[{"embeddable":true,"href":"https:\/\/www.europesays.com\/fr\/wp-json\/wp\/v2\/users\/2"}],"replies":[{"embeddable":true,"href":"https:\/\/www.europesays.com\/fr\/wp-json\/wp\/v2\/comments?post=502432"}],"version-history":[{"count":0,"href":"https:\/\/www.europesays.com\/fr\/wp-json\/wp\/v2\/posts\/502432\/revisions"}],"wp:featuredmedia":[{"embeddable":true,"href":"https:\/\/www.europesays.com\/fr\/wp-json\/wp\/v2\/media\/502433"}],"wp:attachment":[{"href":"https:\/\/www.europesays.com\/fr\/wp-json\/wp\/v2\/media?parent=502432"}],"wp:term":[{"taxonomy":"category","embeddable":true,"href":"https:\/\/www.europesays.com\/fr\/wp-json\/wp\/v2\/categories?post=502432"},{"taxonomy":"post_tag","embeddable":true,"href":"https:\/\/www.europesays.com\/fr\/wp-json\/wp\/v2\/tags?post=502432"}],"curies":[{"name":"wp","href":"https:\/\/api.w.org\/{rel}","templated":true}]}}