{"id":502438,"date":"2025-10-31T14:51:14","date_gmt":"2025-10-31T14:51:14","guid":{"rendered":"https:\/\/www.europesays.com\/fr\/502438\/"},"modified":"2025-10-31T14:51:14","modified_gmt":"2025-10-31T14:51:14","slug":"shein-sinstalle-au-bhv-de-paris-malgre-la-controverse","status":"publish","type":"post","link":"https:\/\/www.europesays.com\/fr\/502438\/","title":{"rendered":"Shein s&rsquo;installe au BHV de Paris, malgr\u00e9 la controverse"},"content":{"rendered":"<p class=\"article-p mdl\">\u00ab\u00a0BHV SHEIN le 5 novembre ouverture \u00e0 13H\u00a0\u00bb. Le patron de la Soci\u00e9t\u00e9 des grands magasins (SGM), propri\u00e9taire du BHV, Fr\u00e9d\u00e9ric Merlin, a publi\u00e9 ce message sur son compte Instagram, vendredi 31 octobre\u00a0Malgr\u00e9 la vive pol\u00e9mique qui a escort\u00e9 l&rsquo;annonce,<a class=\"link\" href=\"https:\/\/www.rtl.fr\/actu\/debats-societe\/retards-de-paiement-rayons-vides-shein-met-le-bhv-dans-la-tourmente-7900550052\" title=\"Retards de paiement, rayons vides\u2026 Shein met le BHV dans la tourmente\" rel=\"nofollow noopener\" target=\"_blank\">\u00a0le dirigeant confirme le partenariat in\u00e9dit entre le magasin BHV et le g\u00e9ant asiatique de la mode ultra-\u00e9ph\u00e9m\u00e8re Shein<\/a>. \u00ab\u00a0Une premi\u00e8re mondiale\u00a0\u00bb, s&rsquo;est f\u00e9licit\u00e9 Fr\u00e9d\u00e9ric Merlin. Shein va en effet inaugurer sa premi\u00e8re boutique physique p\u00e9renne \u00e0 Paris.\u00a0\u00a0<\/p>\n<p class=\"article-p mdl\">Shein ouvrira mercredi prochain, au 6e \u00e9tage du Bazar de l&rsquo;H\u00f4tel de Ville dans un espace de plus de 1.000 m2. Cr\u00e9\u00e9e en 2012,\u00a0<a class=\"link\" href=\"https:\/\/www.rtl.fr\/actu\/economie-consommation\/l-arrivee-de-shein-en-france-va-t-elle-tuer-le-secteur-de-l-habillement-7900547984\" title=\"L&#039;arriv\u00e9e de Shein au BHV et aux Galeries Lafayette va-t-elle tuer le secteur de l&#039;habillement ?\" rel=\"nofollow noopener\" target=\"_blank\">la multinationale chinoise mise sur la vente en ligne et les magasins \u00e9ph\u00e9m\u00e8res<\/a>. Il s&rsquo;agit ainsi d&rsquo;une \u00e9tape historique dans l&rsquo;implantation physique de Shein avant d&rsquo;investir cinq autres magasins aux Galeries Lafayette de Dijon, Reims, Grenoble, Angers et Limoges, aussi d\u00e9tenus par la SGM.\u00a0<\/p>\n<p class=\"article-p mdl\">Cette collaboration annonc\u00e9e d\u00e9but octobre entre BHV, magasin embl\u00e9matique parisien, et Shein, porte-\u00e9tendard de l&rsquo;ultra fast-fashion est\u00a0<a class=\"link\" href=\"https:\/\/www.rtl.fr\/actu\/economie-consommation\/greves-departs-de-marques-impayes-le-bhv-s-enfonce-dans-la-crise-7900551711\" rel=\"nofollow noopener\" target=\"_blank\">loin de faire l&rsquo;unanimit\u00e9.\u00a0<\/a>Plusieurs marques fran\u00e7aises (AIME, Culture Vintage, Talm&#8230;) ont quitt\u00e9 le BHV, alors que le magasin est d\u00e9j\u00e0 d\u00e9sert\u00e9 par de nombreuses soci\u00e9t\u00e9s (Le Slip Fran\u00e7ais, Maison Lejaby&#8230;) en raison de retards de paiement.\u00a0<a class=\"link\" href=\"https:\/\/www.rtl.fr\/actu\/economie-consommation\/shein-au-bhv-comment-l-etat-a-sanctionne-le-magasin-parisien-et-la-marque-chinoise-7900557983\" rel=\"nofollow noopener\" target=\"_blank\">Disneyland Paris<\/a>, qui devait \u00eatre au BHV pour les f\u00eates, a annul\u00e9 l&rsquo;\u00e9v\u00e9nement.\u00a0<\/p>\n<p class=\"article-p mdl\">Dans ce climat de d\u00e9fiance, une manifestation a r\u00e9uni le 10 octobre environ 150 gr\u00e9vistes \u00e0 l&rsquo;appel de l&rsquo;intersyndicale, et une p\u00e9tition en ligne regroupe plus de 110.000 signataires. \u00ab\u00a0J&rsquo;ai sous-estim\u00e9 toute l&rsquo;exposition politico-m\u00e9diatique qu&rsquo;il y avait \u00e0 s&rsquo;attaquer \u00e0 ce monument de Paris\u00a0\u00bb, a reconnu Fr\u00e9d\u00e9ric Merlin aupr\u00e8s de l&rsquo;AFP.<\/p>\n<p>            La mairie de Paris profond\u00e9ment inqui\u00e8te<\/p>\n<p class=\"article-p mdl\">Vis\u00e9 par une proposition de loi contre l&rsquo;essor de la mode jetable ultra-\u00e9ph\u00e9m\u00e8re, Shein a \u00e9cop\u00e9 cette ann\u00e9e en France de\u00a0<a class=\"link\" href=\"https:\/\/www.rtl.fr\/actu\/economie-consommation\/shein-qu-est-ce-qui-est-reproche-au-geant-chinois-de-la-fast-fashion-condamne-a-une-amende-record-7900521321\" rel=\"nofollow noopener\" target=\"_blank\">trois amendes<\/a>, d&rsquo;un total de 191 millions d&rsquo;euros, pour non-respect de la l\u00e9gislation sur les cookies en ligne, fausses promotions, informations trompeuses, et pour ne pas avoir d\u00e9clar\u00e9 la pr\u00e9sence de microfibres plastiques dans ses produits.\u00a0<\/p>\n<p class=\"article-p mdl\">Le ministre fran\u00e7ais du Commerce,\u00a0<a class=\"link\" href=\"https:\/\/www.rtl.fr\/programmes\/l-eco-and-you\/7900558006-serge-papin-super-resistant-face-a-shein\" title=\"Serge Papin, super-resistant face \u00e0 Shein\" rel=\"nofollow noopener\" target=\"_blank\">Serge Papin, per\u00e7oit ce partenariat comme un \u00ab\u00a0mauvais signal\u00a0\u00bb<\/a>, tandis que la maire de Paris, Anne Hidalgo, exprime sa<strong> \u00ab\u00a0profonde inqui\u00e9tude\u00a0\u00bb<\/strong>.\u00a0 \u00a0 \u00a0\u00a0<\/p>\n<p>    La r\u00e9daction vous recommande<\/p>\n<p class=\"s-newsletter__title\">\n                L\u2019actualit\u00e9 par la r\u00e9daction de RTL dans votre bo\u00eete mail.\n            <\/p>\n<p class=\"s-newsletter__subtitle\">\n                Gr\u00e2ce \u00e0 votre compte RTL abonnez-vous \u00e0 la newsletter RTL info pour suivre toute l&rsquo;actualit\u00e9 au quotidien\n            <\/p>\n<p>\n                                    Lire la suite\n                                <\/p>\n","protected":false},"excerpt":{"rendered":"\u00ab\u00a0BHV SHEIN le 5 novembre ouverture \u00e0 13H\u00a0\u00bb. Le patron de la Soci\u00e9t\u00e9 des grands magasins (SGM), propri\u00e9taire&hellip;\n","protected":false},"author":2,"featured_media":502439,"comment_status":"","ping_status":"","sticky":false,"template":"","format":"standard","meta":{"footnotes":""},"categories":[1888],"tags":[1111,1928,11,1927,61878,130,2105,1777,674,107,1011,27,693,12,1926,626,1925,25,2422],"class_list":{"0":"post-502438","1":"post","2":"type-post","3":"status-publish","4":"format-standard","5":"has-post-thumbnail","7":"category-paris","8":"tag-actu","9":"tag-actu-paris","10":"tag-actualites","11":"tag-actualites-paris","12":"tag-conso-pratique","13":"tag-consommation","14":"tag-distribution","15":"tag-eu","16":"tag-europe","17":"tag-fil-info","18":"tag-fr","19":"tag-france","20":"tag-industrie","21":"tag-news","22":"tag-news-paris","23":"tag-paris","24":"tag-paris-news","25":"tag-republique-francaise","26":"tag-textile"},"share_on_mastodon":{"url":"https:\/\/pubeurope.com\/@fr\/115469345396572964","error":""},"_links":{"self":[{"href":"https:\/\/www.europesays.com\/fr\/wp-json\/wp\/v2\/posts\/502438","targetHints":{"allow":["GET"]}}],"collection":[{"href":"https:\/\/www.europesays.com\/fr\/wp-json\/wp\/v2\/posts"}],"about":[{"href":"https:\/\/www.europesays.com\/fr\/wp-json\/wp\/v2\/types\/post"}],"author":[{"embeddable":true,"href":"https:\/\/www.europesays.com\/fr\/wp-json\/wp\/v2\/users\/2"}],"replies":[{"embeddable":true,"href":"https:\/\/www.europesays.com\/fr\/wp-json\/wp\/v2\/comments?post=502438"}],"version-history":[{"count":0,"href":"https:\/\/www.europesays.com\/fr\/wp-json\/wp\/v2\/posts\/502438\/revisions"}],"wp:featuredmedia":[{"embeddable":true,"href":"https:\/\/www.europesays.com\/fr\/wp-json\/wp\/v2\/media\/502439"}],"wp:attachment":[{"href":"https:\/\/www.europesays.com\/fr\/wp-json\/wp\/v2\/media?parent=502438"}],"wp:term":[{"taxonomy":"category","embeddable":true,"href":"https:\/\/www.europesays.com\/fr\/wp-json\/wp\/v2\/categories?post=502438"},{"taxonomy":"post_tag","embeddable":true,"href":"https:\/\/www.europesays.com\/fr\/wp-json\/wp\/v2\/tags?post=502438"}],"curies":[{"name":"wp","href":"https:\/\/api.w.org\/{rel}","templated":true}]}}