{"id":502448,"date":"2025-10-31T14:58:14","date_gmt":"2025-10-31T14:58:14","guid":{"rendered":"https:\/\/www.europesays.com\/fr\/502448\/"},"modified":"2025-10-31T14:58:14","modified_gmt":"2025-10-31T14:58:14","slug":"il-faut-les-laisser-se-battre","status":"publish","type":"post","link":"https:\/\/www.europesays.com\/fr\/502448\/","title":{"rendered":"\u201cIl faut les laisser se battre\u201d"},"content":{"rendered":"\n<p>La rencontre tr\u00e8s attendue entre Donald Trump et Xi Jinping \u2013 la premi\u00e8re depuis 2019 \u2013 le 30\u00a0octobre dans la ville c\u00f4ti\u00e8re de Busan, en Cor\u00e9e du Sud, a \u00e9t\u00e9 aussi scrut\u00e9e de tr\u00e8s pr\u00e8s \u00e0 Moscou. Lequel des deux leaders allait en sortir vainqueur\u00a0? Le traditionnel \u201cbullying\u201d exerc\u00e9 par le pr\u00e9sident am\u00e9ricain sur ses interlocuteurs impressionnera-t-il son homologue chinois\u00a0? Et, surtout, que d\u00e9cideront les deux hommes concernant le sujet qui concerne le plus la Russie, \u00e0 savoir les n\u00e9gociations sur un \u00e9ventuel cessez-le-feu en Ukraine\u00a0?<\/p>\n<p>Sur ce dernier point, la presse officielle russe constate avec un certain soulagement que les deux hommes se sont content\u00e9s de d\u00e9clarations d\u2019ordre g\u00e9n\u00e9ral. \u201cXi Jinping et Donald Trump ont conclu un accord de tr\u00eave commerciale et ont discut\u00e9 de l\u2019Ukraine\u201d, <a class=\"ithalc\" data-ithal=\"lien_externe\" data-ithalc=\"[nav_article]\" target=\"_blank\" href=\"https:\/\/www.vedomosti.ru\/politics\/articles\/2025\/10\/30\/1151026-si-tszinpin-i-donald\" rel=\"noopener\">r\u00e9sume dans son titre le quotidien \u00e9conomique <strong>Vedomosti.<\/strong><\/a><strong> <\/strong>\u201cNous en avons longuement discut\u00e9\u201d, s\u2019est vant\u00e9 le pr\u00e9sident am\u00e9ricain lui-m\u00eame.<\/p>\n<p>\u201cMais, comme nous le savons tr\u00e8s bien, parler et obtenir des r\u00e9sultats sont deux choses bien diff\u00e9rentes\u201d, <a class=\"ithalc\" data-ithal=\"lien_externe\" data-ithalc=\"[nav_article]\" target=\"_blank\" href=\"https:\/\/www.mk.ru\/politics\/2025\/10\/30\/tramp-popytalsya-dostat-putina-cherez-kitay-popytka-ozhidaemo-provalilas.html\" rel=\"noopener\">ench\u00e9rit le quotidien populaire <strong>Moskovski Komsomolets<\/strong><\/a><strong> <\/strong>qui estime que \u201cla r\u00e9alit\u00e9 est probablement beaucoup plus modeste que la rh\u00e9torique triomphaliste habituelle du pr\u00e9sident am\u00e9ricain\u201d.<\/p>\n<p>                    \u201cLes deux camps sont dans une impasse\u201d       <\/p>\n<p>Moscou craignait, effectivement, que Donald Trump fasse pression sur P\u00e9kin pour arr\u00eater d\u2019acheter du p\u00e9trole russe. Et, dans un sc\u00e9nario encore plus craint par les propagandistes russes, que les deux hommes adressent conjointement un ultimatum \u00e0 Vladimir Poutine pour qu\u2019il accepte les conditions d\u2019un cessez-le-feu de Kiev et Washington, et s\u2019assoie \u00e0 la table des n\u00e9gociations. Mais rien de tout cela n\u2019arriva, au grand d\u00e9sespoir de Kiev, <a class=\"ithalc\" data-ithal=\"lien_externe\" data-ithalc=\"[nav_article]\" target=\"_blank\" href=\"https:\/\/www.politico.eu\/article\/donald-trump-russia-war-in-ukraine-xi-jinping-china\/\" rel=\"noopener\">comme le note le journal am\u00e9ricain <strong>Politico.<\/strong><\/a><\/p>\n<p>Au lieu de cela, une fois remont\u00e9 dans son avion pr\u00e9sidentiel, Donald Trump a fait une d\u00e9claration qui a mis du baume au c\u0153ur aux Russes et d\u00e9sesp\u00e9r\u00e9 encore un peu plus les Ukrainiens. \u201cNous en avons longuement discut\u00e9. Et nous allons tous deux travailler ensemble pour voir si nous pouvons faire avancer les choses. Nous sommes d\u2019accord pour dire que les deux camps sont dans une impasse, qu\u2019ils se battent et que, parfois, il faut les laisser se battre, je suppose\u2026 C\u2019est fou. Mais il [Xi Jinping] va nous aider et nous allons travailler ensemble sur l\u2019Ukraine\u201d, a-t-il dit, cit\u00e9 par les m\u00e9dias am\u00e9ricains.<\/p>\n<p>\u201cParfois, il faut les laisser se battre\u201d\u00a0: c\u2019est aussi cette phrase que <a class=\"ithalc\" data-ithal=\"lien_externe\" data-ithalc=\"[nav_article]\" target=\"_blank\" href=\"https:\/\/www.pravda.com.ua\/rus\/news\/2025\/10\/30\/8005074\/\" rel=\"noopener\">le journal en ligne ukrainien <strong>Oukra\u00efnska Pravda<\/strong><\/a> a choisi pour r\u00e9sumer le r\u00e9sultat de cette rencontre tant attendue des pr\u00e9sidents am\u00e9ricain et chinois.<\/p>\n","protected":false},"excerpt":{"rendered":"La rencontre tr\u00e8s attendue entre Donald Trump et Xi Jinping \u2013 la premi\u00e8re depuis 2019 \u2013 le 30\u00a0octobre&hellip;\n","protected":false},"author":2,"featured_media":502449,"comment_status":"","ping_status":"","sticky":false,"template":"","format":"standard","meta":{"footnotes":""},"categories":[1590],"tags":[11,6060,309,75,1777,674,1892,131,1074,12,132,220,7084],"class_list":{"0":"post-502448","1":"post","2":"type-post","3":"status-publish","4":"format-standard","5":"has-post-thumbnail","7":"category-ukraine","8":"tag-actualites","9":"tag-asie","10":"tag-chine","11":"tag-donald-trump","12":"tag-eu","13":"tag-europe","14":"tag-gu00e9opolitique","15":"tag-guerre-en-ukraine","16":"tag-guerre-commerciale","17":"tag-news","18":"tag-russie","19":"tag-ukraine","20":"tag-xi-jinping"},"share_on_mastodon":{"url":"https:\/\/pubeurope.com\/@fr\/115469372967457567","error":""},"_links":{"self":[{"href":"https:\/\/www.europesays.com\/fr\/wp-json\/wp\/v2\/posts\/502448","targetHints":{"allow":["GET"]}}],"collection":[{"href":"https:\/\/www.europesays.com\/fr\/wp-json\/wp\/v2\/posts"}],"about":[{"href":"https:\/\/www.europesays.com\/fr\/wp-json\/wp\/v2\/types\/post"}],"author":[{"embeddable":true,"href":"https:\/\/www.europesays.com\/fr\/wp-json\/wp\/v2\/users\/2"}],"replies":[{"embeddable":true,"href":"https:\/\/www.europesays.com\/fr\/wp-json\/wp\/v2\/comments?post=502448"}],"version-history":[{"count":0,"href":"https:\/\/www.europesays.com\/fr\/wp-json\/wp\/v2\/posts\/502448\/revisions"}],"wp:featuredmedia":[{"embeddable":true,"href":"https:\/\/www.europesays.com\/fr\/wp-json\/wp\/v2\/media\/502449"}],"wp:attachment":[{"href":"https:\/\/www.europesays.com\/fr\/wp-json\/wp\/v2\/media?parent=502448"}],"wp:term":[{"taxonomy":"category","embeddable":true,"href":"https:\/\/www.europesays.com\/fr\/wp-json\/wp\/v2\/categories?post=502448"},{"taxonomy":"post_tag","embeddable":true,"href":"https:\/\/www.europesays.com\/fr\/wp-json\/wp\/v2\/tags?post=502448"}],"curies":[{"name":"wp","href":"https:\/\/api.w.org\/{rel}","templated":true}]}}