{"id":502454,"date":"2025-10-31T15:01:17","date_gmt":"2025-10-31T15:01:17","guid":{"rendered":"https:\/\/www.europesays.com\/fr\/502454\/"},"modified":"2025-10-31T15:01:17","modified_gmt":"2025-10-31T15:01:17","slug":"le-comite-saujon-bosau-renforce-ses-liens-en-allemagne","status":"publish","type":"post","link":"https:\/\/www.europesays.com\/fr\/502454\/","title":{"rendered":"Le comit\u00e9 Saujon-Bosau renforce ses liens en Allemagne"},"content":{"rendered":"<p>            De nombreuses visites<\/p>\n<p>Le groupe a visit\u00e9 les villes de L\u00fcbeck et Friedrichstadt, le ch\u00e2teau d\u2019Eutin, une distillerie. \u00ab\u00a0Un concert d\u2019orgue et ch\u0153ur nous a \u00e9t\u00e9 offert \u00e0 l\u2019\u00e9glise r\u00e9form\u00e9e de Bosau par notre ami Sergej Tcherepanov.\u00a0\u00bb<\/p>\n<p>D\u2019autres ont profit\u00e9 d\u2019escapades individuelles \u00e0 Kiel ou Hambourg. \u00ab\u00a0Cette semaine \u00e0 Bosau a permis de participer \u00e0 des discussions riches et anim\u00e9es quant aux projets de nos deux jumelages, pour se retrouver en France, en Allemagne ou ailleurs.\u00a0\u00bb<\/p>\n<p>Le comit\u00e9 reste ouvert \u00e0 quiconque souhaite participer au tissage de liens amicaux entre ces deux pays.<\/p>\n","protected":false},"excerpt":{"rendered":"De nombreuses visites Le groupe a visit\u00e9 les villes de L\u00fcbeck et Friedrichstadt, le ch\u00e2teau d\u2019Eutin, une distillerie.&hellip;\n","protected":false},"author":2,"featured_media":502455,"comment_status":"","ping_status":"","sticky":false,"template":"","format":"standard","meta":{"footnotes":""},"categories":[1587],"tags":[11,672,1804,1805,1803,1777,674,1801,12,1802],"class_list":{"0":"post-502454","1":"post","2":"type-post","3":"status-publish","4":"format-standard","5":"has-post-thumbnail","7":"category-allemagne","8":"tag-actualites","9":"tag-allemagne","10":"tag-bundesrepublik-deutschland","11":"tag-de","12":"tag-deutschland","13":"tag-eu","14":"tag-europe","15":"tag-germany","16":"tag-news","17":"tag-republique-federale-dallemagne"},"share_on_mastodon":{"url":"https:\/\/pubeurope.com\/@fr\/115469384672634802","error":""},"_links":{"self":[{"href":"https:\/\/www.europesays.com\/fr\/wp-json\/wp\/v2\/posts\/502454","targetHints":{"allow":["GET"]}}],"collection":[{"href":"https:\/\/www.europesays.com\/fr\/wp-json\/wp\/v2\/posts"}],"about":[{"href":"https:\/\/www.europesays.com\/fr\/wp-json\/wp\/v2\/types\/post"}],"author":[{"embeddable":true,"href":"https:\/\/www.europesays.com\/fr\/wp-json\/wp\/v2\/users\/2"}],"replies":[{"embeddable":true,"href":"https:\/\/www.europesays.com\/fr\/wp-json\/wp\/v2\/comments?post=502454"}],"version-history":[{"count":0,"href":"https:\/\/www.europesays.com\/fr\/wp-json\/wp\/v2\/posts\/502454\/revisions"}],"wp:featuredmedia":[{"embeddable":true,"href":"https:\/\/www.europesays.com\/fr\/wp-json\/wp\/v2\/media\/502455"}],"wp:attachment":[{"href":"https:\/\/www.europesays.com\/fr\/wp-json\/wp\/v2\/media?parent=502454"}],"wp:term":[{"taxonomy":"category","embeddable":true,"href":"https:\/\/www.europesays.com\/fr\/wp-json\/wp\/v2\/categories?post=502454"},{"taxonomy":"post_tag","embeddable":true,"href":"https:\/\/www.europesays.com\/fr\/wp-json\/wp\/v2\/tags?post=502454"}],"curies":[{"name":"wp","href":"https:\/\/api.w.org\/{rel}","templated":true}]}}