{"id":502465,"date":"2025-10-31T15:09:12","date_gmt":"2025-10-31T15:09:12","guid":{"rendered":"https:\/\/www.europesays.com\/fr\/502465\/"},"modified":"2025-10-31T15:09:12","modified_gmt":"2025-10-31T15:09:12","slug":"ollivon-appele-massa-remplace-la-liste-des-42-pour-preparer-lafrique-du-sud-rugbyrama","status":"publish","type":"post","link":"https:\/\/www.europesays.com\/fr\/502465\/","title":{"rendered":"Ollivon appel\u00e9, Massa remplac\u00e9 : la liste des 42 pour pr\u00e9parer l\u2019Afrique du Sud &#8211; Rugbyrama"},"content":{"rendered":"<ol>\n<li><a href=\"https:\/\/news.google.com\/rss\/articles\/CBMi_AFBVV95cUxPMGtzSmROUzJ6Z2dIMjY2RDNXSWtoTWVYNGpvNXRqMTg5eDRIaFR2TFBQMmtGU05LVWlBNm1CRzE3ZGMwN2hUZTRydFZEMnR5bElDMy1NVDRTdXNCaXBrT0hQbHRlUWdkeEdyLVdTY19tLTZEQ0dWV05yWW1UX0ZJSUFtTlZLUHFHZVh1bURELTBnTWh0STlZXzFQUUtOTkRZejZYNzdfNkdFbzNjaExlbnc2dVlsQ2g0el9INzZNVGlETWl0UlhPUG9hbHhXQzFSS19BcV9rWGgyVEhjTXZPTjVlSUdabjFfN3U4OFVHZXhsN2Fpd0YtS0VWX3Q?oc=5\" target=\"_blank\" rel=\"nofollow noopener\">Ollivon appel\u00e9, Massa remplac\u00e9 : la liste des 42 pour pr\u00e9parer l\u2019Afrique du Sud<\/a>&nbsp;&nbsp;Rugbyrama<\/li>\n<li><a href=\"https:\/\/news.google.com\/rss\/articles\/CBMi8AFBVV95cUxQV1ZId0p4aHY1dHVKclRLRkRHTW1YdnJoR1BBY1dQclN1WjRIS2xTLU02ei05WjhobWxncjUzTzVvZTdVLTYxN2lNVDNIZDEtUkl6OWNGaldtZFlOTGZmNjlCNjExUGFPeWl0eEFhb0l1YWdRZ3BYeWpzWDNpMjJtWkdzbkMxZExxNHF4a2Y1aUlKUjFTelpvYi1XNllzc292Mkg5ZU1ZN1dsQjAyY1puWHM3VkNReUw1LV9TdUNLQnJjY0VOWWZqaGhhVHVQUnY1ak9NZ2JlWnBUWjFwT2xsMzNhZ29HWkNzcVRPNWlDZEE?oc=5\" target=\"_blank\" rel=\"nofollow noopener\">XV de France I Charles Ollivon et Gr\u00e9gory Alldritt rappel\u00e9s avec les Bleus pour pr\u00e9parer l&rsquo;Afrique du Sud<\/a>&nbsp;&nbsp;Eurosport<\/li>\n<li><a href=\"https:\/\/news.google.com\/rss\/articles\/CBMiigJBVV95cUxNNEdzakIzQTBUUTcyd3ZXdlU1T29sTkpXekJVMWc5NlRHVVNXcXpQaWg3ZDdXRXc3Zm1Xcjc0eHdCVXZxeHJoc1ZHYllPckc2SEVDcHpHOHlUbzlJWE9adk1GajRBUnVvY0ZMRjVDRmFoN1BHbU16MlItMTd0azhSLVNZWjRHa0FTU3luSHgwdjJialdJZUlWT2dJZlZfMDdGbUhkX0ROVUE1Qm1iWUhFZHBQQ2ZOX0lYVURrRVZYdHhIZTZSV3JTRkN4WFJJelRZM1llNlNHcFB6a21wejlSMGNFcGppbGJJd3FXcXEycFNMY3NIUUFRaTNuNXNsTDdzQm5JcGZyaXlldw?oc=5\" target=\"_blank\" rel=\"nofollow noopener\">Louis Bielle-Biarrey sur la d\u00e9faite de la France contre l&rsquo;Afrique du Sud \u00e0 la Coupe du monde : \u00ab Tout le monde est pass\u00e9 \u00e0 autre chose \u00bb<\/a>&nbsp;&nbsp;L&rsquo;\u00c9quipe<\/li>\n<li><a href=\"https:\/\/news.google.com\/rss\/articles\/CBMizwFBVV95cUxPeXJNZ0ZxOU9CRDhtUXZkX1JVSGlWbVZoUGhsMWo0UFM2Nkc3S2ZXVjZXWDFwMnhPRGJ5bExLZ3g3RDBqczVvVDdyN0tvcWJ6Y3BNOWtWMlIwdlJMQzZBaUVQZm9Hd25KZHotVWpUQWFuejIwN2F6ZkcyRDFaWngybXRLMkNxdENFMkZNNThsV1hpN0Nfc05naDk1ZFBDbWxmaWU0QVRXRkpSZUNubHprTUhvSmFPeW5oMFNVeUdlYnFKazFVZ0h6LXJBcUxDX3fSAc4BQVVfeXFMUDhHTVM2VktTcUMxLU5KUzVyVnpqRi10SEVOalhiODMzclRLWjY2Yk90ejVkVHU5VkRBQjh6SlRMM2tOdEpDTGxCTDZQRktvWElodDJpMjVUVTJyTjEwdHZUa0dRYThwdl9ZeW5lOElIWHltQ19XeWxlVVBSMW1aRkFJNDFqc0g0U0JpY19GUFh0WGhPeXZJdnRoaDg0TzVfQURpakpvdGhDbHpyRkI2TXYtc3gwajlDbDEzUU9EWW0xTm5Qd2VHQXpmdVBacmc?oc=5\" target=\"_blank\" rel=\"nofollow noopener\">XV de France : Le Garrec titulaire contre l&rsquo;Afrique du Sud ? : Sports &#8211; Orange<\/a>&nbsp;&nbsp;Sports &#8211; Orange<\/li>\n<li><a href=\"https:\/\/news.google.com\/rss\/articles\/CBMi0AFBVV95cUxQV3oyVC00QjZzUTdhbm1iSGp3cnAtVjhJWXdJQlBUMUZUQ0ZsNllVUWVsWmhWRHI4R3NnMEFSa29rS3A2cndtZTVyMXV0QkQ3Umk4SmZuVnNtTmI3NGZSRGpmYVhsc2JjTzc5QndUb3czRW4xRm4tV1Uxbzk1TmlUZXFhTmczUjQ3Mi12cFpIM2dFQlFlUk1lRXFyUXFTa0EzU2FiSHZYYUljOUZDMWVSVXg5ODh5WGNyeEdPdkNFbTZrMmo3Ukp1Yk5lN3hNdXd3?oc=5\" target=\"_blank\" rel=\"nofollow noopener\">Top 14: Alldritt s&rsquo;est entra\u00een\u00e9 avec les titulaires avant la r\u00e9ception du Racing 92<\/a>&nbsp;&nbsp;Le Figaro<\/li>\n<\/ol>\n","protected":false},"excerpt":{"rendered":"Ollivon appel\u00e9, Massa remplac\u00e9 : la liste des 42 pour pr\u00e9parer l\u2019Afrique du Sud&nbsp;&nbsp;Rugbyrama XV de France I&hellip;\n","protected":false},"author":2,"featured_media":395849,"comment_status":"","ping_status":"","sticky":false,"template":"","format":"standard","meta":{"footnotes":""},"categories":[1416],"tags":[1011,27,479,1468,60],"class_list":{"0":"post-502465","1":"post","2":"type-post","3":"status-publish","4":"format-standard","5":"has-post-thumbnail","7":"category-rugby","8":"tag-fr","9":"tag-france","10":"tag-rugby","11":"tag-rugby-football","12":"tag-sports"},"share_on_mastodon":{"url":"https:\/\/pubeurope.com\/@fr\/115469416272855026","error":""},"_links":{"self":[{"href":"https:\/\/www.europesays.com\/fr\/wp-json\/wp\/v2\/posts\/502465","targetHints":{"allow":["GET"]}}],"collection":[{"href":"https:\/\/www.europesays.com\/fr\/wp-json\/wp\/v2\/posts"}],"about":[{"href":"https:\/\/www.europesays.com\/fr\/wp-json\/wp\/v2\/types\/post"}],"author":[{"embeddable":true,"href":"https:\/\/www.europesays.com\/fr\/wp-json\/wp\/v2\/users\/2"}],"replies":[{"embeddable":true,"href":"https:\/\/www.europesays.com\/fr\/wp-json\/wp\/v2\/comments?post=502465"}],"version-history":[{"count":0,"href":"https:\/\/www.europesays.com\/fr\/wp-json\/wp\/v2\/posts\/502465\/revisions"}],"wp:featuredmedia":[{"embeddable":true,"href":"https:\/\/www.europesays.com\/fr\/wp-json\/wp\/v2\/media\/395849"}],"wp:attachment":[{"href":"https:\/\/www.europesays.com\/fr\/wp-json\/wp\/v2\/media?parent=502465"}],"wp:term":[{"taxonomy":"category","embeddable":true,"href":"https:\/\/www.europesays.com\/fr\/wp-json\/wp\/v2\/categories?post=502465"},{"taxonomy":"post_tag","embeddable":true,"href":"https:\/\/www.europesays.com\/fr\/wp-json\/wp\/v2\/tags?post=502465"}],"curies":[{"name":"wp","href":"https:\/\/api.w.org\/{rel}","templated":true}]}}