{"id":502469,"date":"2025-10-31T15:15:14","date_gmt":"2025-10-31T15:15:14","guid":{"rendered":"https:\/\/www.europesays.com\/fr\/502469\/"},"modified":"2025-10-31T15:15:14","modified_gmt":"2025-10-31T15:15:14","slug":"des-matchs-perdus-ou-ladversaire-na-rien-montre","status":"publish","type":"post","link":"https:\/\/www.europesays.com\/fr\/502469\/","title":{"rendered":"Des matchs perdus o\u00f9 l\u2019adversaire n\u2019a rien montr\u00e9"},"content":{"rendered":"<p>                            <img width=\"770\" height=\"433\" src=\"https:\/\/www.europesays.com\/fr\/wp-content\/uploads\/2025\/10\/IMG_3594-770x433.jpg\" class=\"attachment-article size-article wp-post-image\" alt=\"Paulo Fonseca (OL) en conf\u00e9rence de presse\" decoding=\"async\" fetchpriority=\"high\"  \/><\/p>\n<p>Paulo Fonseca (OL) en conf\u00e9rence de presse (cr\u00e9dit : David Hernandez)<\/p>\n<p>Forc\u00e9ment frustr\u00e9 par la contre-performance de l\u2019OL face au Paris FC, Paulo Fonseca ne voulait pas tout jeter pour autant. N\u00e9anmoins, l\u2019entra\u00eeneur demande plus de concentration de la part de ses joueurs.<\/p>\n<p>Ce n\u2019\u00e9tait pas un coach remont\u00e9 mais un peu quand m\u00eame. Deux jours apr\u00e8s le nul de l\u2019<strong>OL<\/strong> au <strong>Paris FC<\/strong> (3-3), Paulo <strong>Fonseca<\/strong> avait un peu la t\u00eate des mauvais jours. Il y avait de quoi apr\u00e8s avoir laiss\u00e9 fondre trois buts d\u2019avance apr\u00e8s l\u2019heure de jeu. Pourtant, au moment d\u2019apporter une explication \u00e0 ce trou noir, le Portugais n\u2019a pas forc\u00e9ment voulu mettre \u00e7a sur ses changements et notamment la tactique plus d\u00e9fensive avec un passage en 5-3-1 et le seul Pavel <strong>Sulc<\/strong> en pointe jusqu\u2019\u00e0 cinq minutes de la fin. \u00ab\u00a0Nous avons la situation d\u2019Abner et nous devons faire entrer Nico. Coco (Tolisso) a aussi demand\u00e9 <a href=\"https:\/\/www.olympique-et-lyonnais.com\/paris-fc-ol-3-3-maciel-justifie-la-sortie-de-tolisso,383712.html\" target=\"_blank\" rel=\"noopener\">\u00e0 faire le changement. <\/a>Ca conditionne un peu les changements\u00a0\u00bb, a-t-il cherch\u00e9 \u00e0 s\u2019expliquer ce vendredi.<\/p>\n<p>\u00ab\u00a0La concentration a avant tout manqu\u00e9\u00a0\u00bb<\/p>\n<p>Si la remise en question se ferait peut-\u00eatre bien en interne depuis quarante-huit heures, sur la place publique, rien. Au contraire, <strong>Fonseca<\/strong> a avant tout ax\u00e9 son discours sur la concentration des joueurs, m\u00eame \u00e0 3-0. \u00ab\u00a0Contre le Paris FC, c\u2019est la concentration qui a manqu\u00e9. Ce n&rsquo;\u00e9tait pas tactique. Et mon \u00e9quipe est pr\u00e9par\u00e9e pour diff\u00e9rentes mani\u00e8res de d\u00e9fendre, mais il fallait beaucoup plus de concentration.\u00a0\u00bb Dans une soir\u00e9e que les Lyonnais pourraient bien regretter \u00e0 l\u2019avenir, le Portugais ne veut pas tout jeter \u00e0 la poubelle.<\/p>\n<p>Au contraire, il insiste sur le fait que ces \u00e9checs viennent avant tout d\u2019inattention plus que d\u2019une sup\u00e9riorit\u00e9 adverse. \u00ab\u00a0Qu\u2019est-ce que le Paris FC a cr\u00e9\u00e9 contre nous\u00a0? Rien, rien.\u00a0Nice ? Pareil. Toulouse\u00a0 aussi. \u00c0 3-0, pour nous, Dominik Greif n&rsquo;a pas eu d&rsquo;arr\u00eat \u00e0 faire. Le premier but de Paris a fait mal. Et sur le 3e but du Paris FC,\u00a0 il y a un ballon contr\u00e9, but, c&rsquo;est le foot aussi. Mais c&rsquo;est toute l&rsquo;\u00e9quipe qui a rel\u00e2ch\u00e9, alors qu&rsquo;elle n&rsquo;avait pas eu cette attitude contre des rivaux plus forts que nous avons battus.\u00a0\u00bb Malgr\u00e9 le nul et le sc\u00e9nario, rien ne doit donc changer \u00e0 l\u2019OL. En esp\u00e9rant que cette philosophie porte ses fruits dimanche \u00e0 <strong>Brest<\/strong> (20h45).<\/p>\n","protected":false},"excerpt":{"rendered":"Paulo Fonseca (OL) en conf\u00e9rence de presse (cr\u00e9dit : David Hernandez) Forc\u00e9ment frustr\u00e9 par la contre-performance de l\u2019OL&hellip;\n","protected":false},"author":2,"featured_media":502470,"comment_status":"","ping_status":"","sticky":false,"template":"","format":"standard","meta":{"footnotes":""},"categories":[1410],"tags":[63,1011,27,66,241,978,60],"class_list":{"0":"post-502469","1":"post","2":"type-post","3":"status-publish","4":"format-standard","5":"has-post-thumbnail","7":"category-football","8":"tag-football","9":"tag-fr","10":"tag-france","11":"tag-ligue-1","12":"tag-ol","13":"tag-olympique-lyonnais","14":"tag-sports"},"share_on_mastodon":{"url":"https:\/\/pubeurope.com\/@fr\/115469440639725097","error":""},"_links":{"self":[{"href":"https:\/\/www.europesays.com\/fr\/wp-json\/wp\/v2\/posts\/502469","targetHints":{"allow":["GET"]}}],"collection":[{"href":"https:\/\/www.europesays.com\/fr\/wp-json\/wp\/v2\/posts"}],"about":[{"href":"https:\/\/www.europesays.com\/fr\/wp-json\/wp\/v2\/types\/post"}],"author":[{"embeddable":true,"href":"https:\/\/www.europesays.com\/fr\/wp-json\/wp\/v2\/users\/2"}],"replies":[{"embeddable":true,"href":"https:\/\/www.europesays.com\/fr\/wp-json\/wp\/v2\/comments?post=502469"}],"version-history":[{"count":0,"href":"https:\/\/www.europesays.com\/fr\/wp-json\/wp\/v2\/posts\/502469\/revisions"}],"wp:featuredmedia":[{"embeddable":true,"href":"https:\/\/www.europesays.com\/fr\/wp-json\/wp\/v2\/media\/502470"}],"wp:attachment":[{"href":"https:\/\/www.europesays.com\/fr\/wp-json\/wp\/v2\/media?parent=502469"}],"wp:term":[{"taxonomy":"category","embeddable":true,"href":"https:\/\/www.europesays.com\/fr\/wp-json\/wp\/v2\/categories?post=502469"},{"taxonomy":"post_tag","embeddable":true,"href":"https:\/\/www.europesays.com\/fr\/wp-json\/wp\/v2\/tags?post=502469"}],"curies":[{"name":"wp","href":"https:\/\/api.w.org\/{rel}","templated":true}]}}