{"id":502471,"date":"2025-10-31T15:16:25","date_gmt":"2025-10-31T15:16:25","guid":{"rendered":"https:\/\/www.europesays.com\/fr\/502471\/"},"modified":"2025-10-31T15:16:25","modified_gmt":"2025-10-31T15:16:25","slug":"prince-andrew-humilie-on-sait-enfin-ou-il-pose-ses-valises-et-ca-na-plus-rien-de-royal-photos","status":"publish","type":"post","link":"https:\/\/www.europesays.com\/fr\/502471\/","title":{"rendered":"Prince Andrew humili\u00e9, on sait enfin o\u00f9 il pose ses valises et \u00e7a n\u2019a plus rien de royal (Photos)"},"content":{"rendered":"<p>Il aura fallu plusieurs ann\u00e9es avant de faire le changement,<br \/>\nmais le grand jour semble \u00eatre arriv\u00e9. Selon les informations de la<br \/>\n<a href=\"https:\/\/www.bbc.com\/\" rel=\"nofollow noopener\" target=\"_blank\">BBC<\/a> qui cite le<br \/>\npalais de Buckinghma, <strong>le prince Andrew a enfin d\u00e9cid\u00e9 de<br \/>\nquitter le Royal Lodge<\/strong>. Ce <a href=\"https:\/\/www.closermag.fr\/royautes\/prince-andrew-dechu-voici-a-quoi-ressemble-le-manoir-de-30-pieces-quil-doit-evacuer-avec-sarah-ferguson-photos-3590672\" target=\"_blank\" rel=\"noopener\"><br \/>\nmanoir d\u2019une trentaine de pi\u00e8ces<\/a> pour lequel il payait un loyer<br \/>\nd\u00e9risoire est sa r\u00e9sidence depuis le d\u00e9but des ann\u00e9es 2000. Il s\u2019y<br \/>\n\u00e9tait install\u00e9 avec ses filles, les princesses Eugenie et Beatrice.<br \/>\nEn 2008, son ex-femme Sarah Ferguson avait \u00e9galement emm\u00e9nag\u00e9 au<br \/>\nRoyal Lodge.<\/p>\n<p>Seulement au fil des ans, le prince Andrew s\u2019est retrouv\u00e9 au<br \/>\nc\u0153ur de nombreux scandales \u00e0 cause de ses liens avec Jeffrey<br \/>\nEpstein. L\u2019homme d\u2019affaires accus\u00e9 de p\u00e9dophilie et trafic de<br \/>\nmineurs s\u2019est suicid\u00e9 en prison en 2019, et une de ses accusatrices<br \/>\n&#8211; <strong>Virginia Giuffre &#8211; a \u00e9galement accus\u00e9 le prince Andrew<br \/>\nd\u2019agression sexuelle<\/strong> quand elle \u00e9tait mineure. Une affaire<br \/>\nqui a pouss\u00e9 la famille royale \u00e0 prendre ses distances avec le<br \/>\nprince Andrew.<\/p>\n<p><img loading=\"lazy\" decoding=\"async\" itemprop=\"thumbnailUrl\" class=\"aligncenter size-large wp-image-3590726 img-responsive\" src=\"https:\/\/www.europesays.com\/fr\/wp-content\/uploads\/2025\/10\/bestimage_00703481_000019-2-666x1024.jpg\" alt=\"\" width=\"666\" height=\"1024\"\/> \u00a9<br \/>\nBESTIMAGE<\/p>\n<p>Le prince Andrew s\u2019installe \u00e0 Sandringham<\/p>\n<p>En plus de <a href=\"https:\/\/www.closermag.fr\/royautes\/andrew-nest-plus-prince-charles-iii-lui-retire-officiellement-tous-ses-titres-et-le-fait-quitter-le-royal-lodge-3590575\" rel=\"noopener\" target=\"_blank\">la destitution de ses titres royaux<\/a>, le roi Charles III<br \/>\na demand\u00e9 \u00e0 son fr\u00e8re de quitter le Royal Lodge. Mais l\u2019ex-duc<br \/>\nd\u2019York, qui y cohabitait avec Sarah Ferguson, \u00e9tait <strong>plus<br \/>\nque r\u00e9ticent \u00e0 d\u00e9m\u00e9nager<\/strong>. Certaines rumeurs ont circul\u00e9<br \/>\nselon lesquelles il voulait <a href=\"https:\/\/www.closermag.fr\/royautes\/prince-andrew-et-sarah-ferguson-la-veritable-raison-pour-laquelle-les-ex-veulent-desormais-vivre-separement-3590191\" target=\"_blank\" rel=\"noopener\"><br \/>\nd\u00e9sormais vivre s\u00e9par\u00e9ment de son ex-femme<\/a>. Les noms de deux<br \/>\nr\u00e9sidences royales avaient donc \u00e9t\u00e9 \u00e9voqu\u00e9s : Frogmore Cottage o\u00f9<br \/>\nle prince Harry et Meghan Markle habitaient avant de quitter le<br \/>\nRoyaume-Uni, et Adelaide Cottage que le prince William, Kate<br \/>\nMiddleton et leurs enfants s\u2019appr\u00eatent \u00e0 quitter.<\/p>\n<p>Selon les derni\u00e8res informations, <strong>c\u2019est sur les terres<br \/>\nde Sandringham que le prince Andrew va poser ses valises<\/strong>,<br \/>\net plus pr\u00e9cis\u00e9ment \u00e0 Wood Farm. Cette petite ferme a longtemps \u00e9t\u00e9<br \/>\nla r\u00e9sidence pr\u00e9f\u00e9r\u00e9e de la reine Elizabeth II, morte en septembre<br \/>\n2022. La famille royale avait pour habitude d\u2019y h\u00e9berger les<br \/>\npersonnes divorc\u00e9es lors des vacances pour qu\u2019elles soient proches<br \/>\nde leur famille sans pour autant \u00eatre h\u00e9berg\u00e9es \u00e0 Sandringham House<br \/>\n&#8211; comme ce fut par exemple le cas de Sarah Ferguson.<\/p>\n<p>D\u2019un manoir \u00e0 un petit cottage<\/p>\n<p>Apr\u00e8s sa retraite en 2017, c\u2019est \u00e0 Wood Farm que le prince<br \/>\nPhilip, mari de la reine Elizabeth II, s\u2019est install\u00e9. Loin de la<br \/>\ntrentaine de pi\u00e8ces du Royal Lodge, Wood Farm poss\u00e8de <strong>cinq<br \/>\nchambres et se situe dans un petit coin isol\u00e9<\/strong> des 8000<br \/>\nhectares du domaine de Sandringham. Toujours selon la m\u00eame source,<br \/>\ncet emm\u00e9nagement sera financ\u00e9 par les fonds priv\u00e9s du roi Charles<br \/>\nIII.<\/p>\n<p>Diaporama<br \/>\n<img decoding=\"async\" class=\"diapo_img img-responsive lazy-load\" loading=\"lazy\" src=\"https:\/\/www.europesays.com\/fr\/wp-content\/uploads\/2025\/10\/bestimage_00730570_000002.jpg\"\/><\/p>\n<p>\u00a9 BESTIMAGE<\/p>\n<p>1\/5 La ferme Wood Farm vue du ciel<\/p>\n<p>Le prince Andrew quitte le Royal Lodge pour s&rsquo;installer \u00e0<br \/>\nSandringham<\/p>\n<p><img decoding=\"async\" class=\"diapo_img img-responsive lazy-load\" loading=\"lazy\" src=\"https:\/\/www.europesays.com\/fr\/wp-content\/uploads\/2025\/10\/bestimage_00730570_000007.jpg\"\/><\/p>\n<p>\u00a9 BESTIMAGE<\/p>\n<p>2\/5 Farm\u00a0<\/p>\n<p>Wood Farm poss\u00e8de cinq chambres et se trouve dans un coin isol\u00e9<br \/>\ndu domaine de Sandringham<\/p>\n<p><img decoding=\"async\" class=\"diapo_img img-responsive lazy-load\" loading=\"lazy\" src=\"https:\/\/www.europesays.com\/fr\/wp-content\/uploads\/2025\/10\/bestimage_00730570_000010.jpg\"\/><\/p>\n<p>\u00a9 BESTIMAGE<\/p>\n<p>3\/5 Il devrait bient\u00f4t y poser ses<br \/>\nvalises<\/p>\n<p>C&rsquo;\u00e9tait un des endroits pr\u00e9f\u00e9r\u00e9s de la reine Elizabeth II o\u00f9<br \/>\nelle aimait passer du temps avec sa famille<\/p>\n<p><img decoding=\"async\" class=\"diapo_img img-responsive lazy-load\" loading=\"lazy\" src=\"https:\/\/www.europesays.com\/fr\/wp-content\/uploads\/2025\/10\/bestimage_00730570_000004-1.jpg\"\/><\/p>\n<p>\u00a9 BESTIMAGE<\/p>\n<p>4\/5 La demeure du prince Philip<\/p>\n<p>Apr\u00e8s sa retraite en 2017, c&rsquo;est \u00e0 Farm Wood que le prince<br \/>\nPhilip, le mari de la reine Elizabeth II, s&rsquo;est install\u00e9<\/p>\n<p><img decoding=\"async\" class=\"diapo_img img-responsive lazy-load\" loading=\"lazy\" src=\"https:\/\/www.europesays.com\/fr\/wp-content\/uploads\/2025\/10\/bestimage_00730570_000009-1.jpg\"\/><\/p>\n<p>\u00a9 BESTIMAGE<\/p>\n<p>5\/5 Aux frais du roi<\/p>\n<p>Le d\u00e9m\u00e9nagement d&rsquo;Andrew sera financ\u00e9 par les fonds priv\u00e9s du<br \/>\nroi Charles III<\/p>\n","protected":false},"excerpt":{"rendered":"Il aura fallu plusieurs ann\u00e9es avant de faire le changement, mais le grand jour semble \u00eatre arriv\u00e9. Selon&hellip;\n","protected":false},"author":2,"featured_media":502472,"comment_status":"","ping_status":"","sticky":false,"template":"","format":"standard","meta":{"footnotes":""},"categories":[1359],"tags":[58,59,1011,27,1638,973,546,60309],"class_list":{"0":"post-502471","1":"post","2":"type-post","3":"status-publish","4":"format-standard","5":"has-post-thumbnail","7":"category-people","8":"tag-divertissement","9":"tag-entertainment","10":"tag-fr","11":"tag-france","12":"tag-has_diapo","13":"tag-people","14":"tag-prince-andrew","15":"tag-sarah-ferguson"},"share_on_mastodon":{"url":"https:\/\/pubeurope.com\/@fr\/115469445121073282","error":""},"_links":{"self":[{"href":"https:\/\/www.europesays.com\/fr\/wp-json\/wp\/v2\/posts\/502471","targetHints":{"allow":["GET"]}}],"collection":[{"href":"https:\/\/www.europesays.com\/fr\/wp-json\/wp\/v2\/posts"}],"about":[{"href":"https:\/\/www.europesays.com\/fr\/wp-json\/wp\/v2\/types\/post"}],"author":[{"embeddable":true,"href":"https:\/\/www.europesays.com\/fr\/wp-json\/wp\/v2\/users\/2"}],"replies":[{"embeddable":true,"href":"https:\/\/www.europesays.com\/fr\/wp-json\/wp\/v2\/comments?post=502471"}],"version-history":[{"count":0,"href":"https:\/\/www.europesays.com\/fr\/wp-json\/wp\/v2\/posts\/502471\/revisions"}],"wp:featuredmedia":[{"embeddable":true,"href":"https:\/\/www.europesays.com\/fr\/wp-json\/wp\/v2\/media\/502472"}],"wp:attachment":[{"href":"https:\/\/www.europesays.com\/fr\/wp-json\/wp\/v2\/media?parent=502471"}],"wp:term":[{"taxonomy":"category","embeddable":true,"href":"https:\/\/www.europesays.com\/fr\/wp-json\/wp\/v2\/categories?post=502471"},{"taxonomy":"post_tag","embeddable":true,"href":"https:\/\/www.europesays.com\/fr\/wp-json\/wp\/v2\/tags?post=502471"}],"curies":[{"name":"wp","href":"https:\/\/api.w.org\/{rel}","templated":true}]}}