{"id":502485,"date":"2025-10-31T15:24:12","date_gmt":"2025-10-31T15:24:12","guid":{"rendered":"https:\/\/www.europesays.com\/fr\/502485\/"},"modified":"2025-10-31T15:24:12","modified_gmt":"2025-10-31T15:24:12","slug":"nawell-madani-fait-son-mea-culpa-apres-avoir-rencontre-lenfant-quelle-a-frappe-au-thorax","status":"publish","type":"post","link":"https:\/\/www.europesays.com\/fr\/502485\/","title":{"rendered":"Nawell Madani fait son mea culpa apr\u00e8s avoir rencontr\u00e9 l\u2019enfant qu\u2019elle a frapp\u00e9 au thorax"},"content":{"rendered":"<p>        <img decoding=\"async\" loading=\"lazy\" src=\"https:\/\/www.europesays.com\/fr\/wp-content\/uploads\/2025\/10\/b654059_upload-1-lnpg6uctilp7-afp-20230519-33fm2dm-v2-highres-francefilmfestivalcannes.jpg\"  width=\"728\" height=\"409\" alt=\"Nawell Madani, ici le 20\u00a0mai\u00a02023\u00a0\u00e0 Cannes, a pr\u00e9sent\u00e9 ses excuses au petit gar\u00e7on de six\u00a0ans \u00e0 qui elle avait\u00a0port\u00e9 un coup au thorax\u00a0dans la soir\u00e9e du lundi 6\u00a0octobre 2025.\"\/>  <\/p>\n<p>PATRICIA DE MELO MOREIRA \/ AFP<\/p>\n<p>Nawell Madani, ici le 20\u00a0mai\u00a02023\u00a0\u00e0 Cannes, a pr\u00e9sent\u00e9 ses excuses au petit gar\u00e7on de six\u00a0ans \u00e0 qui elle avait\u00a0port\u00e9 un coup au thorax\u00a0dans la soir\u00e9e du lundi 6\u00a0octobre 2025.<\/p>\n<p class=\"asset asset-text\">FAITS DIVERS &#8211; Des excuses \u00ab\u00a0loin de toute confusion\u00a0\u00bb. Ce jeudi 30 octobre,<a href=\"https:\/\/www.huffingtonpost.fr\/faits-divers\/article\/nawell-madani-accusee-d-avoir-frappe-un-enfant-en-pleine-rue-une-enquete-ouverte-pour-violence_255749.html\" target=\"_blank\" rel=\"noopener\"> Nawell Madani<\/a> a publi\u00e9 sur ses r\u00e9seaux sociaux un selfie en compagnie du petit Djulian, 6 ans, et de ses fr\u00e8res. Tous apparaissent souriants. Une image de r\u00e9conciliation, trois semaines apr\u00e8s un incident qui avait suscit\u00e9 une vive pol\u00e9mique.<\/p>\n<p class=\"asset asset-text\">Dans la soir\u00e9e du 6\u00a0octobre,<a href=\"https:\/\/www.huffingtonpost.fr\/divertissement\/article\/dans-quelle-epoque-nawell-madani-resume-l-enjeu-de-la-charge-mentale-avec-cette-petite-phrase_216354.html\" target=\"_blank\" rel=\"noopener\"> l\u2019humoriste belge<\/a> avait donn\u00e9 un coup au thorax du petit gar\u00e7on, affirmant qu\u2019il l\u2019avait effray\u00e9e en pleine rue, <a href=\"https:\/\/www.huffingtonpost.fr\/sport\/video\/apres-la-qualification-du-psg-en-finale-de-la-ligue-des-champions-nuit-bouillante-aux-champs-elysees-et-partout-dans-paris_249758.html\" target=\"_blank\" rel=\"noopener\">sur les Champs-\u00c9lys\u00e9es<\/a>. Le p\u00e8re de l\u2019enfant avait ensuite d\u00e9pos\u00e9 plainte, et l\u2019affaire avait rapidement pris une tournure m\u00e9diatique apr\u00e8s la diffusion d\u2019extraits vid\u00e9o et de t\u00e9moignages contradictoires.<\/p>\n<p class=\"asset asset-text\">Dans son post <a href=\"https:\/\/www.huffingtonpost.fr\/tech-futurs\/video\/vos-donnees-publiques-facebook-et-instagram-vont-aider-meta-a-entrainer-son-ia-sauf-si-clx2_250296.html\" target=\"_blank\" rel=\"noopener\">Instagram<\/a>, Nawell Madani revient sur cette rencontre et reconna\u00eet un \u00ab\u00a0malentendu\u00a0\u00bb \u00e0 l\u2019origine des faits. \u00ab\u00a0Il est des rencontres n\u00e9es d\u2019un malentendu qui, avec le temps, nous font grandir. Entre la peur et les mauvaises interpr\u00e9tations, il manquait des mots\u00a0\u00bb, \u00e9crit-elle.<\/p>\n<p class=\"asset asset-text\">\u00ab\u00a0Nous avons choisi la clart\u00e9, la douceur et l\u2019apaisement d\u2019une rencontre avec Djulian et les siens, pour que la sinc\u00e9rit\u00e9 et les excuses s\u2019expriment enfin avec justesse, loin de toute confusion\u00a0\u00bb, poursuit l\u2019humoriste.<\/p>\n<p> La lecture de ce contenu est susceptible d\u2019entra\u00eener un d\u00e9p\u00f4t de cookies de la part de l\u2019op\u00e9rateur tiers qui l\u2019h\u00e9berge. Compte-tenu des choix que vous avez exprim\u00e9s en mati\u00e8re de d\u00e9p\u00f4t de cookies, nous avons bloqu\u00e9 l\u2019affichage de ce contenu. Si vous souhaitez y acc\u00e9der, vous devez accepter la cat\u00e9gorie de cookies \u201cContenus tiers\u201d en cliquant sur le bouton ci-dessous. <\/p>\n<p> Lire la Vid\u00e9o        Une rencontre \u00e0 la demande de l\u2019humoriste    <\/p>\n<p class=\"asset asset-text\">Selon <a href=\"https:\/\/www.leparisien.fr\/faits-divers\/des-excuses-avec-justesse-nawell-madani-rencontre-lenfant-de-6-ans-a-qui-elle-avait-porte-un-coup-31-10-2025-XGGJIKRQ4BEVPJH3DKQWNW5ANU.php\" target=\"_blank\" rel=\"noopener\" title=\"Nouvelle fen\u00eatre\">Le Parisien<\/a>, c\u2019est Nawell Madani qui a sollicit\u00e9 cette rencontre. \u00ab\u00a0C\u2019est elle qui a demand\u00e9 \u00e0 les rencontrer et j\u2019ai fini par accepter\u00a0\u00bb, a confi\u00e9 Jean-Marc, le p\u00e8re de Djulian, au quotidien. \u00ab\u00a0Le plus important pour moi, c\u2019\u00e9tait qu\u2019elle fasse ses excuses \u00e0 Djulian. Parce qu\u2019un enfant a besoin de \u00e7a et c\u2019est la seule chose qu\u2019il peut comprendre dans toute cette histoire. Le reste, c\u2019est aux adultes de g\u00e9rer\u00a0\u00bb, a-t-il ajout\u00e9.<\/p>\n<p class=\"asset asset-text\">De son c\u00f4t\u00e9, l\u2019humoriste belge a conclu son message Instagram sur une note apais\u00e9e, affirmant avoir \u00ab\u00a0d\u00e9couvert une famille digne, des enfants intelligents, sensibles et pleins de c\u0153ur\u00a0\u00bb. Et d\u2019ajouter\u00a0: \u00ab\u00a0Parfois, la vie nous secoue pour nous rappeler ce qui compte vraiment.\u00a0\u00bb<\/p>\n<p class=\"asset asset-text\">Cet \u00e9change semble avoir apais\u00e9 les tensions et marqu\u00e9 la fin de l\u2019incident. Le 6 octobre dernier, Djulian et ses trois fr\u00e8res, \u00e2g\u00e9s de 6 \u00e0 13 ans, avaient crois\u00e9 Nawell Madani apr\u00e8s un d\u00eener familial. Le petit gar\u00e7on, souhaitant une photo avec l\u2019humoriste, s\u2019\u00e9tait approch\u00e9 d\u2019elle, ce qui a provoqu\u00e9 une r\u00e9action de l\u2019artiste\u00a0: elle lui avait port\u00e9 un coup au thorax, pensant \u00eatre menac\u00e9e. Djulian avait \u00e9t\u00e9 conduit \u00e0 l\u2019h\u00f4pital Necker.<\/p>\n<p class=\"asset asset-text\">Nawell Madani s\u2019\u00e9tait pr\u00e9sent\u00e9e d\u2019elle-m\u00eame au commissariat du VIIIe arrondissement dans la suite de la soir\u00e9e, expliquant avoir agi par r\u00e9flexe de d\u00e9fense. Son avocate avait soulign\u00e9 que l\u2019humoriste avait \u00e9t\u00e9 \u00ab\u00a0profond\u00e9ment affect\u00e9e\u00a0\u00bb par l\u2019incident et qu\u2019elle marchait seule dans la rue tard le soir, craignant pour sa s\u00e9curit\u00e9. Une enqu\u00eate pour\u00a0violence sur mineur\u00a0de moins de 15 ans avait \u00e9t\u00e9 ouverte.<\/p>\n<p class=\"asset asset-text\">Le 10 octobre, le parquet de Paris avait pr\u00e9cis\u00e9 que Nawell Madani ne passerait pas par un proc\u00e8s p\u00e9nal mais serait convoqu\u00e9e devant un d\u00e9l\u00e9gu\u00e9 du procureur pour une contribution citoyenne, une mesure alternative aux poursuites.<\/p>\n","protected":false},"excerpt":{"rendered":"PATRICIA DE MELO MOREIRA \/ AFP Nawell Madani, ici le 20\u00a0mai\u00a02023\u00a0\u00e0 Cannes, a pr\u00e9sent\u00e9 ses excuses au petit&hellip;\n","protected":false},"author":2,"featured_media":502486,"comment_status":"","ping_status":"","sticky":false,"template":"","format":"standard","meta":{"footnotes":""},"categories":[8],"tags":[58,59,118,1011,27,2701,303,973],"class_list":{"0":"post-502485","1":"post","2":"type-post","3":"status-publish","4":"format-standard","5":"has-post-thumbnail","7":"category-divertissement","8":"tag-divertissement","9":"tag-entertainment","10":"tag-faits-divers","11":"tag-fr","12":"tag-france","13":"tag-humoriste","14":"tag-justice","15":"tag-people"},"share_on_mastodon":{"url":"https:\/\/pubeurope.com\/@fr\/115469476061041845","error":""},"_links":{"self":[{"href":"https:\/\/www.europesays.com\/fr\/wp-json\/wp\/v2\/posts\/502485","targetHints":{"allow":["GET"]}}],"collection":[{"href":"https:\/\/www.europesays.com\/fr\/wp-json\/wp\/v2\/posts"}],"about":[{"href":"https:\/\/www.europesays.com\/fr\/wp-json\/wp\/v2\/types\/post"}],"author":[{"embeddable":true,"href":"https:\/\/www.europesays.com\/fr\/wp-json\/wp\/v2\/users\/2"}],"replies":[{"embeddable":true,"href":"https:\/\/www.europesays.com\/fr\/wp-json\/wp\/v2\/comments?post=502485"}],"version-history":[{"count":0,"href":"https:\/\/www.europesays.com\/fr\/wp-json\/wp\/v2\/posts\/502485\/revisions"}],"wp:featuredmedia":[{"embeddable":true,"href":"https:\/\/www.europesays.com\/fr\/wp-json\/wp\/v2\/media\/502486"}],"wp:attachment":[{"href":"https:\/\/www.europesays.com\/fr\/wp-json\/wp\/v2\/media?parent=502485"}],"wp:term":[{"taxonomy":"category","embeddable":true,"href":"https:\/\/www.europesays.com\/fr\/wp-json\/wp\/v2\/categories?post=502485"},{"taxonomy":"post_tag","embeddable":true,"href":"https:\/\/www.europesays.com\/fr\/wp-json\/wp\/v2\/tags?post=502485"}],"curies":[{"name":"wp","href":"https:\/\/api.w.org\/{rel}","templated":true}]}}