{"id":502497,"date":"2025-10-31T15:30:40","date_gmt":"2025-10-31T15:30:40","guid":{"rendered":"https:\/\/www.europesays.com\/fr\/502497\/"},"modified":"2025-10-31T15:30:40","modified_gmt":"2025-10-31T15:30:40","slug":"atteinte-de-la-maladie-de-charcot-elle-sera-au-depart-du-marathon-de-porto","status":"publish","type":"post","link":"https:\/\/www.europesays.com\/fr\/502497\/","title":{"rendered":"atteinte de la maladie de Charcot, elle sera au d\u00e9part du marathon de Porto"},"content":{"rendered":"<p>La maladie de Charcot l\u2019a frapp\u00e9e en pleine force de l\u2019\u00e2ge. Paula Dos Santos, cheffe d\u2019entreprise dans la coiffure, avait 35 ans. Les premiers sympt\u00f4mes se sont manifest\u00e9s en pleine vague hivernale avec une jambe gauche qu\u2019elle avait du mal \u00e0 bouger.\u00a0Elle ne s\u2019en inqui\u00e8te pas plus que \u00e7a.\u00a0D\u00e9but janvier, cette jambe gauche se fait \u00e0 nouveau lourde.<\/p>\n<p>\u00ab\u00a0J\u2019\u00e9tais all\u00e9e courir autour du stade de l\u2019Etivalli\u00e8re et ma jambe tra\u00eenait. Je m\u2019\u00e9tais alors arr\u00eat\u00e9e et j\u2019avais attendu que mon fils termine son entra\u00eenement.\u00a0\u00bb Elle tait cet \u00e9pisode. Ne se plaint pas. \u00ab\u00a0Fin janvier, lors d\u2019un rendez-vous m\u00e9dical, le m\u00e9decin est interpell\u00e9 par ma jambe. Il joint mon g\u00e9n\u00e9raliste et tout s\u2019est vite encha\u00een\u00e9\u00a0\u00bb, raconte cette&#8230;<\/p>\n","protected":false},"excerpt":{"rendered":"La maladie de Charcot l\u2019a frapp\u00e9e en pleine force de l\u2019\u00e2ge. Paula Dos Santos, cheffe d\u2019entreprise dans la&hellip;\n","protected":false},"author":2,"featured_media":502498,"comment_status":"","ping_status":"","sticky":false,"template":"","format":"standard","meta":{"footnotes":""},"categories":[9653],"tags":[1111,11,2430,7539,1777,674,107,1011,27,3367,12,25,4001,7538,71,4604,10806],"class_list":{"0":"post-502497","1":"post","2":"type-post","3":"status-publish","4":"format-standard","5":"has-post-thumbnail","7":"category-saint-etienne","8":"tag-actu","9":"tag-actualites","10":"tag-auvergne-rhone-alpes","11":"tag-edition-loire-sud","12":"tag-eu","13":"tag-europe","14":"tag-fil-info","15":"tag-fr","16":"tag-france","17":"tag-loire","18":"tag-news","19":"tag-republique-francaise","20":"tag-saint-etienne","21":"tag-saint-etienne-ville","22":"tag-sante","23":"tag-selection-abonne","24":"tag-selection-de-la-redaction-42"},"share_on_mastodon":{"url":"https:\/\/pubeurope.com\/@fr\/115469498623114059","error":""},"_links":{"self":[{"href":"https:\/\/www.europesays.com\/fr\/wp-json\/wp\/v2\/posts\/502497","targetHints":{"allow":["GET"]}}],"collection":[{"href":"https:\/\/www.europesays.com\/fr\/wp-json\/wp\/v2\/posts"}],"about":[{"href":"https:\/\/www.europesays.com\/fr\/wp-json\/wp\/v2\/types\/post"}],"author":[{"embeddable":true,"href":"https:\/\/www.europesays.com\/fr\/wp-json\/wp\/v2\/users\/2"}],"replies":[{"embeddable":true,"href":"https:\/\/www.europesays.com\/fr\/wp-json\/wp\/v2\/comments?post=502497"}],"version-history":[{"count":0,"href":"https:\/\/www.europesays.com\/fr\/wp-json\/wp\/v2\/posts\/502497\/revisions"}],"wp:featuredmedia":[{"embeddable":true,"href":"https:\/\/www.europesays.com\/fr\/wp-json\/wp\/v2\/media\/502498"}],"wp:attachment":[{"href":"https:\/\/www.europesays.com\/fr\/wp-json\/wp\/v2\/media?parent=502497"}],"wp:term":[{"taxonomy":"category","embeddable":true,"href":"https:\/\/www.europesays.com\/fr\/wp-json\/wp\/v2\/categories?post=502497"},{"taxonomy":"post_tag","embeddable":true,"href":"https:\/\/www.europesays.com\/fr\/wp-json\/wp\/v2\/tags?post=502497"}],"curies":[{"name":"wp","href":"https:\/\/api.w.org\/{rel}","templated":true}]}}