{"id":502501,"date":"2025-10-31T15:33:17","date_gmt":"2025-10-31T15:33:17","guid":{"rendered":"https:\/\/www.europesays.com\/fr\/502501\/"},"modified":"2025-10-31T15:33:17","modified_gmt":"2025-10-31T15:33:17","slug":"nancy-la-nuit-de-lorientation-se-tiendra-a-la-cci-de-meurthe-et-moselle-le-12-novembre-prochain","status":"publish","type":"post","link":"https:\/\/www.europesays.com\/fr\/502501\/","title":{"rendered":"Nancy. La Nuit de l\u2019orientation se tiendra \u00e0 la CCI de Meurthe-et-Moselle le 12\u00a0novembre prochain"},"content":{"rendered":"<p>Informer les futurs actifs sur les opportunit\u00e9s professionnelles actuelles, leur faire d\u00e9couvrir les m\u00e9tiers porteurs ou susceptibles de leur plaire, mais aussi les fili\u00e8res qui y m\u00e8nent\u00a0: c\u2019est l\u2019ADN de la Nuit de l\u2019orientation, un \u00e9v\u00e9nement national dont l\u2019\u00e9dition 2025 se tiendra du 3\u00a0novembre au 6\u00a0d\u00e9cembre dans plus de 70 villes de France. \u00c0 Nancy, le rendez-vous est fix\u00e9 le 12\u00a0novembre de 16\u00a0h \u00e0 20\u00a0h, dans les locaux de la CCI Grand Nancy M\u00e9tropole Meurthe-et-Moselle (53 rue Stanislas).<\/p>\n<p>Trois conf\u00e9rences sont programm\u00e9es. \u00c0 17\u00a0h\u00a0: tout savoir sur Parcoursup\u00a0; \u00e0 18\u00a0h\u00a0: bien s\u2019orienter, c\u2019est se conna\u00eetre et \u00e0 19\u00a0h\u00a0: r\u00e9ussir ses entretiens avec confiance.<\/p>\n<p>Entr\u00e9e libre et gratuite.<\/p>\n","protected":false},"excerpt":{"rendered":"Informer les futurs actifs sur les opportunit\u00e9s professionnelles actuelles, leur faire d\u00e9couvrir les m\u00e9tiers porteurs ou susceptibles de&hellip;\n","protected":false},"author":2,"featured_media":502502,"comment_status":"","ping_status":"","sticky":false,"template":"","format":"standard","meta":{"footnotes":""},"categories":[9635],"tags":[1111,11,1704,341,1777,674,1011,27,775,1702,1703,12,25,801],"class_list":{"0":"post-502501","1":"post","2":"type-post","3":"status-publish","4":"format-standard","5":"has-post-thumbnail","7":"category-nancy","8":"tag-actu","9":"tag-actualites","10":"tag-edition-nancy-et-agglomeration","11":"tag-emploi","12":"tag-eu","13":"tag-europe","14":"tag-fr","15":"tag-france","16":"tag-grand-est","17":"tag-nancy","18":"tag-nancy-ville-54b","19":"tag-news","20":"tag-republique-francaise","21":"tag-social"},"share_on_mastodon":{"url":"https:\/\/pubeurope.com\/@fr\/115469510575080430","error":""},"_links":{"self":[{"href":"https:\/\/www.europesays.com\/fr\/wp-json\/wp\/v2\/posts\/502501","targetHints":{"allow":["GET"]}}],"collection":[{"href":"https:\/\/www.europesays.com\/fr\/wp-json\/wp\/v2\/posts"}],"about":[{"href":"https:\/\/www.europesays.com\/fr\/wp-json\/wp\/v2\/types\/post"}],"author":[{"embeddable":true,"href":"https:\/\/www.europesays.com\/fr\/wp-json\/wp\/v2\/users\/2"}],"replies":[{"embeddable":true,"href":"https:\/\/www.europesays.com\/fr\/wp-json\/wp\/v2\/comments?post=502501"}],"version-history":[{"count":0,"href":"https:\/\/www.europesays.com\/fr\/wp-json\/wp\/v2\/posts\/502501\/revisions"}],"wp:featuredmedia":[{"embeddable":true,"href":"https:\/\/www.europesays.com\/fr\/wp-json\/wp\/v2\/media\/502502"}],"wp:attachment":[{"href":"https:\/\/www.europesays.com\/fr\/wp-json\/wp\/v2\/media?parent=502501"}],"wp:term":[{"taxonomy":"category","embeddable":true,"href":"https:\/\/www.europesays.com\/fr\/wp-json\/wp\/v2\/categories?post=502501"},{"taxonomy":"post_tag","embeddable":true,"href":"https:\/\/www.europesays.com\/fr\/wp-json\/wp\/v2\/tags?post=502501"}],"curies":[{"name":"wp","href":"https:\/\/api.w.org\/{rel}","templated":true}]}}