{"id":502505,"date":"2025-10-31T15:36:16","date_gmt":"2025-10-31T15:36:16","guid":{"rendered":"https:\/\/www.europesays.com\/fr\/502505\/"},"modified":"2025-10-31T15:36:16","modified_gmt":"2025-10-31T15:36:16","slug":"retour-a-la-maison-pour-renouer-avec-le-succes-face-au-lou-samedi","status":"publish","type":"post","link":"https:\/\/www.europesays.com\/fr\/502505\/","title":{"rendered":"retour \u00e0 la maison pour renouer avec le succ\u00e8s face au Lou, samedi"},"content":{"rendered":"\n<p>Avec Toulon, c\u2019est toujours la m\u00eame histoire. Performants \u00e0 domicile, en \u00e9tant invaincus au stade Mayol depuis le d\u00e9but de la saison, les hommes de Pierre Mignoni perdent aussit\u00f4t leur visage conqu\u00e9rant lorsqu\u2019ils partent \u00e0 la conqu\u00eate d\u2019un succ\u00e8s \u00e0 l\u2019ext\u00e9rieur. Ces r\u00e9sultats en dents de scie leur co\u00fbtent \u00e0 l\u2019aube de cette 9e journ\u00e9e de championnat une place sur le podium.<\/p>\n<p>Avec la r\u00e9ception des rugbymen lyonnais, douzi\u00e8mes du championnat avec un bilan de quatre victoires et quatre d\u00e9faites, les Varois, neuvi\u00e8mes avec un match \u00e0 rattraper face \u00e0 La Rochelle, ont l\u2019occasion, en cas de victoire, de remonter au classement du Top 14.<\/p>\n<p>Au-del\u00e0 de l\u2019international anglais David Ribbans, Juan Ignacio Brex, Paolo Garbisi, Baptiste Serin et Oliver Cowie font leur grand retour dans le groupe toulonnais. Le nouveau deuxi\u00e8me ligne g\u00e9orgien Giorgi Javakhia, d\u00e9barqu\u00e9 dans la rade il y a quelques jours comme joker m\u00e9dical, en provenance de Grenoble, devrait faire ses premiers pas sous les couleurs toulonnaises.<\/p>\n<p>Parmi les absents, le pilier gauche Jean-Baptiste Gros est retenu avec le XV de France. Melvyn Jaminet et Marius Domon ne sont pas encore remis de leurs blessures contre le Stade Toulousain. Les deux arri\u00e8res s\u2019ajoutent \u00e0 la liste des bless\u00e9s, qui comptait Gianmarco Lucchesi, Gabin Villi\u00e8re, Matthias Halagahu et Antoine Frisch. J\u00e9r\u00e9my Sinzelle et Mickael Ivaldi n\u2019ont pas \u00e9t\u00e9 retenus par Pierre Mignoni pour cette rencontre face au LOU.<\/p>\n<p><b>* Ma\u2019a Nonu convoqu\u00e9 par la commission de discipline<\/b><\/p>\n<p>Suite \u00e0 un plaquage dangereux effectu\u00e9 \u00e0 la 59\u1d49 minute de jeu face aux Toulousains, qui lui a d\u2019ailleurs valu un carton jaune, le trois-quarts centre Ma\u2019a Nonu est convoqu\u00e9 le 5 novembre devant la Commission de discipline de la Ligue Nationale de Rugby. L\u2019international n\u00e9o-z\u00e9landais pourrait \u00e9coper de plusieurs semaines de suspension si l\u2019instance estime que son acte m\u00e9ritait plut\u00f4t un carton rouge.<\/p>\n<p>&#8212;&#8212;&#8212;&#8212;&#8212;&#8212;&#8212;&#8212;&#8212;&#8212;&#8212;&#8212;&#8212;&#8212;&#8212;&#8212;&#8212;&#8212;&#8212;&#8212;&#8212;&#8212;&#8212;&#8212;&#8212;&#8212;&#8212;&#8212;<\/p>\n<p><b>RC TOULON vs LYON OU<\/b><\/p>\n<p>9\u1d49 journ\u00e9e de Top 14. Samedi 1er novembre, \u00e0 14h30. Au stade F\u00e9lix-Mayol, \u00e0 Toulon. Arbitre : J\u00e9r\u00e9my Rozier.<\/p>\n<p><b>Groupe RCT :<\/b> Esteban Abadie, Brian Alainu\u2019uese, L\u00e9o Ametlla, Teddy Baubigny, Daniel Brennan, Jules Coulon, Pierre Damond, Beka Gigashvili, Giorgi Javakhia, Lewis Ludlam, Charles Ollivon, Dany Priso, Jo\u00e9 Quere-Karaba, Swan Rebbadj, David Ribbans, Kyle Sinckler (avants) ; Juan Ignacio Brex, Oliver Cowie, Ga\u00ebl Dr\u00e9an, Mathis Fert\u00e9, Paolo Garbisi, Mat\u00e9o Garcia, Clovis Le Bail, Ma\u2019a Nonu, Baptiste Serin, Mathieu Sma\u00efli, Setariki Tuicuvu, Ben White (arri\u00e8res).<\/p>\n<p>Manager : Pierre Mignoni<\/p>\n","protected":false},"excerpt":{"rendered":"Avec Toulon, c\u2019est toujours la m\u00eame histoire. Performants \u00e0 domicile, en \u00e9tant invaincus au stade Mayol depuis le&hellip;\n","protected":false},"author":2,"featured_media":502506,"comment_status":"","ping_status":"","sticky":false,"template":"","format":"standard","meta":{"footnotes":""},"categories":[9619],"tags":[1111,11,13151,1777,674,1011,27,12,882,25,2310],"class_list":{"0":"post-502505","1":"post","2":"type-post","3":"status-publish","4":"format-standard","5":"has-post-thumbnail","7":"category-toulon","8":"tag-actu","9":"tag-actualites","10":"tag-camille-kadoum","11":"tag-eu","12":"tag-europe","13":"tag-fr","14":"tag-france","15":"tag-news","16":"tag-provence-alpes-cote-dazur","17":"tag-republique-francaise","18":"tag-toulon"},"share_on_mastodon":{"url":"https:\/\/pubeurope.com\/@fr\/115469522372741572","error":""},"_links":{"self":[{"href":"https:\/\/www.europesays.com\/fr\/wp-json\/wp\/v2\/posts\/502505","targetHints":{"allow":["GET"]}}],"collection":[{"href":"https:\/\/www.europesays.com\/fr\/wp-json\/wp\/v2\/posts"}],"about":[{"href":"https:\/\/www.europesays.com\/fr\/wp-json\/wp\/v2\/types\/post"}],"author":[{"embeddable":true,"href":"https:\/\/www.europesays.com\/fr\/wp-json\/wp\/v2\/users\/2"}],"replies":[{"embeddable":true,"href":"https:\/\/www.europesays.com\/fr\/wp-json\/wp\/v2\/comments?post=502505"}],"version-history":[{"count":0,"href":"https:\/\/www.europesays.com\/fr\/wp-json\/wp\/v2\/posts\/502505\/revisions"}],"wp:featuredmedia":[{"embeddable":true,"href":"https:\/\/www.europesays.com\/fr\/wp-json\/wp\/v2\/media\/502506"}],"wp:attachment":[{"href":"https:\/\/www.europesays.com\/fr\/wp-json\/wp\/v2\/media?parent=502505"}],"wp:term":[{"taxonomy":"category","embeddable":true,"href":"https:\/\/www.europesays.com\/fr\/wp-json\/wp\/v2\/categories?post=502505"},{"taxonomy":"post_tag","embeddable":true,"href":"https:\/\/www.europesays.com\/fr\/wp-json\/wp\/v2\/tags?post=502505"}],"curies":[{"name":"wp","href":"https:\/\/api.w.org\/{rel}","templated":true}]}}