{"id":502509,"date":"2025-10-31T15:42:47","date_gmt":"2025-10-31T15:42:47","guid":{"rendered":"https:\/\/www.europesays.com\/fr\/502509\/"},"modified":"2025-10-31T15:42:47","modified_gmt":"2025-10-31T15:42:47","slug":"des-tags-islamophobes-sur-la-porte-dune-mosquee","status":"publish","type":"post","link":"https:\/\/www.europesays.com\/fr\/502509\/","title":{"rendered":"des tags islamophobes sur la porte d&rsquo;une mosqu\u00e9e"},"content":{"rendered":"<p>Des inscriptions islamophobes ont \u00e9t\u00e9 d\u00e9couvertes jeudi sur la porte de la mosqu\u00e9e Avicenne, dans le quartier populaire du Petit-Bard.<\/p>\n<p>\u00a0<\/p>\n<p>Les faits ont \u00e9t\u00e9 commis lundi 27 octobre dans la soir\u00e9e. \u00ab\u00a0Il s\u2019agit d\u2019inscriptions \u00e0 caract\u00e8re injurieux faites au feutre noir sur et autour de la porte d\u2019entr\u00e9e\u00a0\u00bb, indique la police, sans plus de pr\u00e9cision.<\/p>\n<p>Ces tags visaient directement la communaut\u00e9 musulmane et comportaient des propos particuli\u00e8rement offensants envers les femmes. La police judiciaire a \u00e9t\u00e9 saisie d\u2019une enqu\u00eate pour d\u00e9gradation et incitation \u00e0 la haine religieuse. La mosqu\u00e9e Avicenne n\u2019avait encore jamais \u00e9t\u00e9 la cible d\u2019un tel incident.<\/p>\n<p>\u00a0<\/p>\n<p>\u00ab\u00a0Acte insupportable\u00a0\u00bb<\/p>\n<p>Les r\u00e9actions politiques se sont encha\u00een\u00e9es. Le d\u00e9put\u00e9 \u00e9cologiste Jean-Louis Roumegas a d\u00e9nonc\u00e9 une \u00ab\u00a0profanation\u00a0\u00bb et une \u00ab\u00a0attaque contre nos concitoyens musulmans, contre un lieu de paix et contre les valeurs m\u00eames de notre ville\u00a0\u00bb. <\/p>\n<p>Le maire socialiste de Montpellier, Micha\u00ebl Delafosse, a \u00e9galement condamn\u00e9 \u00ab\u00a0fermement\u00a0\u00bb cet \u00ab\u00a0acte insupportable qui insulte nos concitoyens de confession musulmane\u00a0\u00bb. Il a promis de \u00ab\u00a0mettre \u00e0 disposition des enqu\u00eateurs\u00a0\u00bb les images de vid\u00e9o protection pour \u00ab\u00a0retrouver l\u2019auteur de cet acte inadmissible\u00a0\u00bb.<\/p>\n<p><a href=\"https:\/\/x.com\/MDelafosse\/status\/1983921469814915439\" target=\"_blank\" rel=\"noopener nofollow\"><img data-lazyloaded=\"1\" fetchpriority=\"high\" decoding=\"async\" class=\"alignnone size-full wp-image-207098\" src=\"https:\/\/www.europesays.com\/fr\/wp-content\/uploads\/2025\/10\/Michael-defosse.jpg\" alt=\"\" width=\"604\" height=\"257\"  data-\/><\/a><\/p>\n<p>\u00ab\u00a0Je condamne fermement l\u2019acte islamophobe commis \u00e0 Montpellier. Les inscriptions d\u00e9couvertes sur la fa\u00e7ade de la mosqu\u00e9e, dans le quartier du Petit-Bard, sont intol\u00e9rables et contraires aux valeurs de notre R\u00e9publique\u00a0\u00bb, a pour sa part d\u00e9clar\u00e9 le pr\u00e9fet de l\u2019H\u00e9rault, Fran\u00e7ois-Xavier Lauch.<\/p>\n<p><a href=\"https:\/\/x.com\/Prefet34\/status\/1983933521518334100\" target=\"_blank\" rel=\"noopener nofollow\"><img loading=\"lazy\" data-lazyloaded=\"1\" decoding=\"async\" class=\"alignnone size-full wp-image-207095\" src=\"https:\/\/www.europesays.com\/fr\/wp-content\/uploads\/2025\/10\/communique-herault.jpg\" alt=\"\" width=\"611\" height=\"766\"  data-\/><\/a><\/p>\n<p>\u00ab Voil\u00e0 ce qui se passe quand la majorit\u00e9 des m\u00e9dias et une partie des organisations politiques banalisent et alimentent l\u2019islamophobie \u00bb, a estim\u00e9 sur X la d\u00e9put\u00e9e LFI Nathalie Oziol.<\/p>\n<p><a href=\"https:\/\/x.com\/NathalieOziol\/status\/1983931362781315582\" target=\"_blank\" rel=\"noopener nofollow\"> <img loading=\"lazy\" data-lazyloaded=\"1\" decoding=\"async\" class=\"alignnone size-full wp-image-207097\" src=\"https:\/\/www.europesays.com\/fr\/wp-content\/uploads\/2025\/10\/Nathali-oziol.jpg\" alt=\"\" width=\"606\" height=\"166\"  data-\/><\/a><\/p>\n<blockquote><p>&gt; Sur le m\u00eame th\u00e8me :<\/p><\/blockquote>\n<p><a href=\"https:\/\/www.lecourrierdelatlas.com\/incendie-a-la-mosquee-duzes-surencheres-xenophobes-et-islamophobes\/\" target=\"_blank\" rel=\"noopener nofollow\">Incendie \u00e0 la mosqu\u00e9e d\u2019Uz\u00e8s : \u00ab surench\u00e8res x\u00e9nophobes et islamophobes \u00bb<\/a><a href=\"https:\/\/www.lecourrierdelatlas.com\/tetes-de-cochon-devant-des-mosquees-des-suspects-arretes-en-serbie\/\" target=\"_blank\" rel=\"noopener nofollow\">T\u00eates de cochon devant des mosqu\u00e9es : des suspects arr\u00eat\u00e9s en Serbie<\/a><a href=\"https:\/\/www.lecourrierdelatlas.com\/la-grande-mosquee-de-paris-appelle-a-un-sursaut-face-a-la-musulmanophobie\/\" target=\"_blank\" rel=\"noopener nofollow\">La Grande Mosqu\u00e9e de Paris appelle \u00e0 un \u00ab sursaut face \u00e0 la musulmanophobie \u00bb<\/a><\/p>\n<p>\u00a0<\/p>\n","protected":false},"excerpt":{"rendered":"Des inscriptions islamophobes ont \u00e9t\u00e9 d\u00e9couvertes jeudi sur la porte de la mosqu\u00e9e Avicenne, dans le quartier populaire&hellip;\n","protected":false},"author":2,"featured_media":502510,"comment_status":"","ping_status":"","sticky":false,"template":"","format":"standard","meta":{"footnotes":""},"categories":[9599],"tags":[62460,1111,11,1777,674,1011,27,62461,6269,2208,21715,12,2680,25,62462,62463],"class_list":{"0":"post-502509","1":"post","2":"type-post","3":"status-publish","4":"format-standard","5":"has-post-thumbnail","7":"category-montpellier","8":"tag-actes-islamophobes","9":"tag-actu","10":"tag-actualites","11":"tag-eu","12":"tag-europe","13":"tag-fr","14":"tag-france","15":"tag-haine-religieuse","16":"tag-islamophobie","17":"tag-montpellier","18":"tag-mosquees","19":"tag-news","20":"tag-occitanie","21":"tag-republique-francaise","22":"tag-tags-islamophobes","23":"tag-tags-mosquee"},"share_on_mastodon":{"url":"https:\/\/pubeurope.com\/@fr\/115469550857151297","error":""},"_links":{"self":[{"href":"https:\/\/www.europesays.com\/fr\/wp-json\/wp\/v2\/posts\/502509","targetHints":{"allow":["GET"]}}],"collection":[{"href":"https:\/\/www.europesays.com\/fr\/wp-json\/wp\/v2\/posts"}],"about":[{"href":"https:\/\/www.europesays.com\/fr\/wp-json\/wp\/v2\/types\/post"}],"author":[{"embeddable":true,"href":"https:\/\/www.europesays.com\/fr\/wp-json\/wp\/v2\/users\/2"}],"replies":[{"embeddable":true,"href":"https:\/\/www.europesays.com\/fr\/wp-json\/wp\/v2\/comments?post=502509"}],"version-history":[{"count":0,"href":"https:\/\/www.europesays.com\/fr\/wp-json\/wp\/v2\/posts\/502509\/revisions"}],"wp:featuredmedia":[{"embeddable":true,"href":"https:\/\/www.europesays.com\/fr\/wp-json\/wp\/v2\/media\/502510"}],"wp:attachment":[{"href":"https:\/\/www.europesays.com\/fr\/wp-json\/wp\/v2\/media?parent=502509"}],"wp:term":[{"taxonomy":"category","embeddable":true,"href":"https:\/\/www.europesays.com\/fr\/wp-json\/wp\/v2\/categories?post=502509"},{"taxonomy":"post_tag","embeddable":true,"href":"https:\/\/www.europesays.com\/fr\/wp-json\/wp\/v2\/tags?post=502509"}],"curies":[{"name":"wp","href":"https:\/\/api.w.org\/{rel}","templated":true}]}}