{"id":50251,"date":"2025-04-24T22:27:14","date_gmt":"2025-04-24T22:27:14","guid":{"rendered":"https:\/\/www.europesays.com\/fr\/50251\/"},"modified":"2025-04-24T22:27:14","modified_gmt":"2025-04-24T22:27:14","slug":"le-deplacement-qui-nous-attend-est-perilleux","status":"publish","type":"post","link":"https:\/\/www.europesays.com\/fr\/50251\/","title":{"rendered":"Le d\u00e9placement qui nous attend est p\u00e9rilleux."},"content":{"rendered":"<p><img loading=\"lazy\" decoding=\"async\" width=\"696\" height=\"464\" class=\"lazyload entry-thumb\" src=\"https:\/\/www.europesays.com\/fr\/wp-content\/uploads\/2025\/04\/ABC_1967-696x464.jpg\" alt=\"Pablo Correa\" title=\"Pablo Correa\"\/>Pablo Correa (\u00a9 Philippe Le Brech)<\/p>\n<p style=\"font-size:20px\"><strong>En National, alors que l\u2019US Orl\u00e9ans (5e, 42 points) n\u2019a pu grand chose \u00e0 esp\u00e9rer, l\u2019AS Nancy (1er, 55 points) compte bien garder son avance et conserver la place de leader. Pablo Correa s\u2019est exprim\u00e9 en conf\u00e9rence de presse \u00e0 l\u2019approche du match.<\/strong><\/p>\n<p>Pour l\u2019embl\u00e9matique coach nanc\u00e9iens la rencontre \u00e0 venir est loin d\u2019\u00eatre gagn\u00e9 d\u2019avance <strong>\u00ab\u00a0C\u2019est maintenant que tout va se jouer, en s\u2019appuyant sur la base de ce qu\u2019on a construit tout au long de la saison. Orl\u00e9ans a encore une chance d\u2019accrocher quelque chose, ce qui montre bien que le d\u00e9placement qui nous attend est p\u00e9rilleux.\u00a0\u00bb<\/strong><\/p>\n<p>Le tacticien est confiant concernant la forme physique et mentale de ses prot\u00e9g\u00e9s \u00e0 l\u2019approche du sprint final <strong>\u00ab\u00a0Les datas physiques du dernier match, sur la deuxi\u00e8me mi-temps, sont les meilleures de la saison. \u00c7a montre qu\u2019on est capables d\u2019imposer \u00e0 l\u2019adversaire l\u2019intensit\u00e9 qu\u2019on veut mettre dans notre jeu. Ce groupe a \u00e9t\u00e9 pr\u00e9par\u00e9 pour aller chercher des objectifs. Le physique joue un r\u00f4le \u00e9norme. On a chang\u00e9 notre fa\u00e7on de travailler depuis quelques mois : on a r\u00e9duit le temps d\u2019entra\u00eenement, mais pas l\u2019intensit\u00e9, justement pour garder ce niveau d\u2019exigence jusqu\u2019\u00e0 la fin de la saison.\u00a0[\u2026] ils savent pourquoi ils sont l\u00e0 : pour jouer la mont\u00e9e. Et jusqu\u2019\u00e0 maintenant, ils l\u2019ont bien compris. Ils ne sont pas paralys\u00e9s par le stress. Au contraire, on essaie de garder cet \u00e9tat d\u2019esprit de toujours aller chercher le r\u00e9sultat, sans regrets. On vit avec cette pression. On a appris \u00e0 vivre avec elle.\u00a0\u00bb<\/strong><\/p>\n<p>Source : <a href=\"https:\/\/www.asnl.net\/58\/actualites\/actualites\/fiche\/30246\" target=\"_blank\" rel=\"noopener\">site officiel ASNL <\/a><\/p>\n<p>Les derniers articles par Alexandre Kull (<a href=\"https:\/\/footamateur.ouest-france.fr\/author\/alexandrek\/\" target=\"_blank\" rel=\"noopener\">tout voir<\/a>)<\/p>\n","protected":false},"excerpt":{"rendered":"Pablo Correa (\u00a9 Philippe Le Brech) En National, alors que l\u2019US Orl\u00e9ans (5e, 42 points) n\u2019a pu grand&hellip;\n","protected":false},"author":2,"featured_media":37147,"comment_status":"","ping_status":"","sticky":false,"template":"","format":"standard","meta":{"footnotes":""},"categories":[9635],"tags":[1111,11,11348,1777,674,1011,27,775,1702,12,11849,25],"class_list":{"0":"post-50251","1":"post","2":"type-post","3":"status-publish","4":"format-standard","5":"has-post-thumbnail","7":"category-nancy","8":"tag-actu","9":"tag-actualites","10":"tag-as-nancy-lorraine","11":"tag-eu","12":"tag-europe","13":"tag-fr","14":"tag-france","15":"tag-grand-est","16":"tag-nancy","17":"tag-news","18":"tag-pablo-correa","19":"tag-republique-francaise"},"share_on_mastodon":{"url":"https:\/\/pubeurope.com\/@fr\/114395299386838807","error":""},"_links":{"self":[{"href":"https:\/\/www.europesays.com\/fr\/wp-json\/wp\/v2\/posts\/50251","targetHints":{"allow":["GET"]}}],"collection":[{"href":"https:\/\/www.europesays.com\/fr\/wp-json\/wp\/v2\/posts"}],"about":[{"href":"https:\/\/www.europesays.com\/fr\/wp-json\/wp\/v2\/types\/post"}],"author":[{"embeddable":true,"href":"https:\/\/www.europesays.com\/fr\/wp-json\/wp\/v2\/users\/2"}],"replies":[{"embeddable":true,"href":"https:\/\/www.europesays.com\/fr\/wp-json\/wp\/v2\/comments?post=50251"}],"version-history":[{"count":0,"href":"https:\/\/www.europesays.com\/fr\/wp-json\/wp\/v2\/posts\/50251\/revisions"}],"wp:featuredmedia":[{"embeddable":true,"href":"https:\/\/www.europesays.com\/fr\/wp-json\/wp\/v2\/media\/37147"}],"wp:attachment":[{"href":"https:\/\/www.europesays.com\/fr\/wp-json\/wp\/v2\/media?parent=50251"}],"wp:term":[{"taxonomy":"category","embeddable":true,"href":"https:\/\/www.europesays.com\/fr\/wp-json\/wp\/v2\/categories?post=50251"},{"taxonomy":"post_tag","embeddable":true,"href":"https:\/\/www.europesays.com\/fr\/wp-json\/wp\/v2\/tags?post=50251"}],"curies":[{"name":"wp","href":"https:\/\/api.w.org\/{rel}","templated":true}]}}