{"id":502511,"date":"2025-10-31T15:43:09","date_gmt":"2025-10-31T15:43:09","guid":{"rendered":"https:\/\/www.europesays.com\/fr\/502511\/"},"modified":"2025-10-31T15:43:09","modified_gmt":"2025-10-31T15:43:09","slug":"supermarches-jardineries-loisirs-ce-qui-est-ouvert-a-rouen-ce-samedi-1er-novembre-ferie","status":"publish","type":"post","link":"https:\/\/www.europesays.com\/fr\/502511\/","title":{"rendered":"Supermarch\u00e9s, jardineries, loisirs&#8230; Ce qui est ouvert \u00e0 Rouen ce samedi 1er novembre f\u00e9ri\u00e9"},"content":{"rendered":"<p>            Par<br \/>\n        <strong><br \/>\n            <a href=\"https:\/\/actu.fr\/auteur\/fmass\" title=\"Consulter tous les articles de Fabien Massin\" target=\"_blank\" rel=\"noopener\">Fabien Massin<\/a><br \/>\n        <\/strong><\/p>\n<p>        Publi\u00e9 le<\/p>\n<p>            31 oct. 2025 \u00e0 16h40        <\/p>\n<p>Samedi, c\u2019est le jour des courses et du shopping par excellence, ainsi que des sorties loisirs en famille ou entre amis. <strong>Mais samedi 1er\u00a0novembre 2025, cela tombe donc un jour f\u00e9ri\u00e9, celui de la Toussaint<\/strong>. Supermarch\u00e9s, centres commerciaux, loisirs\u2026 Voici ce qui sera ouvert \u00e0 <a href=\"https:\/\/actu.fr\/normandie\/rouen_76540\" target=\"_blank\" rel=\"noopener\">Rouen (Seine-Maritime)<\/a> en ce premier jour de novembre.<\/p>\n<p>Les magasins ouverts \u00e0 Rouen ce samedi 1er\u00a0novembre<\/p>\n<ul class=\" wall-content\">\n<li><strong>Monoprix<\/strong> rue du Gros-Horloge\u2009: ouvert<\/li>\n<li><strong>Carrefour<\/strong>, <a href=\"https:\/\/actu.fr\/normandie\/rouen_76540\/comment-va-le-commerce-rue-saint-hilaire-a-rouen-un-potentiel-interessant-dans-un-quartier-en-mutation_62761190.html\" target=\"_blank\" rel=\"noopener\">rue Saint-Hilaire<\/a>, rue Saint-Sever, <a href=\"https:\/\/actu.fr\/normandie\/rouen_76540\/commerces-de-la-rue-saint-julien-a-rouen-un-ovni-de-la-rive-gauche-qui-veut-le-rester_62393092.html\" target=\"_blank\" rel=\"noopener\">rue Saint-Julien<\/a>, avenue Pasteur, <a href=\"https:\/\/actu.fr\/normandie\/rouen_76540\/comment-se-porte-le-commerce-rue-jeanne-d-arc-a-rouen-probablement-l-une-des-rues-qui-changera-le-plus_63309807.html\" target=\"_blank\" rel=\"noopener\">rue Jeanne-d\u2019Arc<\/a>, avenue Jean-Rondeaux et <a href=\"https:\/\/actu.fr\/normandie\/rouen_76540\/comment-se-porte-le-commerce-rue-de-la-republique-a-rouen-cette-rue-mal-aimee-de-la-rive-droite_62949148.html\" target=\"_blank\" rel=\"noopener\">rue de la R\u00e9publique<\/a>\u2009: ouverts<\/li>\n<li><strong>Intermarch\u00e9<\/strong> place Saint-Marc, rue de Constantine, rue \u00c9cuy\u00e8re, rue de la Mare du Parc et rue Jeanne-d\u2019Arc\u2009: ouverts<\/li>\n<li><strong>Magasin U<\/strong> rue Armand-Carrel, rue Cauchoise, Espace du Palais et h\u00f4tel de ville\u2009: ouverts<\/li>\n<li><strong>Hyper U<\/strong> Grand-Quevilly\u2009: ouvert<\/li>\n<li><strong>E.Leclerc<\/strong> Saint-Sever, Bapeaume, Saint-\u00c9tienne-du-Rouvray\u2009: ouverts<\/li>\n<li><strong>Galeries Lafayette\u2009:<\/strong> ouvert<\/li>\n<li><strong>Printemps\u2009:<\/strong> ouvert<\/li>\n<li><strong>Centre commercial Tourville-la-Rivi\u00e8re\u2009:<\/strong> ouvert<\/li>\n<li><strong>Centre commercial Saint-Sever\u2009:<\/strong> ouvert<\/li>\n<li><strong>Centre commercial Docks 76\u2009:<\/strong> ouvert<\/li>\n<li><strong>Leroy Merlin Tourville-la-Rivi\u00e8re et Isneauville\u2009:<\/strong> ouverts<\/li>\n<li><strong>Jardinerie Poullain\u2009:<\/strong> ouverte<\/li>\n<li><strong>Jardinerie du Cailly\u2009:<\/strong> ouverte<\/li>\n<li><strong>Truffaut Isneauville\u2009:<\/strong> ouvert<\/li>\n<\/ul>\n<p class=\" wall-content\">N\u2019h\u00e9sitez pas aussi \u00e0 aller voir vos commer\u00e7ants ind\u00e9pendants, potentiellement ouverts, eux aussi, malgr\u00e9 le jour f\u00e9ri\u00e9.<\/p>\n<p>Saint-Romain, Historial, adresses gourmandes\u2026<\/p>\n<p class=\" wall-content\">Pour s\u2019amuser ou se retrouver autour d\u2019un plat r\u00e9confortant, la <a href=\"https:\/\/actu.fr\/tag\/foire-saint-romain\" target=\"_blank\" rel=\"noopener\">foire Saint-Romain<\/a> <strong>sera \u00e9videmment ouverte<\/strong>, et l\u2019on pourra s\u2019y rendre gratuitement en transports en commun, <a href=\"https:\/\/actu.fr\/normandie\/rouen_76540\/a-rouen-les-bus-et-metros-seront-gratuits-pour-ces-moments-bien-particuliers_61578396.html\" target=\"_blank\" rel=\"noopener\">comme tous les samedis et lors de certains \u00e9v\u00e9nements<\/a>.<\/p>\n<p class=\" wall-content\"><strong>C\u00f4t\u00e9 loisirs culturels<\/strong>, l\u2019Historial <a href=\"https:\/\/actu.fr\/tag\/jeanne-d-arc\" target=\"_blank\" rel=\"noopener\">Jeanne d\u2019Arc<\/a>, le Donjon (tour Jeanne d\u2019Arc) et <a href=\"https:\/\/actu.fr\/normandie\/rouen_76540\/histoire-visite-voici-tout-ce-qu-il-faut-savoir-sur-l-aitre-saint-maclou-a-rouen_57425273.html\" target=\"_blank\" rel=\"noopener\">l\u2019a\u00eetre Saint-Maclou<\/a> seront ouverts. Tout comme le mus\u00e9e maritime, fluvial et portuaire situ\u00e9 quai Emile-Duchemin (derri\u00e8re le pont Flaubert). En revanche les <strong>mus\u00e9es de la RMM<\/strong> (<a href=\"https:\/\/actu.fr\/normandie\/rouen_76540\/reamenagements-expo-inedite-espace-de-conservation-les-nouveautes-a-venir-dans-les-musees-de-rouen_63272050.html\" target=\"_blank\" rel=\"noopener\">r\u00e9union des mus\u00e9es m\u00e9tropolitains<\/a>) seront ferm\u00e9s.<\/p>\n<p class=\" wall-content\">Amateur ou pro de la grimpe, vous aurez peut-\u00eatre le temps ce weekend de tester la <strong>premi\u00e8re salle d\u2019escalade<\/strong> du centre-ville de Rouen\u2009: <a href=\"https:\/\/actu.fr\/normandie\/rouen_76540\/a-rouen-la-premiere-salle-d-escalade-de-blocs-du-centre-ville-vient-d-ouvrir-on-vous-la-fait-decouvrir_63336505.html\" target=\"_blank\" rel=\"noopener\">Bloc Session<\/a>.<\/p>\n<p class=\" wall-content\">Les<strong>\u00a0cin\u00e9mas<\/strong> (Omnia, Path\u00e9, Kinepolis, Gaumont) vous attendent aussi.<\/p>\n<p>Votre r\u00e9gion, votre actu !<\/p>\n<p>Recevez chaque jour les infos qui comptent pour vous.<\/p>\n<p>\t<a href=\"https:\/\/actu.fr\/newsletter\" class=\"ac-btn ac-btn--corner ac-btn--medium ac-btn--blue800\" target=\"_blank\" rel=\"noopener\">S&rsquo;incrire<\/a><\/p>\n<p class=\" wall-content\">Et en cette fin de vacances, c\u2019est \u00e9galement le moment de tester de nouvelles adresses gourmandes. <a href=\"https:\/\/actu.fr\/normandie\/rouen_76540\/pour-vous-regaler-voici-les-nouveaux-restos-et-adresses-a-tester-a-rouen-pendant-les-vacances_63329875.html\" target=\"_blank\" rel=\"noopener\">On a fait une s\u00e9lection rien que pour vous \u00e0 Rouen<\/a>.<\/p>\n<p>Suivez l\u2019actualit\u00e9 de Rouen sur notre <a href=\"https:\/\/www.whatsapp.com\/channel\/0029VaKfnf99hXF2ddApFB1D\" target=\"_blank\" rel=\"noopener\">cha\u00eene WhatsApp<\/a> et sur notre <a href=\"https:\/\/www.tiktok.com\/@76actu.fr?lang=fr\" target=\"_blank\" rel=\"noopener\">compte TikTok<\/a><\/p>\n<p class=\" wall-content\">Personnalisez votre actualit\u00e9 en ajoutant vos villes et m\u00e9dias en favori avec <a href=\"https:\/\/moncompte.actu.fr\" title=\"D\u00e9couvez Mon Actu\" rel=\"nofollow noopener\" data-trk=\"{&quot;cta&quot;:{&quot;action&quot;:&quot;https:\\\/\\\/moncompte.actu.fr&quot;,&quot;category&quot;:&quot;mon compte&quot;,&quot;from&quot;:&quot;article footer&quot;,&quot;name&quot;:&quot;Mon actu&quot;,&quot;type&quot;:&quot;cta&quot;}}\" target=\"_blank\">Mon Actu<\/a>.<\/p>\n<p>                    <script async src=\"\/\/www.tiktok.com\/embed.js\"><\/script><\/p>\n","protected":false},"excerpt":{"rendered":"Par Fabien Massin Publi\u00e9 le 31 oct. 2025 \u00e0 16h40 Samedi, c\u2019est le jour des courses et du&hellip;\n","protected":false},"author":2,"featured_media":502512,"comment_status":"","ping_status":"","sticky":false,"template":"","format":"standard","meta":{"footnotes":""},"categories":[9587],"tags":[1111,11,9086,215,1777,674,56523,1011,27,1652,12,5161,25,9590],"class_list":{"0":"post-502511","1":"post","2":"type-post","3":"status-publish","4":"format-standard","5":"has-post-thumbnail","7":"category-rouen","8":"tag-actu","9":"tag-actualites","10":"tag-bon-plan-a-rouen","11":"tag-commerce","12":"tag-eu","13":"tag-europe","14":"tag-foire-saint-romain","15":"tag-fr","16":"tag-france","17":"tag-loisirs-culture","18":"tag-news","19":"tag-normandie","20":"tag-republique-francaise","21":"tag-rouen"},"share_on_mastodon":{"url":"","error":""},"_links":{"self":[{"href":"https:\/\/www.europesays.com\/fr\/wp-json\/wp\/v2\/posts\/502511","targetHints":{"allow":["GET"]}}],"collection":[{"href":"https:\/\/www.europesays.com\/fr\/wp-json\/wp\/v2\/posts"}],"about":[{"href":"https:\/\/www.europesays.com\/fr\/wp-json\/wp\/v2\/types\/post"}],"author":[{"embeddable":true,"href":"https:\/\/www.europesays.com\/fr\/wp-json\/wp\/v2\/users\/2"}],"replies":[{"embeddable":true,"href":"https:\/\/www.europesays.com\/fr\/wp-json\/wp\/v2\/comments?post=502511"}],"version-history":[{"count":0,"href":"https:\/\/www.europesays.com\/fr\/wp-json\/wp\/v2\/posts\/502511\/revisions"}],"wp:featuredmedia":[{"embeddable":true,"href":"https:\/\/www.europesays.com\/fr\/wp-json\/wp\/v2\/media\/502512"}],"wp:attachment":[{"href":"https:\/\/www.europesays.com\/fr\/wp-json\/wp\/v2\/media?parent=502511"}],"wp:term":[{"taxonomy":"category","embeddable":true,"href":"https:\/\/www.europesays.com\/fr\/wp-json\/wp\/v2\/categories?post=502511"},{"taxonomy":"post_tag","embeddable":true,"href":"https:\/\/www.europesays.com\/fr\/wp-json\/wp\/v2\/tags?post=502511"}],"curies":[{"name":"wp","href":"https:\/\/api.w.org\/{rel}","templated":true}]}}