{"id":502523,"date":"2025-10-31T15:50:32","date_gmt":"2025-10-31T15:50:32","guid":{"rendered":"https:\/\/www.europesays.com\/fr\/502523\/"},"modified":"2025-10-31T15:50:32","modified_gmt":"2025-10-31T15:50:32","slug":"a-strasbourg-12-sorties-pour-fuir-sa-chambre-en-novembre","status":"publish","type":"post","link":"https:\/\/www.europesays.com\/fr\/502523\/","title":{"rendered":"\u00e0 Strasbourg, 12 sorties pour fuir sa chambre en novembre"},"content":{"rendered":"<p><b>Aujourd\u2019hui, apr\u00e8s Halloween, le calendrier annonce la Toussaint \u2013 jour f\u00e9ri\u00e9 \u2013, et avec ces premi\u00e8res semaines de novembre, les derniers instants de tranquillit\u00e9 avant le march\u00e9 de No\u00ebl. Le sapin est sorti, les marrons chauds grillent d\u00e9j\u00e0\u2026 Et nous on fait quoi ? On sort, pardi ! Glamour, humour, gros son, exposition ou self-care : \u00e0 Strasbourg, y a toujours de quoi faire.<\/b><\/p>\n<p>Les concerts et la teuf<\/p>\n<p>Plastic Club et concert de tango \u00e0 la Kulture<\/p>\n<p>On te l\u2019annon\u00e7ait d\u00e9j\u00e0 dans le dernier agenda\u00a0: la (nouvelle)<b> Kulture<\/b> a rouvert son espace club (le Plastic Motel) et sa prog\u2019 annonce d\u00e9j\u00e0 la couleur !<\/p>\n<p>Si ce <b>1er novembre<\/b>, elle confiera ses platines de 22h \u00e0 3h30 \u00e0 <b>Kicks<\/b> (house garage \/ deep house) et <b>Big Freaks<\/b> (funk \/ house \/ disco), mercredi\u00a0: changement d\u2019ambiance. Le <b>5 novembre<\/b>, c\u2019est un concert de tango qui r\u00e9sonnera dans le caveau\u00a0! D\u00e8s 20h30, les musicien(ne)s sud-am\u00e9ricain(e)s <b>Diego Rodriguez, Ariel Aguilar et Ana Escudero<\/b> y livreront un concert d\u00e9di\u00e9 aux <b>tangos du Rio de la Plata<\/b>, avec \u2013 entre autres \u2013 des \u0153uvres de Gardel ou Piazzolla.<\/p>\n<p align=\"CENTER\"><b>Quand et o\u00f9\u00a0?<br \/><\/b>Samedi 1er et mercredi 5 novembre<br \/>\u00c0 la Kulture (Espace Club)<br \/><a href=\"https:\/\/www.instagram.com\/lakulture.v2\/\" target=\"_blank\" rel=\"noopener nofollow\">+ d\u2019infos<\/a><\/p>\n<p>    <img width=\"800\" height=\"544\" src=\"https:\/\/www.europesays.com\/fr\/wp-content\/uploads\/2025\/10\/la-kulture-2-800x544.png\" class=\"attachment-image-size-L size-image-size-L\" alt=\"La Kulture (2)\" decoding=\"async\" loading=\"lazy\"  \/>         \u00a9 La Kulture \/ Captures d&rsquo;\u00e9cran <\/p>\n<p>\u00ab\u00a0We Like&#8230;\u00a0\u00bb Jimpster\u00a0: Contre-Temps aux Studios du Rhin<\/p>\n<p>Plus seulement cantonn\u00e9 \u00e0 son festival de juin, <b>Contre-temps <\/b>nous donne rendez-vous une nouvelle fois \u00e0 ses <b>soir\u00e9es<\/b><b> \u00ab\u00a0pour les house music lovers\u00a0\u00bb<\/b><b>\u00a0: les \u00ab\u00a0We Like\u2026\u00a0\u00bb.<\/b><\/p>\n<p><b>Vendredi 7 novembre, il fait venir, aux Studios du Rhin, Jimpster<\/b>, le DJ et producteur anglais de house music. \u00ab\u00a0Boss\u00a0\u00bb du <b>label Freerange Records<\/b> depuis 1997, sa r\u00e9putation n\u2019est plus \u00e0 faire, et sa discographie compte \u00ab\u00a0huit albums, une cinquantaine de maxis et des remixes pour les plus grands comme Dixon, Joey Negro, Kerri Chandler, Solomun\u00a0\u00bb.<\/p>\n<p>Pour compl\u00e9ter l\u2019affiche du soir, du local, avec\u00a0: <b>Tal Stef, Aligatou et DJ Link<\/b>.<\/p>\n<p align=\"CENTER\"><b>Quand et o\u00f9\u00a0?<br \/><\/b>Vendredi 7 novembre<br \/>Aux Studios du Rhin<br \/><a href=\"https:\/\/fb.me\/e\/5XUm3DHB2\" target=\"_blank\" rel=\"noopener nofollow\">+ d\u2019infos<\/a><\/p>\n<p>                <img width=\"749\" height=\"500\" src=\"https:\/\/www.europesays.com\/fr\/wp-content\/uploads\/2025\/06\/final-beat-maillon-2siso-nodo-scaled-e1686229005174-749x500.jpg\" class=\"attachment-gallery size-gallery\" alt=\"Final Beat + Maillon + Contre-temps\" data-full-url=\"https:\/\/pokaa.fr\/wp-content\/uploads\/2023\/06\/final-beat-maillon-2siso-nodo-1500x1000.jpg\" decoding=\"async\" loading=\"lazy\"  \/>            <\/p>\n<p>                <img width=\"749\" height=\"500\" src=\"https:\/\/www.europesays.com\/fr\/wp-content\/uploads\/2025\/10\/ambiance-dancefloor-siso-nodo-scaled-e1685457183183-749x500.jpg\" class=\"attachment-gallery size-gallery\" alt=\"Contre-temps festival\" data-full-url=\"https:\/\/pokaa.fr\/wp-content\/uploads\/2023\/05\/ambiance-dancefloor-siso-nodo-1500x1000.jpg\" decoding=\"async\" loading=\"lazy\"  \/>            <\/p>\n<p>                <img width=\"749\" height=\"500\" src=\"https:\/\/www.europesays.com\/fr\/wp-content\/uploads\/2025\/06\/contre-temps-tatoo-scaled-e1685458973634-749x500.jpg\" class=\"attachment-gallery size-gallery\" alt=\"Contre-temps tattoo\" data-full-url=\"https:\/\/pokaa.fr\/wp-content\/uploads\/2023\/05\/contre-temps-tatoo-1500x1000.jpg\" decoding=\"async\" loading=\"lazy\"  \/>            <\/p>\n<p>                    Contre-Temps (Final Beat) : 1. et 2. \u00a9 Siso Nodo \/ Documents remis ; 3. \u00a9 Contre-temps festival \/ Document remis<\/p>\n<p>Carte blanche \u00e0 Louise XIV\u00a0: Release party \u00e0 La Grenze<\/p>\n<p>C\u2019est loin de Versailles que<b> le trio Louise XIV<\/b> voit le jour. N\u00e9 \u00e0 Strasbourg au printemps 2023, le groupe rassemble trois musicien(ne)s, compositeurs\/rices et multi-instrumentistes qui <b>\u00ab\u00a0d\u00e9noncent le patriarcat, c\u00e9l\u00e8brent l\u2019adelphit\u00e9\u00a0\u00bb<\/b>, \u00e0 coups de titres plus chocs que monarchiques.<\/p>\n<p>Depuis, le groupe gagne ses lettres de noblesse, avec une musique qui \u00ab\u00a0oscille entre <b>disco-rock \u00e9nergique <\/b>et <b>nappes contemplatives<\/b> aux accents cin\u00e9matographiques\u00a0\u00bb, peupl\u00e9e de \u00ab\u00a0voix r\u00e9verb\u00e9r\u00e9e, basse distordue, guitare au chorus hypnotique, synth\u00e9s analogiques, <b>bo\u00eetes \u00e0 rythmes et kicks techno<\/b>\u00a0\u00bb.<\/p>\n<p>Et \u00e0 l\u2019occasion de la sortie de son premier EP (\u00e9ponyme), <b>Louise XIV s\u2019invite \u00e0 La Grenze le samedi 8 novembre, pour un concert et une Carte blanche<\/b>. Le groupe s\u2019entoura ainsi des Strasbourgeoises de <b>Badass P\u00e9tale <\/b>(\u00e9lectro punk pop) et <b>Sh\u00f4nagon<\/b>, pour un live \u00e9lectronique.<\/p>\n<p align=\"CENTER\"><b>Quand et o\u00f9\u00a0?<br \/><\/b>Samedi 8 novembre \u00e0 20h<br \/>\u00c0 La Grenze<br \/><a href=\"https:\/\/fb.me\/e\/1PQtc2e9wg\" target=\"_blank\" rel=\"noopener nofollow\">+ d\u2019infos<\/a><\/p>\n<\/p>\n<p>\u00ab\u00a0Th\u00e9 Dansant Gothique\u00a0\u00bb avec Darkstrass \u00e0 La Grenze<\/p>\n<p>On t\u2019a dit qu\u2019Halloween \u00e9tait fini, certes. Mais <b>La Grenze <\/b>nous replongera dans une ambiance sombre, le <b>dimanche 9 novembre<\/b>, avec la<b> troisi\u00e8me \u00e9dition du \u00ab\u00a0Th\u00e9 Dansant Gothique\u00a0\u00bb<\/b> avec le collectif <b>Darkstrass<\/b>.<\/p>\n<p>Pour agiter ton Earl Grey, <b>DJane Lisa<\/b> et <b>DJ Eurydice<\/b> aux platines, avec une s\u00e9lection <b>darkwave, post-punk, m\u00e9di\u00e9val<\/b>, etc. Et en plus, c\u2019est <b>gratuit<\/b>.<\/p>\n<p align=\"CENTER\"><b>Quand et o\u00f9\u00a0?<br \/><\/b>Dimanche 9 novembre de 16h \u00e0 20h<br \/>\u00c0 La Grenze<br \/><a href=\"https:\/\/fb.me\/e\/3S1tzX57u\" target=\"_blank\" rel=\"noopener nofollow\">+ d\u2019infos<\/a><\/p>\n<p>                <img width=\"752\" height=\"500\" src=\"https:\/\/www.europesays.com\/fr\/wp-content\/uploads\/2025\/10\/220719_pka_strasbourg_ete-2.jpg\" class=\"attachment-gallery size-gallery\" alt=\"Strasbourg \u00e9t\u00e9 la grenze bal trad\u2019 danse\" data-full-url=\"https:\/\/www.europesays.com\/fr\/wp-content\/uploads\/2025\/10\/220719_pka_strasbourg_ete-2.jpg\" decoding=\"async\" loading=\"lazy\"  \/>            <\/p>\n<p>                <img width=\"667\" height=\"500\" src=\"https:\/\/www.europesays.com\/fr\/wp-content\/uploads\/2025\/06\/la-grenze17-francoisfreundlich-667x500.jpg\" class=\"attachment-gallery size-gallery\" alt=\"La Grenze\" data-full-url=\"https:\/\/pokaa.fr\/wp-content\/uploads\/2025\/04\/23\/la-grenze17-francoisfreundlich.jpg\" decoding=\"async\" loading=\"lazy\"  \/>            <\/p>\n<p>                    La Grenze. 1. \u00a9 Adrien Labit \/ Pokaa ; 2. \u00a9 Fran\u00e7ois Freundlich \/ Document remis<\/p>\n<p>\u00ab\u00a0Une Nuit avec\u00a0\u00bb Terrence Parker \u00e0 La Mondaine<\/p>\n<p>Depuis cet \u00e9t\u00e9, <b>La Mondaine<\/b> tente une perc\u00e9e dans les nuits strasbourgeoises. Nouvel \u00e9v\u00e9nement de sa rentr\u00e9e\u00a0: les rendez-vous <b>\u00ab\u00a0Une Nuit Avec\u00a0\u00bb<\/b>, avec <b>222<\/b>. Un nouveau concept de soir\u00e9e dans un cadre \u00ab\u00a0intimiste et feutr\u00e9\u00a0\u00bb en compagnie d\u2019un(e) DJ, et en collab\u2019 avec <b>Radio FG<\/b>.<\/p>\n<p>Premier invit\u00e9\u00a0? \u00c7a tape fort avec <b>Terrence Parker, <\/b><b>\u00ab\u00a0l\u00e9gende vivante de la House de Detroit\u00a0\u00bb<\/b><b>, le jeudi 13 novembre.<\/b><\/p>\n<p align=\"CENTER\"><b>Quand et o\u00f9\u00a0?<br \/><\/b>Jeudi 13 novembre de 20h \u00e0 4h<br \/>\u00c0 La Mondaine<br \/><a href=\"https:\/\/fb.me\/e\/45QAdCCBu\" target=\"_blank\" rel=\"noopener nofollow\">+ d\u2019infos<\/a><\/p>\n<\/p>\n<p>\u00ab\u00a0Polymorphe\u00a0\u00bb\u00a0: Rayar Fest au Molodo\u00ef<\/p>\n<p>Apr\u00e8s deux premi\u00e8res \u00e9ditions, <b>Rayar est de retour du 13 au 15 novembre au Molodo\u00ef<\/b>, avec son festival \u00e9ponyme. Un festival <b>pluridisciplinaire<\/b> et cette ann\u00e9e <b>\u00ab\u00a0Polymorphe\u00a0\u00bb<\/b>.<\/p>\n<p><b>Le jeudi\u00a0? Des conf\u00e9rences et ateliers<\/b>, pour commencer le festival du bon pied (sur la confiance et l\u2019expression de soi, par exemple). <b>Le vendredi, place aux arts sc\u00e9niques<\/b>, avec plusieurs spectacles, dont du <b>stand-up<\/b> (Lou O\u2019Cerf) et <b>des drag shows<\/b> (comme P\u00e9dales des F\u00e9es). Et enfin, du gros son avec <b>Exceptone<\/b> (rock alternatif) en concert et <b>DJ set<\/b> par N\u00fcschk.<\/p>\n<p>Le <b>samedi<\/b>, le festival conclut avec <b>des performances live de musique \u00e9lectronique<\/b>\u00a0: Zaza (Live \u2013 Melodic Tribe), Sponsh (Live \u2013 Tekno), 5crologik (Live \u2013 Tribe), Uli (Live \u2013 Ambient \/ Techno Exp\u00e9rimentale), et Calci Trax (Live \u2013 Tekno Tribe).<\/p>\n<p align=\"CENTER\"><b>Quand et o\u00f9\u00a0?<br \/><\/b>Du jeudi 13 au samedi 15 novembre<br \/>Au Molodo\u00ef<br \/><a href=\"https:\/\/fb.me\/e\/3wC063VAg\" target=\"_blank\" rel=\"noopener nofollow\">+ d\u2019infos<\/a><\/p>\n<p>                <img width=\"750\" height=\"500\" src=\"https:\/\/www.europesays.com\/fr\/wp-content\/uploads\/2025\/10\/482087007-574905945588481-7699998165808999362-n-750x500.jpg\" class=\"attachment-gallery size-gallery\" alt=\"rayar\" data-full-url=\"https:\/\/pokaa.fr\/wp-content\/uploads\/2025\/03\/27\/482087007-574905945588481-7699998165808999362-n.jpg\" decoding=\"async\" loading=\"lazy\"  \/>            <\/p>\n<p>                <img width=\"750\" height=\"500\" src=\"https:\/\/www.europesays.com\/fr\/wp-content\/uploads\/2025\/10\/rayar-1-750x500.jpg\" class=\"attachment-gallery size-gallery\" alt=\"rayar\" data-full-url=\"https:\/\/pokaa.fr\/wp-content\/uploads\/2025\/03\/27\/rayar-1.jpg\" decoding=\"async\" loading=\"lazy\"  \/>            <\/p>\n<p>                <img width=\"750\" height=\"500\" src=\"https:\/\/www.europesays.com\/fr\/wp-content\/uploads\/2025\/10\/rayar-750x500.jpg\" class=\"attachment-gallery size-gallery\" alt=\"rayar\" data-full-url=\"https:\/\/pokaa.fr\/wp-content\/uploads\/2025\/03\/27\/rayar.jpg\" decoding=\"async\" loading=\"lazy\"  \/>            <\/p>\n<p>                    Les Bacchanales\u00a0: Rayar Fest #1 (novembre 2024 au Molodo\u00ef). \u00a9 Aleister Denni \/ Documents remis<\/p>\n<p>Les spectacles<br \/>\n\u00ab\u00a0Happy Deepavali\u00a0: La F\u00eate des Lumi\u00e8res \u00bb au Point d&rsquo;Eau<\/p>\n<p align=\"LEFT\">D\u00e8s demain, c\u2019est un d\u00e9part pour l\u2019Orient que nous propose le <b>Point d\u2019Eau<\/b>, avec <b>Happy Deepavali\u00a0: La F\u00eate des Lumi\u00e8res<\/b>. \u00ab\u00a0Un voyage musical vibrant au c\u0153ur de l\u2019Inde, entre chants sacr\u00e9s et danses envo\u00fbtantes du Thirukkural\u00a0\u00bb.<\/p>\n<p>Le <b>dimanche 2 novembre<\/b>, l\u2019association <b>Vidyalaya<\/b> y c\u00e9l\u00e9brera <b>Deepavali<\/b> [\u00e9galement appel\u00e9e Divali ou Diwali, ndlr], \u00ab\u00a0la grande f\u00eate des lumi\u00e8res en Inde, symbole de la lumi\u00e8re triomphant sur les t\u00e9n\u00e8bres\u00a0\u00bb. Outre les<b> spectacles de chants, de danse<\/b>, on y trouvera aussi des <b>conf\u00e9rences, et contes pour enfants<\/b>, de <b>l\u2019artisanat<\/b>, des livres, des \u00ab\u00a0saveurs de l\u2019Inde\u00a0\u00bb, des animations, et des surprises.<\/p>\n<p align=\"CENTER\"><b>Quand et o\u00f9\u00a0?<br \/><\/b>Dimanche 2 novembre de 14h \u00e0 18h<br \/>Au Point d\u2019Eau \u00e0 Ostwald<br \/><a href=\"https:\/\/fb.me\/e\/8zyqrjVjo\" target=\"_blank\" rel=\"noopener nofollow\">+ d\u2019infos<\/a><\/p>\n<p>    <img width=\"800\" height=\"533\" src=\"https:\/\/www.europesays.com\/fr\/wp-content\/uploads\/2025\/10\/vidyalaya-france1-800x533.jpg\" class=\"attachment-image-size-L size-image-size-L\" alt=\"Vidyalaya France\" decoding=\"async\" loading=\"lazy\"  \/>         \u00a9 Page Facebook de Vidyalaya France \/ Document remis <\/p>\n<p>Soir\u00e9e de soutien aux Petites Roues avec la House of Marley au Petit Tigre<\/p>\n<p>Avec l\u2019arriv\u00e9e imminente de l\u2019hiver, les personnes les plus pr\u00e9caires vont \u00eatre d\u2019autant plus vuln\u00e9rables.<b> Le mercredi 5 novembre, Les Petites Roues organisent une soir\u00e9e de soutien<\/b>.<\/p>\n<p>Un moyen de <b>r\u00e9colter des fonds <\/b>pour cette association strasbourgeoise qui m\u00e8ne des <b>actions solidaires<\/b> depuis 2017 (au travers de maraudes\/distributions alimentaires les vendredis soirs, h\u00e9bergement d\u2019urgence, soutien administratif et psychologique, etc.).<\/p>\n<p>Pour animer la soir\u00e9e\u00a0: la House of Marley, qui pr\u00e9pare \u00ab\u00a0<b>une soir\u00e9e unique entre quiz d\u00e9lirant &amp; show drag\u00a0\u00bb<\/b> <b>au Petit Tigre.<\/b><\/p>\n<p align=\"CENTER\"><b>Quand et o\u00f9\u00a0?<br \/><\/b>Mercredi 5 novembre \u00e0 19h<br \/>Au Petit Tigre<br \/><a href=\"https:\/\/fb.me\/e\/5afWXYMPL\" target=\"_blank\" rel=\"noopener nofollow\">+ d\u2019infos<\/a><\/p>\n<p>    <img width=\"800\" height=\"533\" src=\"https:\/\/www.europesays.com\/fr\/wp-content\/uploads\/2025\/10\/noxima-melankholia-et-anissa-800x533.jpg\" class=\"attachment-image-size-L size-image-size-L\" alt=\"Noxima, Melankholia et Anissa\" decoding=\"async\" loading=\"lazy\"  \/>         \u00a9\u00a0House of Marley \/ Document remis <\/p>\n<p>\u00ab\u00a0La Grande Nuit de l&rsquo;Humour\u00a0\u00bb au Rh\u00e9nus<\/p>\n<p align=\"LEFT\">Nous t\u2019en parlions derni\u00e8rement : Strasbourg s\u2019appr\u00eate \u00e0 accueillir le gratin de l\u2019humour, <b>le vendredi 7 novembre<\/b>. Avec <b>13 t\u00eates d\u2019affiche<\/b>,<b> La Grande Nuit de l\u2019Humour<\/b> ne rigole pas. Ou bien si, justement.<\/p>\n<p align=\"LEFT\">De <b>Mahaut Drama<\/b> \u00e0 <b>Edouard Deloignon<\/b>, en passant par <b>Alex Ramir\u00e8s<\/b>, <b>Anne Roumanoff<\/b>, <b>Laura Domenge<\/b>, <b>Oldelaf<\/b> et <b>Mathieu Mad\u00e9nian\u00a0<\/b>: c\u2019est un sacr\u00e9 plateau qu\u2019animera <b>Antonia de Rendinger<\/b>. Au programme\u00a0? Deux heures de sketchs\u00a0!<\/p>\n<p align=\"CENTER\"><b>Quand et o\u00f9\u00a0?<br \/><\/b>Vendredi 7 novembre \u00e0 20h<br \/>Au Rh\u00e9nus de Strasbourg<br \/><a href=\"https:\/\/www.topmusic.fr\/la-grande-nuit-de-l-humour\" target=\"_blank\" rel=\"noopener nofollow\">+ d\u2019infos<\/a><\/p>\n<p>                <a href=\"https:\/\/pokaa.fr\/2025\/10\/15\/la-grande-nuit-de-lhumour-13-grands-humoristes-se-reunissent-en-novembre-a-strasbourg\/\" rel=\"nofollow noopener\" target=\"_blank\"><br \/>\n                    <img width=\"450\" height=\"270\" src=\"https:\/\/www.europesays.com\/fr\/wp-content\/uploads\/2025\/10\/b2-450x270.png\" class=\"attachment-card-horizontal--same-subject size-card-horizontal--same-subject wp-post-image\" alt=\"\" decoding=\"async\" loading=\"lazy\"\/>                <\/a><\/p>\n<p>\u00ab\u00a0Maudit Casting\u00a0!\u00a0\u00bb\u00a0: le Cabaret Madame \u00e0 la Maison Bleue<\/p>\n<p align=\"LEFT\">Le<b> Cabaret Madame<\/b> est une nouvelle fois sur le pont. Plus pr\u00e9cisemment\u00a0: \u00e0 La Maison Bleue. Le <b>samedi 8 novembre<\/b>, il y servira un nouveau cabaret, cette fois-ci \u00ab\u00a0improvis\u00e9\u00a0\u00bb\u00a0: <b>Mauvais Casting\u00a0! <\/b>Un <b>off, o\u00f9 le <\/b><b>\u00ab\u00a0line-up n\u2019est connu ni des artistes, ni du public \u00e0 l\u2019avance\u00a0\u00bb<\/b>.<\/p>\n<p align=\"LEFT\">\u00ab\u00a0Un d\u00e9fi technique et sc\u00e9nographique\u00a0\u00bb lanc\u00e9 en collaboration <b>avec des improvisateurs\/rices<\/b>, pour <b>imaginer un casting fait en direct, devant public<\/b>,<b> <\/b>avec comme personnages\u00a0: \u00ab Une productrice d\u00e9sint\u00e9ress\u00e9e, un r\u00e9alisateur ex\u00e9crable et un directeur artistique gauche qui manque de confiance en lui [et qui] cherchent l\u2019artiste avec un num\u00e9ro r\u00e9volutionnaire pour le grand final d\u2019un c\u00e9l\u00e8bre cabaret. \u00bb\u00a0Original.<\/p>\n<p align=\"CENTER\"><b>Quand et o\u00f9\u00a0?<br \/><\/b>Samedi 8 novembre \u00e0 20h<br \/>\u00c0 La Maison Bleue<br \/><a href=\"https:\/\/fb.me\/e\/3wWKsmDh8\" target=\"_blank\" rel=\"noopener nofollow\">+ d\u2019infos<\/a><\/p>\n<p>    <img width=\"600\" height=\"600\" src=\"https:\/\/www.europesays.com\/fr\/wp-content\/uploads\/2025\/07\/simone-kck-600x600.jpg\" class=\"attachment-image-size-M size-image-size-M\" alt=\"Cabaret Madame\" decoding=\"async\" loading=\"lazy\"  \/>         Madame du Cabaret Madame. \u00a9 @simone_kck \/ Document remis <\/p>\n<p>Les week-ends chill<br \/>\nR\u00e9sonance &#8211; Salon europ\u00e9en des m\u00e9tiers d&rsquo;art au Parc des Expos<\/p>\n<p align=\"LEFT\">C\u2019est devenu un des rendez-vous du mois de novembre : <strong>R<\/strong><b>\u00e9sonances<\/b>, le <b>salon europ\u00e9en des m\u00e9tiers d\u2019art <\/b>fait son retour <b>du 7 au 11 novembre<\/b>,<b> au Parc des Expos.<\/b><\/p>\n<p align=\"LEFT\">Exposant <b>des artistes et artisan(e)s <\/b>aussi bien d\u2019ici que d\u2019ailleurs, R\u00e9sonances \u00ab\u00a0c\u00e9l\u00e8bre l\u2019excellence, la cr\u00e9ativit\u00e9 et la diversit\u00e9 des savoir-faire\u00a0\u00bb. Du mobilier, des luminaires, de la d\u00e9coration, de la sculpture, de la mode, des arts graphiques ou de la table\u00a0: cette <b>13e \u00e9dition<\/b> mettra une fois de plus <b>la cr\u00e9ation contemporaine<\/b> sur le devant de la sc\u00e8ne.<\/p>\n<p align=\"CENTER\"><b>Quand et o\u00f9\u00a0?<br \/><\/b>Du jeudi 7 au lundi 11 novembre<br \/>Au Parc des Expositions de Strasbourg<br \/><a href=\"https:\/\/www.salon-resonances.com\/\" target=\"_blank\" rel=\"noopener nofollow\">+ d\u2019infos<\/a><\/p>\n<p>                <img width=\"500\" height=\"500\" src=\"https:\/\/www.europesays.com\/fr\/wp-content\/uploads\/2025\/10\/maria-kerrn-jespersen-sculptrice-papier-scaled-e1730224119353-500x500.jpg\" class=\"attachment-gallery size-gallery\" alt=\"Maria Kerrn Jespersen + fr\u00e9maa + r\u00e9sonances\" data-full-url=\"https:\/\/pokaa.fr\/wp-content\/uploads\/2024\/10\/29\/maria-kerrn-jespersen-sculptrice-papier-1500x1500.jpg\" decoding=\"async\" loading=\"lazy\"  \/>            <\/p>\n<p>                <img width=\"500\" height=\"500\" src=\"https:\/\/www.europesays.com\/fr\/wp-content\/uploads\/2025\/10\/pauline-faure-sculptrice-papier-2-500x500.jpg\" class=\"attachment-gallery size-gallery\" alt=\"Pauline Faure + fr\u00e9maa + r\u00e9sonances\" data-full-url=\"https:\/\/pokaa.fr\/wp-content\/uploads\/2024\/10\/29\/pauline-faure-sculptrice-papier-2.jpg\" decoding=\"async\" loading=\"lazy\"  \/>            <\/p>\n<p>                <img width=\"357\" height=\"500\" src=\"https:\/\/www.europesays.com\/fr\/wp-content\/uploads\/2025\/10\/marion-hawecker-plumassiere-2-scaled-e1730224102916-357x500.jpg\" class=\"attachment-gallery size-gallery\" alt=\"Marion Hawecker + fr\u00e9maa + r\u00e9sonances\" data-full-url=\"https:\/\/pokaa.fr\/wp-content\/uploads\/2024\/10\/29\/marion-hawecker-plumassiere-2-1500x2100.jpg\" decoding=\"async\" loading=\"lazy\"  \/>            <\/p>\n<p>                    De gauche \u00e0 droite : Maria Kerrn-Jespersen (sculptrice papier), Pauline Faure (sculptrice papier), Marion Hawecker (plumassi\u00e8re). \u00a9 Fr\u00e9maa \/ Documents remis<\/p>\n<p>    <img width=\"800\" height=\"534\" src=\"https:\/\/www.europesays.com\/fr\/wp-content\/uploads\/2025\/10\/1-edition-2023-min-scaled-e1730224205592-800x534.jpg\" class=\"attachment-image-size-L size-image-size-L\" alt=\"r\u00e9sonances + fr\u00e9maa\" decoding=\"async\" loading=\"lazy\"  \/>         R\u00e9sonances 2023. \u00a9 fr\u00e9maa \/ document remis <\/p>\n<p>\u00ab\u00a0Sport &amp; Mind\u00a0\u00bb avec Rena Sph\u00e8re au Diam Loft \u00e0 la Wantzenau<\/p>\n<p align=\"LEFT\">On prend un peu d\u2019avance sur le prochain agenda, avec celui-l\u00e0\u00a0: le rendez-vous<b> \u00ab Sport &amp; Mind \u00bb de Rena Sph\u00e8re<\/b>, le nouveau projet de la cr\u00e9atrice de contenus Pauline Gracia.<\/p>\n<p align=\"LEFT\">Le <b>dimanche 23 novembre<\/b>, celle-ci proposera \u00ab\u00a0une journ\u00e9e de reconnexion, de l\u00e9g\u00e8ret\u00e9 et de renaissance\u00a0\u00bb pour l\u2019automne. Au programme\u00a0: des <b>moments gourmands <\/b>entre brunch et collations, ainsi que de la <b>boxe et du cardio-training <\/b>(avec <b>Nadia Hokmi<\/b> triple championne du monde de boxe anglaise).<\/p>\n<p align=\"LEFT\">Mais aussi de nombreux <b>ateliers\u00a0<\/b>: cr\u00e9ation d\u2019un <b>moodboard<\/b> (avec Maison Marga et Celest-in), <b>head spa<\/b>, <b>massage drainant <\/b>(avec Rena Care) et <b>cuisine<\/b> avec Aur\u00e9lie Bruder, cr\u00e9atrice food sur les r\u00e9seaux (@nosugarhealthy).<\/p>\n<p align=\"CENTER\"><b>Quand et o\u00f9\u00a0?<br \/><\/b>Dimanche 23 novembre \u00e0 10h<br \/>Au Diam Loft \u00e0 la Wantzenau<br \/><a href=\"https:\/\/www.instagram.com\/p\/DPb5FkSDMGs\/?img_index=1\" target=\"_blank\" rel=\"noopener nofollow\">+ d\u2019infos<\/a><\/p>\n<p><script async src=\"\/\/www.instagram.com\/embed.js\"><\/script><\/p>\n","protected":false},"excerpt":{"rendered":"Aujourd\u2019hui, apr\u00e8s Halloween, le calendrier annonce la Toussaint \u2013 jour f\u00e9ri\u00e9 \u2013, et avec ces premi\u00e8res semaines de&hellip;\n","protected":false},"author":2,"featured_media":502524,"comment_status":"","ping_status":"","sticky":false,"template":"","format":"standard","meta":{"footnotes":""},"categories":[2820],"tags":[1111,11,4763,4983,3528,27985,1697,12084,1777,674,3293,652,1011,27,775,708,39031,12,21919,3907,25,3140,640,4064],"class_list":{"0":"post-502523","1":"post","2":"type-post","3":"status-publish","4":"format-standard","5":"has-post-thumbnail","7":"category-strasbourg","8":"tag-actu","9":"tag-actualites","10":"tag-agenda","11":"tag-bien-etre","12":"tag-burlesque","13":"tag-cabaret","14":"tag-concert","15":"tag-dj-set","16":"tag-eu","17":"tag-europe","18":"tag-exposition","19":"tag-famille","20":"tag-fr","21":"tag-france","22":"tag-grand-est","23":"tag-humour","24":"tag-impro","25":"tag-news","26":"tag-ou-sortir","27":"tag-que-faire","28":"tag-republique-francaise","29":"tag-spectacle","30":"tag-strasbourg","31":"tag-week-end"},"share_on_mastodon":{"url":"https:\/\/pubeurope.com\/@fr\/115469578427202297","error":""},"_links":{"self":[{"href":"https:\/\/www.europesays.com\/fr\/wp-json\/wp\/v2\/posts\/502523","targetHints":{"allow":["GET"]}}],"collection":[{"href":"https:\/\/www.europesays.com\/fr\/wp-json\/wp\/v2\/posts"}],"about":[{"href":"https:\/\/www.europesays.com\/fr\/wp-json\/wp\/v2\/types\/post"}],"author":[{"embeddable":true,"href":"https:\/\/www.europesays.com\/fr\/wp-json\/wp\/v2\/users\/2"}],"replies":[{"embeddable":true,"href":"https:\/\/www.europesays.com\/fr\/wp-json\/wp\/v2\/comments?post=502523"}],"version-history":[{"count":0,"href":"https:\/\/www.europesays.com\/fr\/wp-json\/wp\/v2\/posts\/502523\/revisions"}],"wp:featuredmedia":[{"embeddable":true,"href":"https:\/\/www.europesays.com\/fr\/wp-json\/wp\/v2\/media\/502524"}],"wp:attachment":[{"href":"https:\/\/www.europesays.com\/fr\/wp-json\/wp\/v2\/media?parent=502523"}],"wp:term":[{"taxonomy":"category","embeddable":true,"href":"https:\/\/www.europesays.com\/fr\/wp-json\/wp\/v2\/categories?post=502523"},{"taxonomy":"post_tag","embeddable":true,"href":"https:\/\/www.europesays.com\/fr\/wp-json\/wp\/v2\/tags?post=502523"}],"curies":[{"name":"wp","href":"https:\/\/api.w.org\/{rel}","templated":true}]}}