{"id":502525,"date":"2025-10-31T15:51:20","date_gmt":"2025-10-31T15:51:20","guid":{"rendered":"https:\/\/www.europesays.com\/fr\/502525\/"},"modified":"2025-10-31T15:51:20","modified_gmt":"2025-10-31T15:51:20","slug":"decision-du-tribunal-de-strasbourg-le-12-novembre","status":"publish","type":"post","link":"https:\/\/www.europesays.com\/fr\/502525\/","title":{"rendered":"d\u00e9cision du tribunal de Strasbourg le 12\u00a0novembre"},"content":{"rendered":"<p>Plus d\u2019une centaine de salari\u00e9s de Novasco (ex-Ascom\u00e9tal), venus notamment du site d\u2019Hagondange qui emploie 420 des 760 salari\u00e9s du groupe, se sont rassembl\u00e9s, vendredi 31\u00a0octobre, devant le tribunal de commerce de Strasbourg qui devait \u00e9tudier deux offres de reprise de l\u2019entreprise en redressement judiciaire. L\u2019\u00e9tat des deux offres pr\u00e9sent\u00e9es par l\u2019Ardennais M\u00e9tal Blanc de Julien Baillon et le groupe landais Eurosplama n\u2019ont pas permis au tribunal de se prononcer. L\u2019avenir de Novasco a une nouvelle et derni\u00e8re fois \u00e9t\u00e9 renvoy\u00e9 \u00e0 une audience. Celle du 12\u00a0novembre avec une requ\u00eate en liquidation en cas de non-cession. Sur les quatre sites de Novasco, celui de Dunkerque est celui qui a le plus de chances d\u2019\u00eatre repris. \u00ab\u00a0Il va y avoir \u00e9norm\u00e9ment de casse sociale\u00a0\u00bb, a l\u00e2ch\u00e9 Yohann Amadoro, secr\u00e9taire du CSE central, \u00e0 l\u2019issue de l\u2019audience au milieu de salari\u00e9s en col\u00e8re, voire en larmes.<\/p>\n","protected":false},"excerpt":{"rendered":"Plus d\u2019une centaine de salari\u00e9s de Novasco (ex-Ascom\u00e9tal), venus notamment du site d\u2019Hagondange qui emploie 420 des 760&hellip;\n","protected":false},"author":2,"featured_media":502526,"comment_status":"","ping_status":"","sticky":false,"template":"","format":"standard","meta":{"footnotes":""},"categories":[2820],"tags":[1111,11,2389,2649,2880,1777,674,107,1011,27,775,12,25,801,640,2879],"class_list":{"0":"post-502525","1":"post","2":"type-post","3":"status-publish","4":"format-standard","5":"has-post-thumbnail","7":"category-strasbourg","8":"tag-actu","9":"tag-actualites","10":"tag-alsace","11":"tag-bas-rhin","12":"tag-edition-strasbourg","13":"tag-eu","14":"tag-europe","15":"tag-fil-info","16":"tag-fr","17":"tag-france","18":"tag-grand-est","19":"tag-news","20":"tag-republique-francaise","21":"tag-social","22":"tag-strasbourg","23":"tag-strasbourg-ville"},"share_on_mastodon":{"url":"https:\/\/pubeurope.com\/@fr\/115469581311469977","error":""},"_links":{"self":[{"href":"https:\/\/www.europesays.com\/fr\/wp-json\/wp\/v2\/posts\/502525","targetHints":{"allow":["GET"]}}],"collection":[{"href":"https:\/\/www.europesays.com\/fr\/wp-json\/wp\/v2\/posts"}],"about":[{"href":"https:\/\/www.europesays.com\/fr\/wp-json\/wp\/v2\/types\/post"}],"author":[{"embeddable":true,"href":"https:\/\/www.europesays.com\/fr\/wp-json\/wp\/v2\/users\/2"}],"replies":[{"embeddable":true,"href":"https:\/\/www.europesays.com\/fr\/wp-json\/wp\/v2\/comments?post=502525"}],"version-history":[{"count":0,"href":"https:\/\/www.europesays.com\/fr\/wp-json\/wp\/v2\/posts\/502525\/revisions"}],"wp:featuredmedia":[{"embeddable":true,"href":"https:\/\/www.europesays.com\/fr\/wp-json\/wp\/v2\/media\/502526"}],"wp:attachment":[{"href":"https:\/\/www.europesays.com\/fr\/wp-json\/wp\/v2\/media?parent=502525"}],"wp:term":[{"taxonomy":"category","embeddable":true,"href":"https:\/\/www.europesays.com\/fr\/wp-json\/wp\/v2\/categories?post=502525"},{"taxonomy":"post_tag","embeddable":true,"href":"https:\/\/www.europesays.com\/fr\/wp-json\/wp\/v2\/tags?post=502525"}],"curies":[{"name":"wp","href":"https:\/\/api.w.org\/{rel}","templated":true}]}}