{"id":502529,"date":"2025-10-31T15:53:16","date_gmt":"2025-10-31T15:53:16","guid":{"rendered":"https:\/\/www.europesays.com\/fr\/502529\/"},"modified":"2025-10-31T15:53:16","modified_gmt":"2025-10-31T15:53:16","slug":"le-centre-commercial-nicetoile-en-chantier-voici-quand-tous-les-travaux-seront-termines","status":"publish","type":"post","link":"https:\/\/www.europesays.com\/fr\/502529\/","title":{"rendered":"Le centre commercial Nic\u00e9toile en chantier, voici quand tous les travaux seront termin\u00e9s"},"content":{"rendered":"<p>            Par<br \/>\n        <strong><br \/>\n            <a href=\"https:\/\/actu.fr\/auteur\/arthur-frand\" title=\"Consulter tous les articles de Arthur Frand\" rel=\"nofollow noopener\" target=\"_blank\">Arthur Frand<\/a><br \/>\n        <\/strong><\/p>\n<p>        Publi\u00e9 le<\/p>\n<p>            31 oct. 2025 \u00e0 16h38        <\/p>\n<p>Pos\u00e9 dans le centre-ville de <a href=\"https:\/\/actu.fr\/nice\/\" rel=\"nofollow noopener\" target=\"_blank\">Nice<\/a>, dans les <a href=\"https:\/\/actu.fr\/provence-alpes-cote-d-azur\/alpes-maritimes_06\" rel=\"nofollow noopener\" target=\"_blank\">Alpes-Maritimes<\/a>, le centre commercial Nic\u00e9toile est immanquable. Situ\u00e9 au c\u0153ur de l\u2019art\u00e8re Jean-M\u00e9decin il se refait une beaut\u00e9. En fa\u00e7ade et \u00e0 l\u2019int\u00e9rieur. Depuis l\u2019avenue Jean-M\u00e9decin, les Ni\u00e7ois peuvent <strong>observer des ouvriers en action<\/strong> depuis le mois de juin dernier. Des travaux de r\u00e9novation vont se poursuivre encore plusieurs semaines. Mais les premiers changements sont d\u00e9j\u00e0 visibles. Voici ce qui est pr\u00e9vu et quand exactement.<\/p>\n<p>Les premi\u00e8res vitrines livr\u00e9es<\/p>\n<p class=\" wall-content\">Les premiers travaux de Nic\u00e9toile ont \u00e9t\u00e9 lanc\u00e9s en juin\u00a02025. \u00ab\u2009Le gros des travaux a <strong>d\u00e9marr\u00e9 \u00e0 la rentr\u00e9e<\/strong>, en septembre. Nous nous sommes attaqu\u00e9s aux vitrines ext\u00e9rieures. Les premi\u00e8res vont \u00eatre livr\u00e9es tr\u00e8s d\u2019ici 10\u00a0jours\u2009\u00bb, pr\u00e9cisait Patrick Nolier \u00e0 <a href=\"https:\/\/actu.fr\/nice\/\" rel=\"nofollow noopener\" target=\"_blank\">actu Nice<\/a> le 22\u00a0octobre.<\/p>\n<p class=\" wall-content\">En effet, avenue Jean-M\u00e9decin, celles-ci se d\u00e9voilent petit \u00e0 petit au grand public. Elles sont notamment plus grandes (6\u00a0m\u00e8tres de haut). La centaine d\u2019enseignes du centre commercial devrait \u00eatre bien mieux mise en avant. C\u2019est en tout cas l\u2019objectif.<\/p>\n<p class=\" wall-content\">Les deux entr\u00e9es, Nord et Sud, du centre commercial sont encore en chantier. Elles vont compl\u00e8tement \u00eatre repens\u00e9es et red\u00e9finies pour devenir plus moderne.<\/p>\n<p>    <img   decoding=\"async\" loading=\"lazy\" src=\"https:\/\/www.europesays.com\/fr\/wp-content\/uploads\/2025\/10\/facade-nice-etoile-960x640.jpg\" alt=\"Facade nice-\u00e9toile\" width=\"960\" height=\"640\"\/><br \/>\n    Les fa\u00e7ades de Nic\u00e9toile sont modernis\u00e9es avenue Jean-M\u00e9decin \u00e0 Nice. (\u00a9Arthur Frand \/ actu Nice)Tr\u00eave des travaux lors des f\u00eates de fin d\u2019ann\u00e9e<\/p>\n<p class=\" wall-content\">Actuellement, les ouvriers s\u2019activent souvent de nuit <strong>pour g\u00eaner le moins possible<\/strong> le fonctionnement du centre commercial.<\/p>\n<blockquote class=\"ac-article-quote wall-content\">\n<p>Tous nos acc\u00e8s restent fonctionnels. C\u2019\u00e9tait tr\u00e8s important de ne pas perturber nos clients et les visiteurs.<\/p>\n<p>    <strong>Patrick Nolier<\/strong><br \/>\n        Directeur de Nic\u00e9toile    <\/p><\/blockquote>\n<p>Votre r\u00e9gion, votre actu !<\/p>\n<p>Recevez chaque jour les infos qui comptent pour vous.<\/p>\n<p>\t<a href=\"https:\/\/actu.fr\/newsletter\" class=\"ac-btn ac-btn--corner ac-btn--medium ac-btn--blue800\" rel=\"nofollow noopener\" target=\"_blank\">S&rsquo;incrire<\/a><\/p>\n<p class=\" wall-content\">Selon le directeur du centre commercial, \u00ab\u200980\u2009% des travaux <strong>seront termin\u00e9s avant fin novembre<\/strong>. Ensuite, une tr\u00eave sera observ\u00e9e en d\u00e9cembre et lors de la p\u00e9riode des f\u00eates de fin d\u2019ann\u00e9e. Mais aussi lors du lancement des soldes d\u00e9but janvier.\u2009\u00bb<br \/>Les derniers travaux seront lanc\u00e9s autour du 15\u00a0janvier.<\/p>\n<p>100\u2009% de la r\u00e9novation termin\u00e9e pour les vacances de f\u00e9vrier<\/p>\n<p class=\" wall-content\">Quelques d\u00e9tails seront <strong>encore \u00e0 r\u00e9gler<\/strong> en 2026. \u00ab\u2009Il ne nous restera plus qu\u2019\u00e0 faire le jardin d\u2019hiver (food court partag\u00e9) au niveau -1. Il sera pr\u00eat avant le carnaval de Nice en f\u00e9vrier. Il y aura aussi \u00e0 installer le lustre devant les ascenseurs et terminer les quatre petites entr\u00e9es lat\u00e9rales, rue Dedon et en face de la station de tram Jean-M\u00e9decin\u2009\u00bb, annonce Patrick Nolier \u00e0 actu Nice, qui avance que l\u2019ensemble des travaux r\u00e9novation de Nic\u00e9toile seront achev\u00e9s <strong>pour les vacances scolaires de f\u00e9vrier<\/strong>. Celles-ci d\u00e9buteront le 14\u00a0f\u00e9vrier dans les Alpes-Maritimes.<\/p>\n<p class=\" wall-content\">Personnalisez votre actualit\u00e9 en ajoutant vos villes et m\u00e9dias en favori avec <a href=\"https:\/\/moncompte.actu.fr\" title=\"D\u00e9couvez Mon Actu\" rel=\"nofollow noopener\" data-trk=\"{&quot;cta&quot;:{&quot;action&quot;:&quot;https:\\\/\\\/moncompte.actu.fr&quot;,&quot;category&quot;:&quot;mon compte&quot;,&quot;from&quot;:&quot;article footer&quot;,&quot;name&quot;:&quot;Mon actu&quot;,&quot;type&quot;:&quot;cta&quot;}}\" target=\"_blank\">Mon Actu<\/a>.<\/p>\n","protected":false},"excerpt":{"rendered":"Par Arthur Frand Publi\u00e9 le 31 oct. 2025 \u00e0 16h38 Pos\u00e9 dans le centre-ville de Nice, dans les&hellip;\n","protected":false},"author":2,"featured_media":502530,"comment_status":"","ping_status":"","sticky":false,"template":"","format":"standard","meta":{"footnotes":""},"categories":[2819],"tags":[1111,11,1777,674,1011,27,12,2401,3147,882,25,104,2086],"class_list":{"0":"post-502529","1":"post","2":"type-post","3":"status-publish","4":"format-standard","5":"has-post-thumbnail","7":"category-nice","8":"tag-actu","9":"tag-actualites","10":"tag-eu","11":"tag-europe","12":"tag-fr","13":"tag-france","14":"tag-news","15":"tag-nice","16":"tag-nouveaux-commerces","17":"tag-provence-alpes-cote-dazur","18":"tag-republique-francaise","19":"tag-societe","20":"tag-travaux"},"share_on_mastodon":{"url":"https:\/\/pubeurope.com\/@fr\/115469589890610089","error":""},"_links":{"self":[{"href":"https:\/\/www.europesays.com\/fr\/wp-json\/wp\/v2\/posts\/502529","targetHints":{"allow":["GET"]}}],"collection":[{"href":"https:\/\/www.europesays.com\/fr\/wp-json\/wp\/v2\/posts"}],"about":[{"href":"https:\/\/www.europesays.com\/fr\/wp-json\/wp\/v2\/types\/post"}],"author":[{"embeddable":true,"href":"https:\/\/www.europesays.com\/fr\/wp-json\/wp\/v2\/users\/2"}],"replies":[{"embeddable":true,"href":"https:\/\/www.europesays.com\/fr\/wp-json\/wp\/v2\/comments?post=502529"}],"version-history":[{"count":0,"href":"https:\/\/www.europesays.com\/fr\/wp-json\/wp\/v2\/posts\/502529\/revisions"}],"wp:featuredmedia":[{"embeddable":true,"href":"https:\/\/www.europesays.com\/fr\/wp-json\/wp\/v2\/media\/502530"}],"wp:attachment":[{"href":"https:\/\/www.europesays.com\/fr\/wp-json\/wp\/v2\/media?parent=502529"}],"wp:term":[{"taxonomy":"category","embeddable":true,"href":"https:\/\/www.europesays.com\/fr\/wp-json\/wp\/v2\/categories?post=502529"},{"taxonomy":"post_tag","embeddable":true,"href":"https:\/\/www.europesays.com\/fr\/wp-json\/wp\/v2\/tags?post=502529"}],"curies":[{"name":"wp","href":"https:\/\/api.w.org\/{rel}","templated":true}]}}