{"id":502531,"date":"2025-10-31T15:54:14","date_gmt":"2025-10-31T15:54:14","guid":{"rendered":"https:\/\/www.europesays.com\/fr\/502531\/"},"modified":"2025-10-31T15:54:14","modified_gmt":"2025-10-31T15:54:14","slug":"le-faux-coursier-de-la-societe-generale-avait-floue-un-homme-handicape","status":"publish","type":"post","link":"https:\/\/www.europesays.com\/fr\/502531\/","title":{"rendered":"le faux \u00ab coursier de la Soci\u00e9t\u00e9 G\u00e9n\u00e9rale \u00bb avait flou\u00e9 un homme handicap\u00e9"},"content":{"rendered":"<p>            Par<br \/>\n        <strong><br \/>\n            <a href=\"https:\/\/actu.fr\/auteur\/journaliste-cp\" title=\"Consulter tous les articles de R\u00e9daction Courrier du Pays de Retz\" rel=\"nofollow noopener\" target=\"_blank\">R\u00e9daction Courrier du Pays de Retz<\/a><br \/>\n        <\/strong><\/p>\n<p>        Publi\u00e9 le<\/p>\n<p>            31 oct. 2025 \u00e0 14h59        <\/p>\n<p>Le <b>tribunal correctionnel<\/b> de <a href=\"https:\/\/actu.fr\/nantes\/\" rel=\"nofollow noopener\" target=\"_blank\">Nantes<\/a> a condamn\u00e9, lundi 27 octobre 2025, un homme de 20 ans qui s\u2019\u00e9tait fait passer pour un \u00ab\u2009coursier du <b>service des fraudes<\/b> de la Soci\u00e9t\u00e9 G\u00e9n\u00e9rale\u2009\u00bb et avait escroqu\u00e9 le 8\u00a0novembre 2024 une personne handicap\u00e9e de <a href=\"https:\/\/actu.fr\/pays-de-la-loire\/pornic_44131\" rel=\"nofollow noopener\" target=\"_blank\">Touvois<\/a> (Loire-Atlantique), selon l\u2019agence <a href=\"https:\/\/www.presspepper.fr\/\" rel=\"nofollow noopener\" target=\"_blank\">Presspepper<\/a>.<\/p>\n<p class=\" wall-content\">Absent lors de son proc\u00e8s, le pr\u00e9venu \u00e9tait poursuivi pour \u00ab\u2009escroquerie\u2009\u00bb et \u00ab\u2009conduite d\u2019un v\u00e9hicule sans permis\u2009\u00bb.<\/p>\n<p class=\" wall-content\">Le 8\u00a0novembre 2024, ce jeune de <a href=\"https:\/\/actu.fr\/pays-de-la-loire\/reze_44143\" rel=\"nofollow noopener\" target=\"_blank\">Rez\u00e9<\/a> s\u2019\u00e9tait pr\u00e9sent\u00e9 chez cet habitant de Touvois, d\u00e9clarant \u00eatre \u00ab\u2009un coursier du service des fraudes de la Soci\u00e9t\u00e9 G\u00e9n\u00e9rale\u2009\u00bb.<\/p>\n<p>Un appel quelques jours plus t\u00f4t<\/p>\n<p class=\" wall-content\">Quelques jours plus t\u00f4t, la victime avait effectivement re\u00e7u un <b>appel d\u2019une femme<\/b> disant travailler pour la banque et qui s\u2019\u00e9tait inqui\u00e9t\u00e9e qu\u2019un \u00ab\u2009virement de 700\u00a0\u20ac \u00e0 destination de l\u2019Espagne\u2009\u00bb ait \u00e9t\u00e9 fait depuis son compte.<\/p>\n<p class=\" wall-content\">Un \u00ab\u2009agent de la Soci\u00e9t\u00e9 G\u00e9n\u00e9rale\u2009\u00bb allait passer \u00e0 son domicile pour \u00ab\u2009r\u00e9gulariser\u2009\u00bb la situation, lui avait-elle dit.<\/p>\n<p class=\" wall-content\">La victime avait donc confi\u00e9 sa carte et ses coordonn\u00e9es bancaires \u00e0 ce pr\u00e9tendu \u00ab\u2009coursier\u2009\u00bb, qui avait alors effectu\u00e9 une dizaine de retraits et deux achats sur internet pour un total avoisinant les 4\u2009000\u00a0\u20ac.<\/p>\n<p>Un stratag\u00e8me trouv\u00e9 sur \u00ab\u2009Snapchat\u2009\u00bb<\/p>\n<p class=\" wall-content\">Interpell\u00e9 deux mois plus tard, il avait reconnu les faits en garde \u00e0 vue et avait confi\u00e9 avoir trouv\u00e9 le stratag\u00e8me sur la plateforme \u00ab<b>\u2009Snapchat<\/b>\u2009\u00bb.<\/p>\n<p>Votre r\u00e9gion, votre actu !<\/p>\n<p>Recevez chaque jour les infos qui comptent pour vous.<\/p>\n<p>\t<a href=\"https:\/\/actu.fr\/newsletter\" class=\"ac-btn ac-btn--corner ac-btn--medium ac-btn--blue800\" rel=\"nofollow noopener\" target=\"_blank\">S&rsquo;incrire<\/a><\/p>\n<p class=\" wall-content\">Via le r\u00e9seau social, le jeune homme avait \u00ab\u2009trouv\u00e9 <b>un contact<\/b>\u2009\u00bb qui lui aurait propos\u00e9 de se rendre \u00e0 Touvois pour \u00ab\u2009r\u00e9cup\u00e9rer la carte et le code\u2009\u00bb puis de \u00ab\u2009retirer de l\u2019argent\u2009\u00bb.<\/p>\n<p class=\" wall-content\">Le pr\u00e9venu aurait \u00ab\u2009gard\u00e9 300\u00a0\u20ac\u00bb pour lui, avant de donner rendez-vous \u00e0 son interlocuteur \u00ab\u2009entre Doulon et La Botti\u00e8re [quartiers proches du centre-ville de Nantes, ndlr]\u2009\u00bb et de lui donner le reliquat.<\/p>\n<p class=\" wall-content\">Son \u00ab\u2009contact\u2009\u00bb, qui n\u2019a <b>jamais \u00e9t\u00e9 identifi\u00e9<\/b> \u00e0 ce jour, l\u2019aurait ensuite \u00ab\u2009bloqu\u00e9 sur Snapchat\u2009\u00bb.<\/p>\n<p>Six mois de prison avec sursis<\/p>\n<p class=\" wall-content\">En couple depuis 2022, le jeune homme de 20\u00a0ans vit chez sa m\u00e8re et pr\u00e9sente un casier judiciaire vierge malgr\u00e9 <b>plusieurs proc\u00e9dures<\/b> pour \u00ab\u2009violences aggrav\u00e9es\u2009\u00bb et \u00ab\u2009agression sexuelle\u2009\u00bb, selon les \u00e9l\u00e9ments lus \u00e0 l\u2019audience par la pr\u00e9sidente du tribunal correctionnel de Nantes.<\/p>\n<p class=\" wall-content\">Il a finalement \u00e9t\u00e9 condamn\u00e9 \u00e0 <b>six mois de prison avec sursis<\/b> et devra indemniser la victime \u00e0 hauteur de 3\u2009995\u00a0\u20ac pour son \u00ab\u2009pr\u00e9judice mat\u00e9riel\u2009\u00bb et 500\u00a0\u20ac pour son \u00ab\u2009pr\u00e9judice moral\u2009\u00bb.<\/p>\n<p class=\" wall-content\">Personnalisez votre actualit\u00e9 en ajoutant vos villes et m\u00e9dias en favori avec <a href=\"https:\/\/moncompte.actu.fr\" title=\"D\u00e9couvez Mon Actu\" rel=\"nofollow noopener\" data-trk=\"{&quot;cta&quot;:{&quot;action&quot;:&quot;https:\\\/\\\/moncompte.actu.fr&quot;,&quot;category&quot;:&quot;mon compte&quot;,&quot;from&quot;:&quot;article footer&quot;,&quot;name&quot;:&quot;Mon actu&quot;,&quot;type&quot;:&quot;cta&quot;}}\" target=\"_blank\">Mon Actu<\/a>.<\/p>\n","protected":false},"excerpt":{"rendered":"Par R\u00e9daction Courrier du Pays de Retz Publi\u00e9 le 31 oct. 2025 \u00e0 14h59 Le tribunal correctionnel de&hellip;\n","protected":false},"author":2,"featured_media":502532,"comment_status":"","ping_status":"","sticky":false,"template":"","format":"standard","meta":{"footnotes":""},"categories":[2818],"tags":[1111,11,3514,3513,1777,674,118,1011,27,303,766,12,2636,25],"class_list":{"0":"post-502531","1":"post","2":"type-post","3":"status-publish","4":"format-standard","5":"has-post-thumbnail","7":"category-nantes","8":"tag-actu","9":"tag-actualites","10":"tag-arnaque","11":"tag-escroquerie","12":"tag-eu","13":"tag-europe","14":"tag-faits-divers","15":"tag-fr","16":"tag-france","17":"tag-justice","18":"tag-nantes","19":"tag-news","20":"tag-pays-de-la-loire","21":"tag-republique-francaise"},"share_on_mastodon":{"url":"https:\/\/pubeurope.com\/@fr\/115469593088510469","error":""},"_links":{"self":[{"href":"https:\/\/www.europesays.com\/fr\/wp-json\/wp\/v2\/posts\/502531","targetHints":{"allow":["GET"]}}],"collection":[{"href":"https:\/\/www.europesays.com\/fr\/wp-json\/wp\/v2\/posts"}],"about":[{"href":"https:\/\/www.europesays.com\/fr\/wp-json\/wp\/v2\/types\/post"}],"author":[{"embeddable":true,"href":"https:\/\/www.europesays.com\/fr\/wp-json\/wp\/v2\/users\/2"}],"replies":[{"embeddable":true,"href":"https:\/\/www.europesays.com\/fr\/wp-json\/wp\/v2\/comments?post=502531"}],"version-history":[{"count":0,"href":"https:\/\/www.europesays.com\/fr\/wp-json\/wp\/v2\/posts\/502531\/revisions"}],"wp:featuredmedia":[{"embeddable":true,"href":"https:\/\/www.europesays.com\/fr\/wp-json\/wp\/v2\/media\/502532"}],"wp:attachment":[{"href":"https:\/\/www.europesays.com\/fr\/wp-json\/wp\/v2\/media?parent=502531"}],"wp:term":[{"taxonomy":"category","embeddable":true,"href":"https:\/\/www.europesays.com\/fr\/wp-json\/wp\/v2\/categories?post=502531"},{"taxonomy":"post_tag","embeddable":true,"href":"https:\/\/www.europesays.com\/fr\/wp-json\/wp\/v2\/tags?post=502531"}],"curies":[{"name":"wp","href":"https:\/\/api.w.org\/{rel}","templated":true}]}}