{"id":502541,"date":"2025-10-31T15:59:15","date_gmt":"2025-10-31T15:59:15","guid":{"rendered":"https:\/\/www.europesays.com\/fr\/502541\/"},"modified":"2025-10-31T15:59:15","modified_gmt":"2025-10-31T15:59:15","slug":"ce-ne-serait-pas-etonnant-quil-resigne-poitrenaud-evoque-la-prolongation-a-venir-de-dupont-a-toulouse","status":"publish","type":"post","link":"https:\/\/www.europesays.com\/fr\/502541\/","title":{"rendered":"\u00abCe ne serait pas \u00e9tonnant qu\u2019il resigne\u00bb, Poitrenaud \u00e9voque la prolongation \u00e0 venir de Dupont \u00e0 Toulouse"},"content":{"rendered":"<p>\n    Le demi de m\u00eal\u00e9e star du rugby fran\u00e7ais devrait tr\u00e8s prochainement prolonger son bail jusqu\u2019en 2031 chez les Rouge et Noir.<\/p>\n<p class=\"fig-paragraph\">\u00abCe ne serait pas \u00e9tonnant qu&rsquo;il resigne\u00bb, a affirm\u00e9 vendredi l&rsquo;entra\u00eeneur des trois-quarts du Stade Toulousain\u00a0<a href=\"http:\/\/www.lefigaro.fr\/sports\/rugby\/top-14\/top-14-ce-n-est-pas-trop-grave-pense-poitrenaud-au-sujet-de-la-blessure-de-paul-costes-20250602\" data-fig-type=\"NewsFlash\" data-gtm-custom-categorie=\"navigation\" data-gtm-custom-action=\"crossclick\" data-gtm-custom-label=\"Contextuel\" data-gtm-event=\"customEventSPE\" data-fig-domain=\"LEFIGARO\" rel=\"nofollow noopener\" target=\"_blank\">Cl\u00e9ment Poitrenaud\u00a0<\/a>au sujet d&rsquo;<a href=\"http:\/\/www.lefigaro.fr\/sports\/rugby\/une-entrave-a-la-liberte-de-negocier-son-contrat-de-travail-antoine-dupont-toujours-dans-la-bataille-du-droit-a-l-image-20251016\" data-fig-type=\"Article\" data-gtm-custom-categorie=\"navigation\" data-gtm-custom-action=\"crossclick\" data-gtm-custom-label=\"Contextuel\" data-gtm-event=\"customEventSPE\" data-fig-domain=\"LEFIGARO\" rel=\"nofollow noopener\" target=\"_blank\">Antoine Dupont<\/a>, alors que la presse sp\u00e9cialis\u00e9e \u00e9voque une prolongation prochaine du capitaine des champions de France. \u00abCe ne serait pas \u00e9tonnant qu&rsquo;il resigne, vous aurez l&rsquo;info quand elle sortira, en tout cas, moi j&rsquo;esp\u00e8re qu&rsquo;il va resigner\u00bb, a souri Cl\u00e9ment Poitrenaud.<\/p>\n<p class=\"fig-paragraph\">\u00abOn serait tr\u00e8s heureux qu&rsquo;il reste chez nous et longtemps\u00bb, a-t-il poursuivi, questionn\u00e9 sur le futur du demi de m\u00eal\u00e9e des Rouge et Noir et du XV de France, alors que le bihebdomadaire sp\u00e9cialis\u00e9 Midi Olympique fait \u00e9tat d&rsquo;une prolongation \u00e0 venir jusqu&rsquo;en 2031. Le champion olympique de rugby \u00e0 7 est pour l&rsquo;heure engag\u00e9 avec Toulouse jusqu&rsquo;en juin 2027.<\/p>\n<p>                                    <a class=\"fig-a11y-skip a11y-hidden\" href=\"#fig-a11y-skip-main-inarticle\"><br \/>\n        Passer la publicit\u00e9<br \/>\n    <\/a><\/p>\n<p>\u00abChacun d\u2019entre nous serait aussi tr\u00e8s content de continuer de partager ce maillot avec lui\u00bb<\/p>\n<p class=\"fig-paragraph\">\u00ab\u00c9videmment que le Stade Toulousain, aujourd&rsquo;hui, rime aussi avec lui\u00bb, a estim\u00e9 l&rsquo;international italien du Stade Toulousain Ange Capuozzo. \u00abApr\u00e8s, plus \u00e9go\u00efstement, je pense que chacun d&rsquo;entre nous serait aussi tr\u00e8s content de continuer de partager ce maillot avec lui\u00bb, a ajout\u00e9 le trois-quarts qui \u00e9volue au c\u00f4t\u00e9 de \u00abToto\u00bb Dupont depuis 2022.<\/p>\n<p class=\"fig-paragraph\">Victime d&rsquo;une rupture des ligaments crois\u00e9s du genou droit au mois de mars en Irlande lors du dernier Tournoi des six nations, il a retrouv\u00e9 l&rsquo;entra\u00eenement collectif d\u00e9but octobre et participe \u00e0 de plus en plus d&rsquo;ateliers avec le reste de l&rsquo;effectif. Dupont s&rsquo;appr\u00eate \u00e0 rejoindre le groupe du XV de France au centre d&rsquo;entra\u00eenement de Marcoussis pour participer aux s\u00e9ances et aux \u00e9changes durant la tourn\u00e9e d&rsquo;automne, en vue de son retour en Bleu dans les mois \u00e0 venir.<\/p>\n<p class=\"fig-paragraph\">Il devrait retrouver la comp\u00e9tition avec son club fin novembre ou d\u00e9but d\u00e9cembre apr\u00e8s plus de huit mois \u00e9loign\u00e9 des terrains. Arriv\u00e9 au Stade toulousain en provenance de Castres en 2017, \u00e0 l&rsquo;\u00e2ge de 20 ans, le num\u00e9ro 9 aura 35 ans en 2031, ann\u00e9e de la Coupe du monde organis\u00e9e aux \u00c9tats-Unis.<\/p>\n","protected":false},"excerpt":{"rendered":"Le demi de m\u00eal\u00e9e star du rugby fran\u00e7ais devrait tr\u00e8s prochainement prolonger son bail jusqu\u2019en 2031 chez les&hellip;\n","protected":false},"author":2,"featured_media":502542,"comment_status":"","ping_status":"","sticky":false,"template":"","format":"standard","meta":{"footnotes":""},"categories":[2816],"tags":[1111,11,514,1777,674,1011,27,12,2680,25,476,2312],"class_list":{"0":"post-502541","1":"post","2":"type-post","3":"status-publish","4":"format-standard","5":"has-post-thumbnail","7":"category-toulouse","8":"tag-actu","9":"tag-actualites","10":"tag-antoine-dupont","11":"tag-eu","12":"tag-europe","13":"tag-fr","14":"tag-france","15":"tag-news","16":"tag-occitanie","17":"tag-republique-francaise","18":"tag-stade-toulousain","19":"tag-toulouse"},"share_on_mastodon":{"url":"https:\/\/pubeurope.com\/@fr\/115469612858099650","error":""},"_links":{"self":[{"href":"https:\/\/www.europesays.com\/fr\/wp-json\/wp\/v2\/posts\/502541","targetHints":{"allow":["GET"]}}],"collection":[{"href":"https:\/\/www.europesays.com\/fr\/wp-json\/wp\/v2\/posts"}],"about":[{"href":"https:\/\/www.europesays.com\/fr\/wp-json\/wp\/v2\/types\/post"}],"author":[{"embeddable":true,"href":"https:\/\/www.europesays.com\/fr\/wp-json\/wp\/v2\/users\/2"}],"replies":[{"embeddable":true,"href":"https:\/\/www.europesays.com\/fr\/wp-json\/wp\/v2\/comments?post=502541"}],"version-history":[{"count":0,"href":"https:\/\/www.europesays.com\/fr\/wp-json\/wp\/v2\/posts\/502541\/revisions"}],"wp:featuredmedia":[{"embeddable":true,"href":"https:\/\/www.europesays.com\/fr\/wp-json\/wp\/v2\/media\/502542"}],"wp:attachment":[{"href":"https:\/\/www.europesays.com\/fr\/wp-json\/wp\/v2\/media?parent=502541"}],"wp:term":[{"taxonomy":"category","embeddable":true,"href":"https:\/\/www.europesays.com\/fr\/wp-json\/wp\/v2\/categories?post=502541"},{"taxonomy":"post_tag","embeddable":true,"href":"https:\/\/www.europesays.com\/fr\/wp-json\/wp\/v2\/tags?post=502541"}],"curies":[{"name":"wp","href":"https:\/\/api.w.org\/{rel}","templated":true}]}}