{"id":502545,"date":"2025-10-31T16:02:27","date_gmt":"2025-10-31T16:02:27","guid":{"rendered":"https:\/\/www.europesays.com\/fr\/502545\/"},"modified":"2025-10-31T16:02:27","modified_gmt":"2025-10-31T16:02:27","slug":"halloween-continue-festival-asiatique-que-faire-a-lille-et-autour-samedi-1er-novembre-jour-ferie","status":"publish","type":"post","link":"https:\/\/www.europesays.com\/fr\/502545\/","title":{"rendered":"Halloween continue, festival asiatique&#8230; Que faire \u00e0 Lille et autour samedi 1er novembre, jour f\u00e9ri\u00e9\u00a0?"},"content":{"rendered":"<p>            Par<br \/>\n        <strong><br \/>\n            <a href=\"https:\/\/actu.fr\/auteur\/margot-nicodeme\" title=\"Consulter tous les articles de Margot Nicod\u00e8me\" rel=\"nofollow noopener\" target=\"_blank\">Margot Nicod\u00e8me<\/a><br \/>\n        <\/strong><\/p>\n<p>        Publi\u00e9 le<\/p>\n<p>            31 oct. 2025 \u00e0 17h00        <\/p>\n<p>La date d\u2019Halloween est officiellement le 31 octobre, mais les festivit\u00e9s frissonnantes continueront sur la journ\u00e9e<b> du samedi 1er novembre 2025<\/b> ! Ce n\u2019est pas tout ce qui sera au programme bien entendu, \u00e0 <a href=\"https:\/\/actu.fr\/hauts-de-france\/lille_59350\" rel=\"nofollow noopener\" target=\"_blank\">Lille<\/a> et autour. Attention, ce jour est f\u00e9ri\u00e9\u2026 Mais on s\u2019est renseign\u00e9 sur ce qui \u00e9tait ferm\u00e9 et ouvert. Voici notre s\u00e9lection (non exhaustive) <b>des \u00e9v\u00e9nements et activit\u00e9s<\/b> rep\u00e9r\u00e9s ce samedi <b>dans le Nord.<\/b> Et bon dernier week-end de vacances de la Toussaint !<\/p>\n<p class=\" wall-content\">On vous glisse en pr\u00e9ambule la liste <a href=\"https:\/\/actu.fr\/hauts-de-france\/lille_59350\/metropole-de-lille-quels-magasins-seront-ouverts-pour-la-toussaint-samedi-1er-novembre_63367519.html\" rel=\"nofollow noopener\" target=\"_blank\">des magasins qui seront ouverts<\/a>, et celle de tous les autres lieux \u2013 <a href=\"https:\/\/actu.fr\/hauts-de-france\/lille_59350\/musees-zoo-cimetieres-ce-qui-est-ferme-et-ce-qui-est-ouvert-a-lille-le-samedi-1er-novembre_63378669.html\" rel=\"nofollow noopener\" target=\"_blank\">mus\u00e9es, zoo, cimeti\u00e8res \u2013 qui seront ouverts\u2026 ou ferm\u00e9s<\/a>.\u00a0<\/p>\n<p>Que faire \u00e0 Lille et autour le 1er novembre ? En lien avec Halloween :<\/p>\n<ul class=\" wall-content\">\n<li><b>Les Foul\u00e9es d\u2019Halloween \u00e0 La Madeleine<\/b><\/li>\n<\/ul>\n<p class=\" wall-content\">Pour allier frissons\u2026 et marche. La Ville de La Madeleine organise un parcours dans la ville, qui comprend \u00ab\u00a011 \u00e9tapes pleines de surprises\u00a0\u00bb. Petits et grands sont invit\u00e9s \u00e0 venir d\u00e9guis\u00e9s, \u00e0 partir de 17h30 jusqu\u2019\u00e0 20h. Top d\u00e9part sur la place du march\u00e9.<\/p>\n<p class=\" wall-content\">Le 1er novembre, de 15h \u00e0 19h, une boum\u2009d\u2019Halloween est organis\u00e9e au Mama Shelter. Les enfants sont les bienvenus, pour cette f\u00eate avec\u2009: des ateliers pour pr\u00e9parer sa propre pizza, de d\u00e9co de cupcakes effrayants ou de garnison de pancakes. Stand de maquillage, jeux, \u00ab\u00a0hat bar\u00a0\u00bb et d\u00e9corations th\u00e9matiques vous attendent sur place. Sans oublier le concours de costumes\u2009! Plus d\u2019infos sur le site officiel du <a href=\"https:\/\/fr.mamashelter.com\/lille\/\" rel=\"nofollow noopener\" target=\"_blank\">Mama Shelter<\/a>.<\/p>\n<ul class=\" wall-content\">\n<li><b>Halloween dans les parcs d\u2019attractions<\/b><\/li>\n<\/ul>\n<p>Votre r\u00e9gion, votre actu !<\/p>\n<p>Recevez chaque jour les infos qui comptent pour vous.<\/p>\n<p>\t<a href=\"https:\/\/actu.fr\/newsletter\" class=\"ac-btn ac-btn--corner ac-btn--medium ac-btn--blue800\" rel=\"nofollow noopener\" target=\"_blank\">S&rsquo;incrire<\/a><\/p>\n<p class=\" wall-content\">Un vent frissonnant souffle <a href=\"https:\/\/actu.fr\/hauts-de-france\/lille_59350\/nocturnes-maisons-hantees-labyrinthe-halloween-celebre-dans-ces-parcs-pres-de-lille_63308113.html\" rel=\"nofollow noopener\" target=\"_blank\">sur les parcs d\u2019attractions du secteur<\/a>, en ce moment. D\u00e9cors immersifs, labyrinthe citrouille, nocturnes, spectacles\u2026 Les enseignes ont mis les petits plats dans les grands pour plonger les visiteurs dans une ambiance effrayante (adapt\u00e9e en fonction de l\u2019\u00e2ge des visiteurs).<\/p>\n<p>Ev\u00e9nements hors th\u00e9matique d\u2019Halloween<\/p>\n<ul class=\" wall-content\">\n<li><b>Lille. Explorez la f\u00eate, cr\u00e9ez des confettis et dansez, dans cette incroyable expo gratuite \u00e0 Saint-So\u00a0<\/b><\/li>\n<\/ul>\n<p class=\" wall-content\">Jusqu\u2019au 8 novembre 2025, <a href=\"https:\/\/actu.fr\/hauts-de-france\/lille_59350\/lille-explorez-la-fete-creez-des-confettis-et-dansez-dans-cette-incroyable-expo-gratuite-a-saint-so_63355480.html\" rel=\"nofollow noopener\" target=\"_blank\">la Briche Foraine s\u2019invite \u00e0 la gare Saint-Sauveur de Lille<\/a>. Une expo immersive rondement men\u00e9e, o\u00f9 on se laisse emporter par l\u2019envie de faire la f\u00eate\u2009! Bonne nouvelle : c\u2019est bel et bien ouvert le samedi 1er novembre.<b\/><\/p>\n<ul class=\" wall-content\">\n<li><b>Festival autour des cultures japonaise et cor\u00e9enne<\/b><\/li>\n<\/ul>\n<p class=\" wall-content\">Les aficionados de la culture asiatique doivent se rendre \u00e0 <a href=\"https:\/\/actu.fr\/hauts-de-france\/lille_59350\/pres-de-lille-un-festival-sur-les-cultures-japonaise-et-coreenne-de-retour-ce-week-end_63356660.html\" rel=\"nofollow noopener\" target=\"_blank\">la nouvelle \u00e9dition de La Grande Vague<\/a>. Cr\u00e9ateurs, food, accessoires, pop culture les y attendent ce samedi, et aussi dimanche, au Grand Playground, dans la m\u00e9tropole lilloise.<\/p>\n<ul class=\" wall-content\">\n<li><b>De nombreuses brocantes et bourses aux jouets dans le Nord<\/b><\/li>\n<\/ul>\n<p class=\" wall-content\">Les brocantes, bourses aux jouets sont encore tr\u00e8s nombreuses dans le Nord, en ce d\u00e9but du mois de novembre 2025. <a href=\"https:\/\/actu.fr\/loisirs-culture\/brocantes-bourses-aux-jouets-vide-greniers-ou-chiner-dans-le-nord-pas-de-calais-les-1er-et-2-novembre_63364421.html\" rel=\"nofollow noopener\" target=\"_blank\">Voici la longue liste de toutes celles rep\u00e9r\u00e9es<\/a> dans le d\u00e9partement, ce samedi (et aussi celles du dimanche 2 novembre !).<\/p>\n<ul class=\" wall-content\">\n<li><b>Soir\u00e9e mousse \u00e0 la patinoire de Wasquehal<\/b><\/li>\n<\/ul>\n<p class=\" wall-content\">Rendez-vous \u00e0 la patinoire Serge-Charles de Wasquehal ce samedi \u00e0 partir de 18h, jusqu\u2019\u00e0 23h30, pour une soir\u00e9e mousse ouverte \u00e0 tous ! Au programme : \u00ab\u00a0avalanche de mousse, jeux de lumi\u00e8re et musique et ambiance de folie !\u00a0\u00bb Entr\u00e9e : 12 \u20ac.<\/p>\n<ul class=\" wall-content\">\n<li><b>Dernier jour pour admirer les dinos au Kiabi Village<\/b><\/li>\n<\/ul>\n<p class=\" wall-content\">Dernier jour, ce samedi 1er novembre, pour admirer le d\u00e9cor de l\u2019\u00e8re du Jurassique au Kiabi Village de Lezennes. <a href=\"https:\/\/actu.fr\/hauts-de-france\/lezennes_59346\/pres-de-lille-decouvrez-6-dinosaures-grandeur-nature-dans-des-decors-immersifs_63360517.html\" rel=\"nofollow noopener\" target=\"_blank\">Six dinosaures grandeur nature prennent vie<\/a>, pour le plus grand bonheur des familles. D\u00e9couverte, amusement et \u00e9merveillement assur\u00e9s !<\/p>\n<ul class=\" wall-content\">\n<li><b>T\u00e9l\u00e9cabines, fondue, raclette\u2026 La Friche gourmande passe en mode hiver<\/b><\/li>\n<\/ul>\n<p class=\" wall-content\">\u00c0 Saint-Andr\u00e9-lez-Lille, la Friche Gourmande se transforme, du 29\u00a0octobre au 30\u00a0mars, <a href=\"https:\/\/actu.fr\/hauts-de-france\/saint-andre-lez-lille_59527\/pres-de-lille-la-friche-gourmande-se-transforme-en-station-de-ski-avec-telecabines-et-fromage-fondu_63360813.html\" rel=\"nofollow noopener\" target=\"_blank\">en station de ski urbaine avec curling, raclette et soir\u00e9es enneig\u00e9es<\/a> au programme. Plus d\u2019infos sur l\u2019ambiance et les \u00e9v\u00e9nements<a href=\"https:\/\/www.lafrichegourmandelille.com\/\" rel=\"nofollow noopener\" target=\"_blank\">\u00a0par ici<\/a>.<\/p>\n<p class=\" wall-content\">Personnalisez votre actualit\u00e9 en ajoutant vos villes et m\u00e9dias en favori avec <a href=\"https:\/\/moncompte.actu.fr\" title=\"D\u00e9couvez Mon Actu\" rel=\"nofollow noopener\" data-trk=\"{&quot;cta&quot;:{&quot;action&quot;:&quot;https:\\\/\\\/moncompte.actu.fr&quot;,&quot;category&quot;:&quot;mon compte&quot;,&quot;from&quot;:&quot;article footer&quot;,&quot;name&quot;:&quot;Mon actu&quot;,&quot;type&quot;:&quot;cta&quot;}}\" target=\"_blank\">Mon Actu<\/a>.<\/p>\n","protected":false},"excerpt":{"rendered":"Par Margot Nicod\u00e8me Publi\u00e9 le 31 oct. 2025 \u00e0 17h00 La date d\u2019Halloween est officiellement le 31 octobre,&hellip;\n","protected":false},"author":2,"featured_media":502546,"comment_status":"","ping_status":"","sticky":false,"template":"","format":"standard","meta":{"footnotes":""},"categories":[2815],"tags":[1111,11,1777,674,652,1011,27,20815,811,1307,1652,12,25],"class_list":{"0":"post-502545","1":"post","2":"type-post","3":"status-publish","4":"format-standard","5":"has-post-thumbnail","7":"category-lille","8":"tag-actu","9":"tag-actualites","10":"tag-eu","11":"tag-europe","12":"tag-famille","13":"tag-fr","14":"tag-france","15":"tag-halloween","16":"tag-hauts-de-france","17":"tag-lille","18":"tag-loisirs-culture","19":"tag-news","20":"tag-republique-francaise"},"share_on_mastodon":{"url":"https:\/\/pubeurope.com\/@fr\/115469624643581405","error":""},"_links":{"self":[{"href":"https:\/\/www.europesays.com\/fr\/wp-json\/wp\/v2\/posts\/502545","targetHints":{"allow":["GET"]}}],"collection":[{"href":"https:\/\/www.europesays.com\/fr\/wp-json\/wp\/v2\/posts"}],"about":[{"href":"https:\/\/www.europesays.com\/fr\/wp-json\/wp\/v2\/types\/post"}],"author":[{"embeddable":true,"href":"https:\/\/www.europesays.com\/fr\/wp-json\/wp\/v2\/users\/2"}],"replies":[{"embeddable":true,"href":"https:\/\/www.europesays.com\/fr\/wp-json\/wp\/v2\/comments?post=502545"}],"version-history":[{"count":0,"href":"https:\/\/www.europesays.com\/fr\/wp-json\/wp\/v2\/posts\/502545\/revisions"}],"wp:featuredmedia":[{"embeddable":true,"href":"https:\/\/www.europesays.com\/fr\/wp-json\/wp\/v2\/media\/502546"}],"wp:attachment":[{"href":"https:\/\/www.europesays.com\/fr\/wp-json\/wp\/v2\/media?parent=502545"}],"wp:term":[{"taxonomy":"category","embeddable":true,"href":"https:\/\/www.europesays.com\/fr\/wp-json\/wp\/v2\/categories?post=502545"},{"taxonomy":"post_tag","embeddable":true,"href":"https:\/\/www.europesays.com\/fr\/wp-json\/wp\/v2\/tags?post=502545"}],"curies":[{"name":"wp","href":"https:\/\/api.w.org\/{rel}","templated":true}]}}