{"id":502547,"date":"2025-10-31T16:03:11","date_gmt":"2025-10-31T16:03:11","guid":{"rendered":"https:\/\/www.europesays.com\/fr\/502547\/"},"modified":"2025-10-31T16:03:11","modified_gmt":"2025-10-31T16:03:11","slug":"marseille-une-meteo-decevante-pour-ce-week-end-de-la-toussaint-le-prefet-met-en-garde-contre-ce-phenomene","status":"publish","type":"post","link":"https:\/\/www.europesays.com\/fr\/502547\/","title":{"rendered":"Marseille. Une m\u00e9t\u00e9o d\u00e9cevante pour ce week-end de la Toussaint, le pr\u00e9fet met en garde contre ce ph\u00e9nom\u00e8ne"},"content":{"rendered":"<p>            Par<br \/>\n        <strong><br \/>\n            <a href=\"https:\/\/actu.fr\/auteur\/thibault-nadal-actu-fr\" title=\"Consulter tous les articles de Thibault Nadal\" target=\"_blank\" rel=\"noopener\">Thibault Nadal<\/a><br \/>\n        <\/strong><\/p>\n<p>        Publi\u00e9 le<\/p>\n<p>            31 oct. 2025 \u00e0 15h44        <\/p>\n<p>La <a href=\"https:\/\/actu.fr\/marseille\/meteo\" target=\"_blank\" rel=\"noopener\">m\u00e9t\u00e9o<\/a> continue de jouer au yoyo. Apr\u00e8s un d\u00e9but de semaine radieux, <a href=\"https:\/\/actu.fr\/provence-alpes-cote-d-azur\/marseille_13055\/alerte-meteo-a-marseille-des-orages-vont-frapper-dans-les-bouches-du-rhone-voici-ou_63363896.html\" target=\"_blank\" rel=\"noopener\">de fortes pluies s\u2019\u00e9taient abattues<\/a> sur <a href=\"https:\/\/actu.fr\/marseille\/\" target=\"_blank\" rel=\"noopener\">Marseille<\/a> ce mercredi 29\u00a0octobre avant un nouveau retour du soleil et de temp\u00e9ratures douces pour la saison.<\/p>\n<p class=\" wall-content\">Mais ce bonheur va \u00eatre <strong>une nouvelle fois de courte dur\u00e9e<\/strong> avec un week-end marqu\u00e9 par le retour de la pluie et une chute des temp\u00e9ratures. La pr\u00e9fecture met m\u00eame en garde contre un \u00ab\u2009ph\u00e9nom\u00e8ne dangereux\u2009\u00bb.<\/p>\n<p class=\" wall-content\">Voici les pr\u00e9visions.<\/p>\n<p>Des vagues dangereuses attendues dans la soir\u00e9e de samedi<\/p>\n<p class=\" wall-content\">Il faudra faire attention d\u00e8s ce samedi 1er\u00a0novembre. <a href=\"https:\/\/actu.fr\/tag\/meteo-france\" target=\"_blank\" rel=\"noopener\">M\u00e9t\u00e9o-France<\/a> a \u00e9mis une alerte pour la soir\u00e9e, de 18h \u00e0 minuit en raison de \u00ab\u2009vagues dangereuses sur tout le littoral du d\u00e9partement des <a href=\"https:\/\/actu.fr\/provence-alpes-cote-d-azur\/bouches-du-rhone_13\" target=\"_blank\" rel=\"noopener\">Bouches-du-Rh\u00f4ne<\/a>\u2009\u00bb.<\/p>\n<p class=\" wall-content\">Selon les premi\u00e8res pr\u00e9visions, elles <strong>pourraient atteindre 1,5m \u00e0 1,75m<\/strong>. Pour \u00e9viter un drame, la pr\u00e9fecture fait plusieurs recommandations\u2009:<\/p>\n<ul class=\" wall-content\">\n<li>\u00c9vitez de circuler en bord de mer \u00e0 pied ou en voiture, ne vous engagez pas sur les routes expos\u00e9es \u00e0 la houle ou d\u00e9j\u00e0 inond\u00e9es,<\/li>\n<li>\u00c9vitez de pratiquer la plong\u00e9e et la baignade,<\/li>\n<li>\u00c9vitez de pratiquer des loisirs nautiques\u2009: localement une \u00e9l\u00e9vation temporaire du niveau de la mer ou de fortes vagues sont susceptibles de provoquer des envahissements c\u00f4tiers,<\/li>\n<li>\u00c9vitez de sortir en mer.<\/li>\n<\/ul>\n<p class=\" wall-content\">\n<p>Un \u00ab\u2009front froid\u2009\u00bb dimanche<\/p>\n<p class=\" wall-content\">Si la m\u00e9t\u00e9o sera agit\u00e9e sur la mer M\u00e9diterran\u00e9e ce samedi, elle sera plus cl\u00e9mente dans les terres avec un ciel nuageux et des temp\u00e9ratures comprises entre 18 et 20\u00b0C au plus fort de la journ\u00e9e sur l\u2019ensemble du d\u00e9partement.<\/p>\n<p>Votre r\u00e9gion, votre actu !<\/p>\n<p>Recevez chaque jour les infos qui comptent pour vous.<\/p>\n<p>\t<a href=\"https:\/\/actu.fr\/newsletter\" class=\"ac-btn ac-btn--corner ac-btn--medium ac-btn--blue800\" target=\"_blank\" rel=\"noopener\">S&rsquo;incrire<\/a><\/p>\n<p class=\" wall-content\">En revanche, une pluie faible devrait accompagner la journ\u00e9e de dimanche, la derni\u00e8re avant la reprise de l\u2019\u00e9cole. \u00ab<strong>\u2009Au passage d\u2019un nouveau talweg associ\u00e9 \u00e0 un front froid<\/strong>, une nouvelle d\u00e9gradation pluvio-instable se produira durant la journ\u00e9e de dimanche en r\u00e9gion Paca\u2009\u00bb, \u00e9crit sur X Paul Marquis, fondateur de <a href=\"https:\/\/lameteodu13.com\/\" target=\"_blank\" rel=\"noopener\">La M\u00e9t\u00e9o du 13<\/a>.<\/p>\n<p class=\" wall-content\">Les temp\u00e9ratures, elles, chuteront et se stabiliseront autour des 17\u00b0C.<\/p>\n<p class=\" wall-content\">\n<p class=\" wall-content\">Une journ\u00e9e qui sera isol\u00e9e, puisque le soleil doit faire son retour d\u00e8s lundi\u2026 pour seulement plusieurs jours. <strong>Une nouvelle perturbation est possible d\u00e8s le jeudi<\/strong> 6\u00a0novembre, selon le m\u00e9t\u00e9orologue ind\u00e9pendant.<\/p>\n<p class=\" wall-content\">Personnalisez votre actualit\u00e9 en ajoutant vos villes et m\u00e9dias en favori avec <a href=\"https:\/\/moncompte.actu.fr\" title=\"D\u00e9couvez Mon Actu\" rel=\"nofollow noopener\" data-trk=\"{&quot;cta&quot;:{&quot;action&quot;:&quot;https:\\\/\\\/moncompte.actu.fr&quot;,&quot;category&quot;:&quot;mon compte&quot;,&quot;from&quot;:&quot;article footer&quot;,&quot;name&quot;:&quot;Mon actu&quot;,&quot;type&quot;:&quot;cta&quot;}}\" target=\"_blank\">Mon Actu<\/a>.<\/p>\n","protected":false},"excerpt":{"rendered":"Par Thibault Nadal Publi\u00e9 le 31 oct. 2025 \u00e0 15h44 La m\u00e9t\u00e9o continue de jouer au yoyo. Apr\u00e8s&hellip;\n","protected":false},"author":2,"featured_media":28583,"comment_status":"","ping_status":"","sticky":false,"template":"","format":"standard","meta":{"footnotes":""},"categories":[2814],"tags":[1111,11,1777,674,1011,27,884,2487,2357,12,4459,882,25],"class_list":{"0":"post-502547","1":"post","2":"type-post","3":"status-publish","4":"format-standard","5":"has-post-thumbnail","7":"category-marseille","8":"tag-actu","9":"tag-actualites","10":"tag-eu","11":"tag-europe","12":"tag-fr","13":"tag-france","14":"tag-marseille","15":"tag-meteo","16":"tag-meteo-france","17":"tag-news","18":"tag-pluie","19":"tag-provence-alpes-cote-dazur","20":"tag-republique-francaise"},"share_on_mastodon":{"url":"https:\/\/pubeurope.com\/@fr\/115469628550168281","error":""},"_links":{"self":[{"href":"https:\/\/www.europesays.com\/fr\/wp-json\/wp\/v2\/posts\/502547","targetHints":{"allow":["GET"]}}],"collection":[{"href":"https:\/\/www.europesays.com\/fr\/wp-json\/wp\/v2\/posts"}],"about":[{"href":"https:\/\/www.europesays.com\/fr\/wp-json\/wp\/v2\/types\/post"}],"author":[{"embeddable":true,"href":"https:\/\/www.europesays.com\/fr\/wp-json\/wp\/v2\/users\/2"}],"replies":[{"embeddable":true,"href":"https:\/\/www.europesays.com\/fr\/wp-json\/wp\/v2\/comments?post=502547"}],"version-history":[{"count":0,"href":"https:\/\/www.europesays.com\/fr\/wp-json\/wp\/v2\/posts\/502547\/revisions"}],"wp:featuredmedia":[{"embeddable":true,"href":"https:\/\/www.europesays.com\/fr\/wp-json\/wp\/v2\/media\/28583"}],"wp:attachment":[{"href":"https:\/\/www.europesays.com\/fr\/wp-json\/wp\/v2\/media?parent=502547"}],"wp:term":[{"taxonomy":"category","embeddable":true,"href":"https:\/\/www.europesays.com\/fr\/wp-json\/wp\/v2\/categories?post=502547"},{"taxonomy":"post_tag","embeddable":true,"href":"https:\/\/www.europesays.com\/fr\/wp-json\/wp\/v2\/tags?post=502547"}],"curies":[{"name":"wp","href":"https:\/\/api.w.org\/{rel}","templated":true}]}}