{"id":502550,"date":"2025-10-31T16:05:12","date_gmt":"2025-10-31T16:05:12","guid":{"rendered":"https:\/\/www.europesays.com\/fr\/502550\/"},"modified":"2025-10-31T16:05:12","modified_gmt":"2025-10-31T16:05:12","slug":"metropole-de-lyon-le-monde-des-musiques-traditionnelles-pleure-jean-blanchard","status":"publish","type":"post","link":"https:\/\/www.europesays.com\/fr\/502550\/","title":{"rendered":"M\u00e9tropole de Lyon. Le monde des musiques traditionnelles pleure Jean Blanchard"},"content":{"rendered":"<p>Jean Blanchard, qui nous a quitt\u00e9s ce 28\u00a0octobre 2025, \u00e9tait n\u00e9 dans une petite commune du Berry le 19\u00a0septembre 1948. C\u2019est dans cette province o\u00f9 le folklore local vivait encore que le jeune Jean \u00e9tait tomb\u00e9 dans la marmite des danseurs de bourr\u00e9es, des chanteurs de complaintes et des sonneurs de cornemuses.<\/p>\n<p>Gr\u00e2ce \u00e0 ces groupes, il a d\u00e9couvert les musiques de tradition orale qui l\u2019ont rattrap\u00e9 \u00e0 Lyon, exil\u00e9 pour ses \u00e9tudes. Avec d\u2019autres musiciens embarqu\u00e9s dans le renouveau du folk, il continue alors de recueillir et de&#8230;<\/p>\n","protected":false},"excerpt":{"rendered":"Jean Blanchard, qui nous a quitt\u00e9s ce 28\u00a0octobre 2025, \u00e9tait n\u00e9 dans une petite commune du Berry le&hellip;\n","protected":false},"author":2,"featured_media":502551,"comment_status":"","ping_status":"","sticky":false,"template":"","format":"standard","meta":{"footnotes":""},"categories":[1889],"tags":[1111,11,2430,9223,2757,1777,674,1011,27,2428,1391,12,25,2429,104,6345,6346],"class_list":{"0":"post-502550","1":"post","2":"type-post","3":"status-publish","4":"format-standard","5":"has-post-thumbnail","7":"category-lyon","8":"tag-actu","9":"tag-actualites","10":"tag-auvergne-rhone-alpes","11":"tag-carnet-du-jour","12":"tag-edition-lyon-villeurbanne","13":"tag-eu","14":"tag-europe","15":"tag-fr","16":"tag-france","17":"tag-lyon","18":"tag-necrologie","19":"tag-news","20":"tag-republique-francaise","21":"tag-rhone","22":"tag-societe","23":"tag-villeurbanne","24":"tag-villeurbanne-bassin"},"share_on_mastodon":{"url":"https:\/\/pubeurope.com\/@fr\/115469636360999100","error":""},"_links":{"self":[{"href":"https:\/\/www.europesays.com\/fr\/wp-json\/wp\/v2\/posts\/502550","targetHints":{"allow":["GET"]}}],"collection":[{"href":"https:\/\/www.europesays.com\/fr\/wp-json\/wp\/v2\/posts"}],"about":[{"href":"https:\/\/www.europesays.com\/fr\/wp-json\/wp\/v2\/types\/post"}],"author":[{"embeddable":true,"href":"https:\/\/www.europesays.com\/fr\/wp-json\/wp\/v2\/users\/2"}],"replies":[{"embeddable":true,"href":"https:\/\/www.europesays.com\/fr\/wp-json\/wp\/v2\/comments?post=502550"}],"version-history":[{"count":0,"href":"https:\/\/www.europesays.com\/fr\/wp-json\/wp\/v2\/posts\/502550\/revisions"}],"wp:featuredmedia":[{"embeddable":true,"href":"https:\/\/www.europesays.com\/fr\/wp-json\/wp\/v2\/media\/502551"}],"wp:attachment":[{"href":"https:\/\/www.europesays.com\/fr\/wp-json\/wp\/v2\/media?parent=502550"}],"wp:term":[{"taxonomy":"category","embeddable":true,"href":"https:\/\/www.europesays.com\/fr\/wp-json\/wp\/v2\/categories?post=502550"},{"taxonomy":"post_tag","embeddable":true,"href":"https:\/\/www.europesays.com\/fr\/wp-json\/wp\/v2\/tags?post=502550"}],"curies":[{"name":"wp","href":"https:\/\/api.w.org\/{rel}","templated":true}]}}