{"id":502555,"date":"2025-10-31T16:09:15","date_gmt":"2025-10-31T16:09:15","guid":{"rendered":"https:\/\/www.europesays.com\/fr\/502555\/"},"modified":"2025-10-31T16:09:15","modified_gmt":"2025-10-31T16:09:15","slug":"emmanuel-macron-interpelle-par-une-etudiante-en-recherche-de-stage","status":"publish","type":"post","link":"https:\/\/www.europesays.com\/fr\/502555\/","title":{"rendered":"Emmanuel Macron interpell\u00e9 par une \u00e9tudiante en recherche de stage"},"content":{"rendered":"<p>            Par<br \/>\n        <strong><br \/>\n            <a href=\"https:\/\/actu.fr\/auteur\/redaction-paris\" title=\"Consulter tous les articles de R\u00e9daction Paris\" target=\"_blank\" rel=\"noopener\">R\u00e9daction Paris<\/a><br \/>\n        <\/strong><\/p>\n<p>        Publi\u00e9 le<\/p>\n<p>            31 oct. 2025 \u00e0 15h52        <\/p>\n<p>Alors qu\u2019il arpentait les all\u00e9es du Forum de la Paix, <a href=\"https:\/\/actu.fr\/tag\/emmanuel-macron\" target=\"_blank\" rel=\"noopener\">Emmanuel Macron<\/a> a \u00e9t\u00e9 interpell\u00e9 par une <a href=\"https:\/\/actu.fr\/tag\/etudiantses\" target=\"_blank\" rel=\"noopener\">\u00e9tudiante<\/a> avec une requ\u00eate tr\u00e8s sp\u00e9cifique\u2009: l\u2019aider \u00e0 trouver un <strong>stage de six mois<\/strong>. La sc\u00e8ne, film\u00e9e mercredi 29\u00a0octobre 2025, a fait le tour des r\u00e9seaux sociaux.<\/p>\n<p>\u00ab\u2009Vous avez un CV\u2009?\u2009\u00bb<\/p>\n<p class=\" wall-content\">L\u2019\u00e9change commence comme beaucoup d\u2019autres de ce type\u2009: le pr\u00e9sident se dirige vers l\u2019entr\u00e9e du salon, entour\u00e9 d\u2019une d\u00e9l\u00e9gation, et s\u2019arr\u00eate pour <strong>serrer quelques mains<\/strong>. C\u2019est ce moment qu\u2019a choisi l\u2019\u00e9tudiante pour tenter sa chance.<\/p>\n<p class=\" wall-content\">\u00ab\u2009Je suis \u00e9tudiante \u00e0 <a href=\"https:\/\/actu.fr\/tag\/sciences-po-paris\" target=\"_blank\" rel=\"noopener\">Sciences Po<\/a>, j\u2019ai d\u00e9j\u00e0 travaill\u00e9 pour vous \u00e0 la chambre de commerce fran\u00e7aise au Maroc quand vous \u00eates venu en octobre dernier\u2009\u00bb, explique-t-elle face \u00e0 un Emmanuel Macron tout sourire. <strong>\u00ab\u2009Je cherche un stage\u2009\u00bb<\/strong>, poursuit-elle.<\/p>\n<blockquote class=\"tiktok-embed\" cite=\"https:\/\/www.tiktok.com\/@willy.schereid\/video\/7566719493263723798\" data-video-id=\"7566719493263723798\" data-embed-from=\"oembed\" style=\"max-width:605px; min-width:325px;\"><p>\n<a target=\"_blank\" title=\"@willy.schereid\" href=\"https:\/\/www.tiktok.com\/@willy.schereid?refer=embed\" rel=\"noopener\">@willy.schereid<\/a> <\/p>\n<p>Abonnez-vous pour plus de coulisses sur la diplomatie et obtenir des conseils pour int\u00e9grer ce milieu @Paris Peace Forum <a title=\"parispeaceforum\" target=\"_blank\" href=\"https:\/\/www.tiktok.com\/tag\/parispeaceforum?refer=embed\" rel=\"noopener\">#parispeaceforum<\/a> <a title=\"macron\" target=\"_blank\" href=\"https:\/\/www.tiktok.com\/tag\/macron?refer=embed\" rel=\"noopener\">#macron<\/a><\/p>\n<p> <a target=\"_blank\" title=\"\u266c son original - Schereid\" href=\"https:\/\/www.tiktok.com\/music\/son-original-7566719477661518614?refer=embed\" rel=\"noopener\">\u266c son original \u2013 Schereid<\/a> <\/p>\n<\/blockquote>\n<p class=\" wall-content\">Visiblement amus\u00e9 par la situation, le chef de l\u2019\u00c9tat se pr\u00eate au jeu et lui demande si elle a un CV. Sans h\u00e9siter, la jeune femme lui en tend un. \u00ab\u2009Vous \u00eates <strong>bien organis\u00e9e<\/strong>\u2009! Vous cherchez un stage de combien de temps\u2009?\u2009\u00bb, s\u2019enquiert-il. \u00ab\u2009Six mois, dans votre cabinet, pour l\u2019\u00e9conomie.\u2009\u00bb<\/p>\n<p class=\" wall-content\">Son audace a-t-elle pay\u00e9\u2009? D\u2019apr\u00e8s les informations du <a href=\"https:\/\/www.leparisien.fr\/etudiant\/vous-avez-un-cv-emmanuel-macron-interpelle-par-une-etudiante-a-la-recherche-dun-stage-de-six-mois-6NWOJZSHBRCI3DZO4ESHJ5ADIQ.php\" target=\"_blank\" rel=\"noopener\">Parisien<\/a>, l\u2019\u00e9tudiante est <strong>toujours en attente<\/strong> d\u2019un retour du cabinet pr\u00e9sidentiel.<\/p>\n<p class=\" wall-content\">Personnalisez votre actualit\u00e9 en ajoutant vos villes et m\u00e9dias en favori avec <a href=\"https:\/\/moncompte.actu.fr\" title=\"D\u00e9couvez Mon Actu\" rel=\"nofollow noopener\" data-trk=\"{&quot;cta&quot;:{&quot;action&quot;:&quot;https:\\\/\\\/moncompte.actu.fr&quot;,&quot;category&quot;:&quot;mon compte&quot;,&quot;from&quot;:&quot;article footer&quot;,&quot;name&quot;:&quot;Mon actu&quot;,&quot;type&quot;:&quot;cta&quot;}}\" target=\"_blank\">Mon Actu<\/a>.<\/p>\n<p>                    <script async src=\"\/\/www.tiktok.com\/embed.js\"><\/script><\/p>\n","protected":false},"excerpt":{"rendered":"Par R\u00e9daction Paris Publi\u00e9 le 31 oct. 2025 \u00e0 15h52 Alors qu\u2019il arpentait les all\u00e9es du Forum de&hellip;\n","protected":false},"author":2,"featured_media":502556,"comment_status":"","ping_status":"","sticky":false,"template":"","format":"standard","meta":{"footnotes":""},"categories":[1888],"tags":[1111,1928,11,1927,1073,1064,1777,674,1011,27,1757,12,1926,626,1925,25],"class_list":{"0":"post-502555","1":"post","2":"type-post","3":"status-publish","4":"format-standard","5":"has-post-thumbnail","7":"category-paris","8":"tag-actu","9":"tag-actu-paris","10":"tag-actualites","11":"tag-actualites-paris","12":"tag-emmanuel-macron","13":"tag-etudiantses","14":"tag-eu","15":"tag-europe","16":"tag-fr","17":"tag-france","18":"tag-insolite","19":"tag-news","20":"tag-news-paris","21":"tag-paris","22":"tag-paris-news","23":"tag-republique-francaise"},"share_on_mastodon":{"url":"https:\/\/pubeurope.com\/@fr\/115469652108240352","error":""},"_links":{"self":[{"href":"https:\/\/www.europesays.com\/fr\/wp-json\/wp\/v2\/posts\/502555","targetHints":{"allow":["GET"]}}],"collection":[{"href":"https:\/\/www.europesays.com\/fr\/wp-json\/wp\/v2\/posts"}],"about":[{"href":"https:\/\/www.europesays.com\/fr\/wp-json\/wp\/v2\/types\/post"}],"author":[{"embeddable":true,"href":"https:\/\/www.europesays.com\/fr\/wp-json\/wp\/v2\/users\/2"}],"replies":[{"embeddable":true,"href":"https:\/\/www.europesays.com\/fr\/wp-json\/wp\/v2\/comments?post=502555"}],"version-history":[{"count":0,"href":"https:\/\/www.europesays.com\/fr\/wp-json\/wp\/v2\/posts\/502555\/revisions"}],"wp:featuredmedia":[{"embeddable":true,"href":"https:\/\/www.europesays.com\/fr\/wp-json\/wp\/v2\/media\/502556"}],"wp:attachment":[{"href":"https:\/\/www.europesays.com\/fr\/wp-json\/wp\/v2\/media?parent=502555"}],"wp:term":[{"taxonomy":"category","embeddable":true,"href":"https:\/\/www.europesays.com\/fr\/wp-json\/wp\/v2\/categories?post=502555"},{"taxonomy":"post_tag","embeddable":true,"href":"https:\/\/www.europesays.com\/fr\/wp-json\/wp\/v2\/tags?post=502555"}],"curies":[{"name":"wp","href":"https:\/\/api.w.org\/{rel}","templated":true}]}}