{"id":502557,"date":"2025-10-31T16:10:17","date_gmt":"2025-10-31T16:10:17","guid":{"rendered":"https:\/\/www.europesays.com\/fr\/502557\/"},"modified":"2025-10-31T16:10:17","modified_gmt":"2025-10-31T16:10:17","slug":"auger-aliassime-met-fin-a-lepopee-de-vacherot","status":"publish","type":"post","link":"https:\/\/www.europesays.com\/fr\/502557\/","title":{"rendered":"Auger-Aliassime met fin \u00e0 l&rsquo;\u00e9pop\u00e9e de Vacherot"},"content":{"rendered":"<p class=\"mb-4 text-lg md:leading-8 break-words\">Fin de s\u00e9rie pour Valentin Vacherot: apr\u00e8s un titre improbable \u00e0 Shanghai et dix victoires de rang en Masters 1000, la r\u00e9v\u00e9lation mon\u00e9gasque du mois d&rsquo;octobre s&rsquo;est cass\u00e9 les dents vendredi sur le Canadien F\u00e9lix Auger-Aliassime en quarts de finale du Masters 1000 de Paris.<\/p>\n<p class=\"mb-4 text-lg md:leading-8 break-words\">Le Montr\u00e9alais (10e mondial) a beau avoir qualifi\u00e9 Vacherot (40e) de \u00ab\u00a0meilleur joueur du monde en ce moment\u00a0\u00bb, c&rsquo;est bien lui qui \u00e9tait le patron dans le premier quart de finale de la journ\u00e9e sur le Central.<\/p>\n<p class=\"mb-4 text-lg md:leading-8 break-words\">Vainqueur 6-2, 6-2, Auger-Aliassime a saoul\u00e9 son adversaire de services surpuissants et de coups droits flirtant presque ind\u00e9cemment avec les limites du court.<\/p>\n<p class=\"mb-4 text-lg md:leading-8 break-words\">Le demi-finaliste du dernier US Open affrontera l&rsquo;Australien Alex De Minaur (6e) ou le Kazakstanais Alexander Bublik (16e) dans le dernier carr\u00e9, qu&rsquo;il atteint pour la deuxi\u00e8me fois \u00e0 Paris apr\u00e8s 2022.<\/p>\n<p class=\"mb-4 text-lg md:leading-8 break-words\">Le Canadien n&rsquo;est d\u00e9sormais plus qu&rsquo;\u00e0 une victoire de d\u00e9poss\u00e9der l&rsquo;Italien Lorenzo Musetti (8e) de la huiti\u00e8me et derni\u00e8re place qualificative pour le Masters de Turin, qui r\u00e9unira du 9 au 16 novembre les joueurs ayant amass\u00e9 le plus de points ATP en 2025.<\/p>\n<p class=\"mb-4 text-lg md:leading-8 break-words\">Apr\u00e8s avoir laiss\u00e9 \u00e9chapper la premi\u00e8re manche dans chacun de ses trois premiers matches \u00e0 Paris, Auger-Aliassime a cette fois-ci d\u00e9marr\u00e9 pied au plancher.<\/p>\n<p class=\"mb-4 text-lg md:leading-8 break-words\">Le droitier de 25 ans s&rsquo;est empar\u00e9 du service de son adversaire d\u00e8s le premier jeu, m\u00eame s&rsquo;il a d\u00fb s&rsquo;y reprendre \u00e0 trois fois pour convertir une balle de break dans un d\u00e9but de match extr\u00eamement accroch\u00e9.<\/p>\n<p class=\"mb-4 text-lg md:leading-8 break-words\">Une fois le premier jeu en poche, l&rsquo;ex 6e mondial a confirm\u00e9 son break sur un jeu blanc et largement domin\u00e9 le reste du premier set, s&rsquo;offrant m\u00eame un deuxi\u00e8me break d&rsquo;avance sur un nouveau jeu blanc pour mener 4-1 avant de conclure le premier acte quelques instants plus tard.<\/p>\n<p class=\"mb-4 text-lg md:leading-8 break-words\">\u00ab\u00a0Je suis venu en essayant de mieux commencer que mes trois matches pr\u00e9c\u00e9dents, j&rsquo;\u00e9tais bien pr\u00e9cis d\u00e8s le d\u00e9but du match\u00a0\u00bb, s&rsquo;est f\u00e9licit\u00e9 le Canadien.<\/p>\n<p class=\"mb-4 text-lg md:leading-8 break-words\">&#8211; Vacherot \u00e0 Metz? &#8211;<\/p>\n<p class=\"mb-4 text-lg md:leading-8 break-words\">Applaudi \u00e0 tout rompre par le public parisien lors de son entr\u00e9e sur le court, Vacherot a d\u00fb \u00e9carter une balle de break d\u00e8s le premier jeu de la deuxi\u00e8me manche, un spectateur implorant alors \u00e0 gorge d\u00e9ploy\u00e9e F\u00e9lix Auger-Aliassime de pr\u00e9server \u00ab\u00a0un peu de suspense\u00a0\u00bb.<\/p>\n<p class=\"mb-4 text-lg md:leading-8 break-words\">Vacherot a fini par craquer dans le cinqui\u00e8me jeu, conc\u00e9dant une nouvelle fois son service (3-2), sur une double faute gu\u00e8re habituelle pour lui ces derni\u00e8res semaines.<\/p>\n<p class=\"mb-4 text-lg md:leading-8 break-words\">Manifestement agac\u00e9 par la tournure du match et une r\u00e9ussite qui semblait soudainement avoir chang\u00e9 de camp, le Mon\u00e9gasque de 26 ans a encore conc\u00e9d\u00e9 son service \u00e0 4-2, pr\u00e9cipitant sa d\u00e9faite en moins d&rsquo;une heure vingt.<\/p>\n<p class=\"mb-4 text-lg md:leading-8 break-words\">\u00ab\u00a0Je me suis bien ajust\u00e9 sur mes positions au retour de service, j&rsquo;ai r\u00e9ussi \u00e0 lui mettre la pression \u00e0 certains moments. Je suis ravi, c&rsquo;\u00e9tait un match difficile et je m&rsquo;en sors de belle fa\u00e7on\u00a0\u00bb, s&rsquo;est satisfait Auger-Aliassime.<\/p>\n<p class=\"mb-4 text-lg md:leading-8 break-words\">Promis au meilleur classement de sa carri\u00e8re dans le prochain classement ATP, aux alentours de la 30e place mondiale, Vacherot pourrait achever sa saison \u00e0 l&rsquo;ATP 250 de Metz (2-8 novembre).<\/p>\n<p class=\"mb-4 text-lg md:leading-8 break-words\">Au Masters 1000 de Paris, apr\u00e8s le quart Bublik-De Minaur, la soir\u00e9e d\u00e9butera par un duel entre le N.2 mondial Jannik Sinner et l&rsquo;Am\u00e9ricain Ben Shelton (7e).<\/p>\n<p class=\"mb-4 text-lg md:leading-8 break-words\">Elle s&rsquo;ach\u00e8vera par un grand classique des dix derni\u00e8res ann\u00e9es sur le circuit ATP: le vingt-deuxi\u00e8me affrontement depuis 2016 entre le tenant du titre allemand Alexander Zverev (3e) et l&rsquo;ex N.1 mondial russe Daniil Medvedev (13e), vainqueur \u00e0 Paris en 2020&#8230; contre Zverev.<\/p>\n<p class=\"mb-4 text-lg md:leading-8 break-words\">dga-aco\/obo<\/p>\n","protected":false},"excerpt":{"rendered":"Fin de s\u00e9rie pour Valentin Vacherot: apr\u00e8s un titre improbable \u00e0 Shanghai et dix victoires de rang en&hellip;\n","protected":false},"author":2,"featured_media":502558,"comment_status":"","ping_status":"","sticky":false,"template":"","format":"standard","meta":{"footnotes":""},"categories":[1888],"tags":[1111,1928,11,1927,1777,674,49902,1011,27,4177,12,1926,626,1925,4480,5573,25,57629],"class_list":{"0":"post-502557","1":"post","2":"type-post","3":"status-publish","4":"format-standard","5":"has-post-thumbnail","7":"category-paris","8":"tag-actu","9":"tag-actu-paris","10":"tag-actualites","11":"tag-actualites-paris","12":"tag-eu","13":"tag-europe","14":"tag-felix-auger-aliassime","15":"tag-fr","16":"tag-france","17":"tag-masters-1000","18":"tag-news","19":"tag-news-paris","20":"tag-paris","21":"tag-paris-news","22":"tag-quart-de-finale","23":"tag-quarts-de-finale","24":"tag-republique-francaise","25":"tag-vacherot"},"share_on_mastodon":{"url":"https:\/\/pubeurope.com\/@fr\/115469656367016540","error":""},"_links":{"self":[{"href":"https:\/\/www.europesays.com\/fr\/wp-json\/wp\/v2\/posts\/502557","targetHints":{"allow":["GET"]}}],"collection":[{"href":"https:\/\/www.europesays.com\/fr\/wp-json\/wp\/v2\/posts"}],"about":[{"href":"https:\/\/www.europesays.com\/fr\/wp-json\/wp\/v2\/types\/post"}],"author":[{"embeddable":true,"href":"https:\/\/www.europesays.com\/fr\/wp-json\/wp\/v2\/users\/2"}],"replies":[{"embeddable":true,"href":"https:\/\/www.europesays.com\/fr\/wp-json\/wp\/v2\/comments?post=502557"}],"version-history":[{"count":0,"href":"https:\/\/www.europesays.com\/fr\/wp-json\/wp\/v2\/posts\/502557\/revisions"}],"wp:featuredmedia":[{"embeddable":true,"href":"https:\/\/www.europesays.com\/fr\/wp-json\/wp\/v2\/media\/502558"}],"wp:attachment":[{"href":"https:\/\/www.europesays.com\/fr\/wp-json\/wp\/v2\/media?parent=502557"}],"wp:term":[{"taxonomy":"category","embeddable":true,"href":"https:\/\/www.europesays.com\/fr\/wp-json\/wp\/v2\/categories?post=502557"},{"taxonomy":"post_tag","embeddable":true,"href":"https:\/\/www.europesays.com\/fr\/wp-json\/wp\/v2\/tags?post=502557"}],"curies":[{"name":"wp","href":"https:\/\/api.w.org\/{rel}","templated":true}]}}