{"id":50256,"date":"2025-04-24T22:30:14","date_gmt":"2025-04-24T22:30:14","guid":{"rendered":"https:\/\/www.europesays.com\/fr\/50256\/"},"modified":"2025-04-24T22:30:14","modified_gmt":"2025-04-24T22:30:14","slug":"tabac-de-contrebande-et-alcool-espagnol-coutent-cher-a-une-epicerie","status":"publish","type":"post","link":"https:\/\/www.europesays.com\/fr\/50256\/","title":{"rendered":"tabac de contrebande et alcool espagnol co\u00fbtent cher \u00e0 une \u00e9picerie"},"content":{"rendered":"<p>            Par<br \/>\n        <strong><br \/>\n            <a href=\"https:\/\/actu.fr\/auteur\/metropoop\" title=\"Consulter tous les articles de R\u00e9daction M\u00e9tropolitain\" target=\"_blank\" rel=\"noopener\">R\u00e9daction M\u00e9tropolitain<\/a><br \/>\n        <\/strong><\/p>\n<p>        Publi\u00e9 le<\/p>\n<p>            24 avr. 2025 \u00e0 17h32        <\/p>\n<p>La pr\u00e9fecture de l\u2019H\u00e9rault a annonc\u00e9 <strong>ce jeudi 24 avril 2025<\/strong> la <strong>fermeture administrative<\/strong> d\u2019un commerce \u00e0 Montpellier. Le Carr\u00e9, une \u00e9picerie de proximit\u00e9 situ\u00e9e avenue du Pont Juv\u00e9nal, devra suspendre toute activit\u00e9 pendant un mois. L\u2019\u00e9tablissement est accus\u00e9 de \u00ab\u00a0<strong>d\u00e9tention frauduleuse<\/strong> en vue de la revente de tabac\u00a0\u00bb ainsi que de possession de \u00ab\u00a0bouteilles d\u2019alcool d\u2019origine espagnole.\u00a0\u00bb Ces infractions constituent une violation des r\u00e9glementations en vigueur sur le commerce de produits r\u00e9glement\u00e9s.<\/p>\n<p>    <a href=\"https:\/\/www.google.com\/maps\/embed?pb=!1m18!1m12!1m3!1d2889.0250481672315!2d3.88308807645973!3d43.6060200711043!2m3!1f0!2f0!3f0!3m2!1i1024!2i768!4f13.1!3m3!1m2!1s0x12b6af4b5fb90f4b%3A0xf9f4b39884f59010!2s%C3%89picerie%20LE%20CARRE!5e0!3m2!1sen!2sfr!4v1745497679245!5m2!1sen!2sfr\" title=\"Ouvrie le lien\" target=\"_blank\" rel=\"noopener\">Cliquez ici pour visualiser le contenu<\/a><\/p>\n<p>\ud83c\udf77 R\u00e9glementations sur la vente d&rsquo;alcool \u00e9tranger en France<\/p>\n<p>En France, la vente d\u2019alcool import\u00e9 est strictement encadr\u00e9e. Tout produit alcoolis\u00e9 en provenance d\u2019un autre pays de l\u2019Union europ\u00e9enne doit \u00eatre d\u00e9clar\u00e9 aupr\u00e8s des douanes fran\u00e7aises. Les commer\u00e7ants doivent \u00e9galement prouver que les taxes sp\u00e9cifiques, comme les droits d&rsquo;accises et la TVA, ont bien \u00e9t\u00e9 acquitt\u00e9es. La revente d\u2019alcool import\u00e9 sans d\u00e9claration ni tra\u00e7abilit\u00e9 est consid\u00e9r\u00e9e comme une infraction. Elle expose les contrevenants \u00e0 des amendes, \u00e0 la saisie des marchandises et, dans certains cas, \u00e0 des sanctions p\u00e9nales.<\/p>\n<p>Une vague de fermetures<\/p>\n<p class=\" wall-content\">Il y a deux semaines, <a href=\"https:\/\/actu.fr\/occitanie\/montpellier_34172\/montpellier-trois-mois-et-un-mois-de-fermeture-administrative-pour-deux-epiceries-de-nuit_62484880.html\" target=\"_blank\" rel=\"noopener\">deux \u00e9piceries de nuit ont d\u00e9j\u00e0 d\u00fb baisser le rideau<\/a>. L\u2019\u00e9tablissement Elissa, situ\u00e9 rue Eurydice dans le quartier de Celleneuve, est ferm\u00e9 pour un mois. Les autorit\u00e9s lui reprochent la d\u00e9tention ill\u00e9gale de tabac \u00e0 narguil\u00e9 destin\u00e9 \u00e0 la revente. Plus s\u00e9v\u00e8re encore, l\u2019\u00e9picerie Marianne Shop, implant\u00e9e avenue Marie de Montpellier \u00e0 Port Marianne, doit rester ferm\u00e9e pendant trois mois.\u00a0<\/p>\n<p class=\" wall-content\">Suivez toute l\u2019actualit\u00e9 de vos villes et m\u00e9dias favoris en vous inscrivant \u00e0 <a href=\"https:\/\/moncompte.actu.fr\" title=\"D\u00e9couvez Mon Actu\" rel=\"nofollow noopener\" data-trk=\"{&quot;cta&quot;:{&quot;action&quot;:&quot;https:\\\/\\\/moncompte.actu.fr&quot;,&quot;category&quot;:&quot;mon compte&quot;,&quot;from&quot;:&quot;article footer&quot;,&quot;name&quot;:&quot;Mon actu&quot;,&quot;type&quot;:&quot;cta&quot;}}\" target=\"_blank\">Mon Actu<\/a>.<\/p>\n","protected":false},"excerpt":{"rendered":"Par R\u00e9daction M\u00e9tropolitain Publi\u00e9 le 24 avr. 2025 \u00e0 17h32 La pr\u00e9fecture de l\u2019H\u00e9rault a annonc\u00e9 ce jeudi&hellip;\n","protected":false},"author":2,"featured_media":50257,"comment_status":"","ping_status":"","sticky":false,"template":"","format":"standard","meta":{"footnotes":""},"categories":[9599],"tags":[1111,11,5702,1777,674,118,1011,27,1006,2208,12,2680,25,6582],"class_list":{"0":"post-50256","1":"post","2":"type-post","3":"status-publish","4":"format-standard","5":"has-post-thumbnail","7":"category-montpellier","8":"tag-actu","9":"tag-actualites","10":"tag-alcool","11":"tag-eu","12":"tag-europe","13":"tag-faits-divers","14":"tag-fr","15":"tag-france","16":"tag-fraude","17":"tag-montpellier","18":"tag-news","19":"tag-occitanie","20":"tag-republique-francaise","21":"tag-tabac"},"share_on_mastodon":{"url":"https:\/\/pubeurope.com\/@fr\/114395311221475390","error":""},"_links":{"self":[{"href":"https:\/\/www.europesays.com\/fr\/wp-json\/wp\/v2\/posts\/50256","targetHints":{"allow":["GET"]}}],"collection":[{"href":"https:\/\/www.europesays.com\/fr\/wp-json\/wp\/v2\/posts"}],"about":[{"href":"https:\/\/www.europesays.com\/fr\/wp-json\/wp\/v2\/types\/post"}],"author":[{"embeddable":true,"href":"https:\/\/www.europesays.com\/fr\/wp-json\/wp\/v2\/users\/2"}],"replies":[{"embeddable":true,"href":"https:\/\/www.europesays.com\/fr\/wp-json\/wp\/v2\/comments?post=50256"}],"version-history":[{"count":0,"href":"https:\/\/www.europesays.com\/fr\/wp-json\/wp\/v2\/posts\/50256\/revisions"}],"wp:featuredmedia":[{"embeddable":true,"href":"https:\/\/www.europesays.com\/fr\/wp-json\/wp\/v2\/media\/50257"}],"wp:attachment":[{"href":"https:\/\/www.europesays.com\/fr\/wp-json\/wp\/v2\/media?parent=50256"}],"wp:term":[{"taxonomy":"category","embeddable":true,"href":"https:\/\/www.europesays.com\/fr\/wp-json\/wp\/v2\/categories?post=50256"},{"taxonomy":"post_tag","embeddable":true,"href":"https:\/\/www.europesays.com\/fr\/wp-json\/wp\/v2\/tags?post=50256"}],"curies":[{"name":"wp","href":"https:\/\/api.w.org\/{rel}","templated":true}]}}