{"id":502579,"date":"2025-10-31T16:22:11","date_gmt":"2025-10-31T16:22:11","guid":{"rendered":"https:\/\/www.europesays.com\/fr\/502579\/"},"modified":"2025-10-31T16:22:11","modified_gmt":"2025-10-31T16:22:11","slug":"les-deux-trentenaires-emportes-par-une-riviere-en-crue-ont-ete-retrouves-morts","status":"publish","type":"post","link":"https:\/\/www.europesays.com\/fr\/502579\/","title":{"rendered":"Les deux trentenaires emport\u00e9s par une rivi\u00e8re en crue ont \u00e9t\u00e9 retrouv\u00e9s morts"},"content":{"rendered":"<p>Les recherches se sont malheureusement r\u00e9v\u00e9l\u00e9es vaines. Le couple <a href=\"https:\/\/www.20minutes.fr\/faits_divers\/4182477-20251030-drome-deux-personnes-portees-disparues-apres-crue-riviere-recherches-poursuivent\" class=\"c-link c-link--is-underlined\" target=\"_blank\" rel=\"noopener\">emport\u00e9 dans son v\u00e9hicule<\/a> par une rivi\u00e8re en <a href=\"https:\/\/www.20minutes.fr\/dossier\/crue\" class=\"c-link c-link--is-underlined\" target=\"_blank\" rel=\"noopener\">crue<\/a> dans la nuit de mercredi \u00e0 jeudi a \u00e9t\u00e9 retrouv\u00e9 mort vendredi, en aval du cours d\u2019eau, a annonc\u00e9 la pr\u00e9f\u00e8te du d\u00e9partement Marie-Aim\u00e9e Gaspari.<\/p>\n<p>Les recherches avaient repris dans la matin\u00e9e autour de Nyons dans la <a href=\"https:\/\/www.20minutes.fr\/dossier\/drome\" class=\"c-link c-link--is-underlined\" target=\"_blank\" rel=\"noopener\">Dr\u00f4me<\/a> pour tenter de retrouver cet homme de 38 ans et cette femme de 33 ans. Cette derni\u00e8re avait pu pr\u00e9venir les secours vers 1 heure du matin, jeudi, signalant que son v\u00e9hicule, \u00e0 bord duquel elle se trouvait avec un homme de 38 ans, \u00e9tait emport\u00e9 par le cours d\u2019eau de l\u2019Eygues. Mais la communication s\u2019\u00e9tait ensuite rompue et les pompiers n\u2019avaient pas pu renouer le contact.<\/p>\n<\/p>\n<p>Des circonstances \u00e0 \u00e9claircir<\/p>\n<p>Le v\u00e9hicule ensabl\u00e9 avait \u00e9t\u00e9 retrouv\u00e9 au matin lors des premi\u00e8res op\u00e9rations de recherche men\u00e9es sur un p\u00e9rim\u00e8tre de 12\u00a0km le long de cet affluent du <a href=\"https:\/\/www.20minutes.fr\/dossier\/rhone\" class=\"c-link c-link--is-underlined\" target=\"_blank\" rel=\"noopener\">Rh\u00f4ne<\/a>, puis interrompues par la nuit. Leurs corps ont finalement \u00e9t\u00e9 retrouv\u00e9s vendredi par les secouristes, l\u2019un \u00e0 1,5\u00a0km de la carcasse de leur voiture, l\u2019autre \u00e0 environ 10\u00a0km, a pr\u00e9cis\u00e9 la pr\u00e9f\u00e8te \u00e0 des journalistes.<\/p>\n<p>Les circonstances de l\u2019accident restent \u00e0 \u00e9claircir. \u00ab\u00a0Le cours d\u2019eau n\u2019est pas sorti de son lit, ce qui veut dire que les routes autour n\u2019\u00e9taient pas inond\u00e9es\u00a0\u00bb avait indiqu\u00e9 la pr\u00e9f\u00e8te.<\/p>\n<p><a href=\"https:\/\/www.20minutes.fr\/dossier\/crue\" class=\"c-link c-btn c-btn--primary\" target=\"_blank\" rel=\"noopener\">Retrouvez notre dossier consacr\u00e9 aux crues<\/a><\/p>\n<p>La hauteur de l\u2019Eygues a \u00e9t\u00e9 mesur\u00e9e \u00e0 1,78\u00a0m \u00e0 Nyons vers 1 heure jeudi, puis \u00e0 2,33\u00a0m vers 4 heures, \u00e0 un point o\u00f9 elle n\u2019est habituellement pas au-dessus de 0,5\u00a0m, selon les donn\u00e9es de Vigicrues, qui avait plac\u00e9 la <a href=\"https:\/\/www.20minutes.fr\/planete\/4182468-20251030-crues-deux-departements-places-vigilance-orange\" class=\"c-link c-link--is-underlined\" target=\"_blank\" rel=\"noopener\">Dr\u00f4me et le Vaucluse en vigilance orange<\/a>.<\/p>\n<p>Une \u00ab cellule d&rsquo;urgence m\u00e9dico-psychologique \u00bb a \u00e9t\u00e9 mise \u00e0 disposition des proches des deux victimes, a assur\u00e9 la pr\u00e9f\u00e8te qui a remerci\u00e9 les pompiers et gendarmes qui ont men\u00e9 les recherches \u00ab dans des conditions difficiles \u00bb.<\/p>\n","protected":false},"excerpt":{"rendered":"Les recherches se sont malheureusement r\u00e9v\u00e9l\u00e9es vaines. Le couple emport\u00e9 dans son v\u00e9hicule par une rivi\u00e8re en crue&hellip;\n","protected":false},"author":2,"featured_media":502580,"comment_status":"","ping_status":"","sticky":false,"template":"","format":"standard","meta":{"footnotes":""},"categories":[2],"tags":[11,2430,11295,2730,1011,27,12,52,25,2431],"class_list":{"0":"post-502579","1":"post","2":"type-post","3":"status-publish","4":"format-standard","5":"has-post-thumbnail","7":"category-actualites","8":"tag-actualites","9":"tag-auvergne-rhone-alpes","10":"tag-crue","11":"tag-drome","12":"tag-fr","13":"tag-france","14":"tag-news","15":"tag-planete","16":"tag-republique-francaise","17":"tag-rhone-alpes"},"share_on_mastodon":{"url":"https:\/\/pubeurope.com\/@fr\/115469703159465055","error":""},"_links":{"self":[{"href":"https:\/\/www.europesays.com\/fr\/wp-json\/wp\/v2\/posts\/502579","targetHints":{"allow":["GET"]}}],"collection":[{"href":"https:\/\/www.europesays.com\/fr\/wp-json\/wp\/v2\/posts"}],"about":[{"href":"https:\/\/www.europesays.com\/fr\/wp-json\/wp\/v2\/types\/post"}],"author":[{"embeddable":true,"href":"https:\/\/www.europesays.com\/fr\/wp-json\/wp\/v2\/users\/2"}],"replies":[{"embeddable":true,"href":"https:\/\/www.europesays.com\/fr\/wp-json\/wp\/v2\/comments?post=502579"}],"version-history":[{"count":0,"href":"https:\/\/www.europesays.com\/fr\/wp-json\/wp\/v2\/posts\/502579\/revisions"}],"wp:featuredmedia":[{"embeddable":true,"href":"https:\/\/www.europesays.com\/fr\/wp-json\/wp\/v2\/media\/502580"}],"wp:attachment":[{"href":"https:\/\/www.europesays.com\/fr\/wp-json\/wp\/v2\/media?parent=502579"}],"wp:term":[{"taxonomy":"category","embeddable":true,"href":"https:\/\/www.europesays.com\/fr\/wp-json\/wp\/v2\/categories?post=502579"},{"taxonomy":"post_tag","embeddable":true,"href":"https:\/\/www.europesays.com\/fr\/wp-json\/wp\/v2\/tags?post=502579"}],"curies":[{"name":"wp","href":"https:\/\/api.w.org\/{rel}","templated":true}]}}