{"id":50258,"date":"2025-04-24T22:31:09","date_gmt":"2025-04-24T22:31:09","guid":{"rendered":"https:\/\/www.europesays.com\/fr\/50258\/"},"modified":"2025-04-24T22:31:09","modified_gmt":"2025-04-24T22:31:09","slug":"palacios-et-montpellier-un-destin-lie-et-une-meme-ambition-face-a-tours-en-demi-finale","status":"publish","type":"post","link":"https:\/\/www.europesays.com\/fr\/50258\/","title":{"rendered":"Palacios et Montpellier, un destin li\u00e9 et une m\u00eame ambition face \u00e0 Tours en demi-finale"},"content":{"rendered":"<p><strong>Montpellier\u00a0&#8211; Tours<\/strong><\/p>\n<p>Voil\u00e0 d\u00e9j\u00e0 cinq ans qu\u2019Ezequiel Palacios fait le bonheur de Montpellier. Non sans avoir connu quelques gal\u00e8res, avec notamment une blessure qui l\u2019a tenu pendant de longs mois \u00e9loign\u00e9 des terrains et qui lui a impos\u00e9 un lent retour. Mais l\u2019Argentin a retrouv\u00e9 son meilleur niveau, au point que le MHSC lui ait propos\u00e9 une prolongation de contrat pour trois ans de plus\u00a0!<\/p>\n<p>\u00ab\u00a0Je suis arriv\u00e9 pour jouer une ou deux saisons\u2026 On dirait que je me sens bien ici\u00a0!\u00a0\u00bb, s\u2019amuse Ezequiel Palacios qui avoue que, sa blessure et la naissance de sa fille ont chang\u00e9 sa \u00ab\u00a0vision de ce que sont le sport et la vie\u00a0: en vieillissant, on met d\u2019autres choses dans la balance, et moi j\u2019ai commenc\u00e9 \u00e0 mettre ce qui nous rendait, moi et ma famille, heureux. Alors, si j\u2019ai re\u00e7u d\u2019autres offres, on a d\u00e9cid\u00e9 de rester ici. C\u2019est un club qui brigue toujours le championnat, essaie de jouer chaque ann\u00e9e une coupe d\u2019Europe. C\u2019est un d\u00e9fi qui me pla\u00eet. Ce club m\u2019a beaucoup donn\u00e9 et je vais continuer \u00e0 tout faire pour lui rendre ce que je lui dois\u00a0\u00bb\ufeff.<\/p>\n<p>Voil\u00e0 qui fera donc huit ans partag\u00e9s, et si Nicolas Le Goff incarne le club, en est l\u2019ic\u00f4ne avec ses deux titres olympiques, Ezequiel Palacios est aussi l\u2019un des piliers de la r\u00e9ussite du MHSC qui s\u2019est install\u00e9, au fil de ces derni\u00e8res ann\u00e9es, dans le top\u00a04 fran\u00e7ais.<\/p>\n<p>\u00ab\u00a0Le club grandit [\u2026] cela se retrouve sur le terrain\u00a0\u00bb<\/p>\n<p>D\u2019ailleurs, depuis que le r\u00e9ceptionneur-attaquant argentin est l\u00e0, Montpellier et Tours ne cessent de se croiser sur le chemin des titres, en Coupe comme en play-offs de championnat. \u00ab\u00a0Cela signifie surtout que les deux clubs travaillent bien, souligne le r\u00e9ceptionneur-attaquant. De notre c\u00f4t\u00e9, le club grandit. Ces derni\u00e8res ann\u00e9es, il y a eu un excellent travail fait et cela se retrouve sur le terrain.\u00a0\u00bb<\/p>\n<p>7<\/p>\n<p>Pour la 7e\u00a0fois lors des quatre derni\u00e8res saisons (celle-ci incluse) Tours et Montpellier vont croiser le fer dans un match d\u00e9cisif.<\/p>\n<p>&gt;\u00a0Saison 2021-2022\u00a0: Tours bat Montpellier en quart de finale de la Coupe de France\u00a0; Montpellier bat Tours en finale du championnat.<\/p>\n<p>&gt;\u00a0Saison 2022-2023\u00a0: Tours bat Montpellier en quart de finale de la Coupe de France\u00a0; et \u00e0 nouveau en quart de finale de championnat.<\/p>\n<p>&gt;\u00a0Saison 2023-2024\u00a0: Tours bat Montpellier en quart de finale du championnat.<\/p>\n<p>&gt;\u00a0Saison 2024-2025\u00a0: Montpellier bat Tours en quart de finale de la Coupe de France\u00a0; Montpellier et Tours se retrouvent en demi-finale du championnat.<\/p>\n<p>\u00ab\u00a0La Coupe de France, cela a \u00e9t\u00e9 un coup dur\u00a0\u00bb<\/p>\n<p>Cette ann\u00e9e tout particuli\u00e8rement. Sans coupe d\u2019Europe \u00e0 son calendrier, Montpellier a travers\u00e9 la saison sans fausse note jusqu\u2019\u00e0 terminer 1er\u00a0de la phase r\u00e9guli\u00e8re et sans jamais pointer en de\u00e7\u00e0 de la 4e\u00a0place\u2026 \u00ab\u00a0Nous n\u2019avons connu aucune blessure\u00a0\u00bb, rel\u00e8ve Ezequiel Palacios pour qui \u00ab\u00a0cela a \u00e9t\u00e9 tr\u00e8s important en comparaison avec les ann\u00e9es pass\u00e9es. On a fait un bon travail et jou\u00e9 \u00e0 un bon niveau toute la saison. Le d\u00e9fi est de maintenir ce niveau en play-offs. Et cela n\u2019est en rien simple, on le sait.\u00a0\u00bb<\/p>\n<p>Les derni\u00e8res semaines ont \u00e9t\u00e9 l\u00e0 pour le rappeler aux Montpelli\u00e9rains. Avec tout d\u2019abord une d\u00e9faite en finale de Coupe de France face \u00e0 Tourcoing (3-2). Puis un quart de finale d\u00e9licat contre Cannes, avec une d\u00e9faite d\u2019entr\u00e9e \u00e0 domicile, puis deux succ\u00e8s 3-0 et une qualification au tie-break du match 4. \u00ab\u00a0La Coupe de France, cela a \u00e9t\u00e9 un coup dur, avoue Ezequiel Palacios. Il a fallu vite rebasculer sur le championnat, ce qu\u2019on n\u2019a pas su faire puisque le premier match contre Cannes, on l\u2019a perdu. Cela a confirm\u00e9 que l\u2019on pensait toujours un peu \u00e0 cette finale. Mais par chance, on a cette fois rebondi malgr\u00e9 une s\u00e9rie compliqu\u00e9e o\u00f9 il faut f\u00e9liciter Cannes.\u00a0\u00bb<\/p>\n<p>\u00ab\u00a0Il faut \u00eatre pr\u00eat \u00e0 souffrir\u00a0\u00bb<\/p>\n<p>Le capitaine montpelli\u00e9rain est donc plus que jamais persuad\u00e9 que, face \u00e0 Tours, dans cette demi-finale de MSL, tous les sc\u00e9narios sont possibles et que la hi\u00e9rarchie de la saison r\u00e9guli\u00e8re sera toute relative. \u00ab\u00a0Il faut \u00eatre pr\u00e9par\u00e9 pour les play-offs o\u00f9 tout peut arriver. Il faut \u00eatre pr\u00eat \u00e0 souffrir, parce qu\u2019on y souffre, il faut l\u2019accepter et essayer de progresser encore, de jouer un bon volley mais aussi profiter de jouer une demi-finale et contre Tours, qui est un club historique.\u00a0\u00bb<\/p>\n<p>Le battre sur le chemin du titre ne ferait que renforcer, \u00e9videmment, l\u2019histoire que Palacios et Montpellier sont en train d\u2019\u00e9crire ensemble\u2026<\/p>\n<p>Match 1\u00a0: Montpellier\u00a0&#8211; Tours, vendredi 25\u00a0avril \u00e0 20\u00a0h.<br \/>Match 2\u00a0: Tours\u00a0&#8211; Montpellier, vendredi 2\u00a0mai \u00e0 20\u00a0h, salle Grenon.<br \/>Match 3 potentiel\u00a0: Montpellier\u00a0&#8211; Tours, lundi 5\u00a0mai.<\/p>\n<p>\u00a0<\/p>\n<p class=\"alireaussi\"><b>&gt;\u00a0Rejoignez la communaut\u00e9 NR\u00a0&#8211; Les sports en Touraine sur Facebook.<\/b><\/p>\n<p>Nous avons bloqu\u00e9 l&rsquo;affichage de ce contenu pour respecter vos choix en mati\u00e8re de cookies. En cliquant sur \u00ab\u00a0Accepter\u00a0\u00bb,\u00a0vous acceptez le d\u00e9p\u00f4t de cookies. Vous pouvez modifier vos choix \u00e0 tout moment en vous rendant sur <a class=\"blocSansConsentement_lien__m9THN\" href=\"https:\/\/www.lanouvellerepublique.fr\/politique-de-confidentialite\" rel=\"nofollow noopener\" target=\"_blank\">cette page<\/a>.<\/p>\n<p>Accepter<\/p>\n","protected":false},"excerpt":{"rendered":"Montpellier\u00a0&#8211; Tours Voil\u00e0 d\u00e9j\u00e0 cinq ans qu\u2019Ezequiel Palacios fait le bonheur de Montpellier. Non sans avoir connu quelques&hellip;\n","protected":false},"author":2,"featured_media":50259,"comment_status":"","ping_status":"","sticky":false,"template":"","format":"standard","meta":{"footnotes":""},"categories":[9599],"tags":[1111,11,1777,674,1011,27,1387,1655,2208,12,2680,25,60,1390,1471,2767,1470],"class_list":{"0":"post-50258","1":"post","2":"type-post","3":"status-publish","4":"format-standard","5":"has-post-thumbnail","7":"category-montpellier","8":"tag-actu","9":"tag-actualites","10":"tag-eu","11":"tag-europe","12":"tag-fr","13":"tag-france","14":"tag-indre-et-loire","15":"tag-ligue-a","16":"tag-montpellier","17":"tag-news","18":"tag-occitanie","19":"tag-republique-francaise","20":"tag-sports","21":"tag-tours","22":"tag-tours-volley-ball","23":"tag-tvb-37","24":"tag-volley"},"share_on_mastodon":{"url":"https:\/\/pubeurope.com\/@fr\/114395315762045969","error":""},"_links":{"self":[{"href":"https:\/\/www.europesays.com\/fr\/wp-json\/wp\/v2\/posts\/50258","targetHints":{"allow":["GET"]}}],"collection":[{"href":"https:\/\/www.europesays.com\/fr\/wp-json\/wp\/v2\/posts"}],"about":[{"href":"https:\/\/www.europesays.com\/fr\/wp-json\/wp\/v2\/types\/post"}],"author":[{"embeddable":true,"href":"https:\/\/www.europesays.com\/fr\/wp-json\/wp\/v2\/users\/2"}],"replies":[{"embeddable":true,"href":"https:\/\/www.europesays.com\/fr\/wp-json\/wp\/v2\/comments?post=50258"}],"version-history":[{"count":0,"href":"https:\/\/www.europesays.com\/fr\/wp-json\/wp\/v2\/posts\/50258\/revisions"}],"wp:featuredmedia":[{"embeddable":true,"href":"https:\/\/www.europesays.com\/fr\/wp-json\/wp\/v2\/media\/50259"}],"wp:attachment":[{"href":"https:\/\/www.europesays.com\/fr\/wp-json\/wp\/v2\/media?parent=50258"}],"wp:term":[{"taxonomy":"category","embeddable":true,"href":"https:\/\/www.europesays.com\/fr\/wp-json\/wp\/v2\/categories?post=50258"},{"taxonomy":"post_tag","embeddable":true,"href":"https:\/\/www.europesays.com\/fr\/wp-json\/wp\/v2\/tags?post=50258"}],"curies":[{"name":"wp","href":"https:\/\/api.w.org\/{rel}","templated":true}]}}