{"id":502588,"date":"2025-10-31T16:32:13","date_gmt":"2025-10-31T16:32:13","guid":{"rendered":"https:\/\/www.europesays.com\/fr\/502588\/"},"modified":"2025-10-31T16:32:13","modified_gmt":"2025-10-31T16:32:13","slug":"le-psg-lance-une-nouvelle-collection-astro-boy","status":"publish","type":"post","link":"https:\/\/www.europesays.com\/fr\/502588\/","title":{"rendered":"Le PSG lance une nouvelle collection Astro Boy &#8211;"},"content":{"rendered":"<p><img width=\"700\" height=\"350\" src=\"https:\/\/www.europesays.com\/fr\/wp-content\/uploads\/2025\/10\/Astro-Boy-PSG.jpg\" class=\"attachment-jannah-image-post size-jannah-image-post wp-post-image\" alt=\"Astro boy psg\" is_main_img=\"1\" decoding=\"async\" fetchpriority=\"high\"  \/><br \/>\n Image :<br \/>\nPSG.fr<\/p>\n<p>Le PSG n\u2019est plus seulement un club de football. C\u2019est<br \/>\n\u00e9galement une marque mondiale qui ne cesse de monter. Il a d\u00e9voil\u00e9<br \/>\nune nouvelle collection autour d\u2019astrophysiciennes Boy.<\/p>\n<p>Pour toucher un public plus large, le <strong>PSG<\/strong>,<br \/>\noutre ses performances sur le terrain, propose plusieurs<br \/>\ncollaborations avec des marques ou des artistes du monde entier.<br \/>\nCes derni\u00e8res heures, le club de la capitale lance une nouvelle<br \/>\ncollaboration, apr\u00e8s celle de 2024, avec <strong>Leblon<br \/>\nDelienne<\/strong>, atelier fran\u00e7ais de sculptures inspir\u00e9es de la<br \/>\npop culture. Cette nouvelle collaboration propose deux figurines<br \/>\nin\u00e9dites <strong>d\u2019Astro Boy<\/strong>, ic\u00f4ne intemporelle de la<br \/>\nculture manga japonaise, seront d\u00e9clin\u00e9es en \u00e9dition collector<br \/>\nultra-limit\u00e9e. Habill\u00e9 des maillots officiels du Club, le c\u00e9l\u00e8bre<br \/>\nrobot incarne \u00e0 la fois l\u2019\u00e9nergie du sport, l\u2019\u00e9l\u00e9gance de l\u2019art et<br \/>\nla puissance de la pop culture, indique le <strong>PSG<\/strong><br \/>\ndans <a href=\"https:\/\/www.psg.fr\/content\/le-paris-saint-germain-lance-une-nouvelle-collection-astro-boy-ultra-limitee-20252026\" target=\"_blank\" rel=\"noopener nofollow\" title=\"\">son communiqu\u00e9<\/a>.<\/p>\n<p>A lire aussi : <a href=\"https:\/\/canal-supporters.com\/le-psg-devoile-son-troisieme-maillot-de-la-saison-2025-2026\/\" title=\"\" rel=\"nofollow noopener\" target=\"_blank\">Le PSG d\u00e9voile son troisi\u00e8me maillot de la saison<br \/>\n2025-2026<\/a><\/p>\n<p><a href=\"https:\/\/x.com\/CanalSupporters\" target=\"_blank\" rel=\"noopener nofollow\" title=\"\">canalsupporters.com<\/a><\/p>\n<p>Un Astro Boy<br \/>\nd\u20191m40 pr\u00e9sent \u00e0 la boutique pr\u00e8s du Parc des Princes avant PSG \/<br \/>\nNice<\/p>\n<p>Ces cr\u00e9ations originales rendent hommage \u00e0 deux tuniques phares<br \/>\nde l\u2019histoire r\u00e9cente du <strong>Paris Saint-Germain<\/strong>, le<br \/>\nmaillot Third 2025-2026, audacieux et futuriste et le maillot<br \/>\nFourth 2024-2025, le l\u00e9gendaire Jordan Wings, symbole de<br \/>\nsucc\u00e8s et de performance. Chaque figurine sera \u00e9dit\u00e9e \u00e0 250<br \/>\nexemplaires num\u00e9rot\u00e9s. Elles seront disponibles \u00e0 la vente dans les<br \/>\ndeux boutiques parisiennes officielles du <strong>PSG<\/strong>,<br \/>\nainsi qu\u2019en pr\u00e9commande sur\u00a0et sur\u00a0, selon le calendrier<br \/>\nsuivant\u00a0: Astro Boy Original (maillot Third)\u00a0:<br \/>\npr\u00e9commandes ouvertes d\u00e8s le 30 octobre 2025 et Astro Boy<br \/>\nWings (maillot Jordan)\u00a0: pr\u00e9commandes<br \/>\ndisponibles d\u00e9but d\u00e9cembre 2025. \u00c0 l\u2019occasion de la rencontre au<br \/>\n<strong>Parc des Princes<\/strong> entre l\u2019\u00e9quipe masculine du<br \/>\n<strong>Paris Saint-Germain<\/strong> et <strong><a href=\"https:\/\/canal-supporters.com\/quand-khvicha-kvaratskhelia-etait-proche-de-signer-a-nice\/\" title=\"\" rel=\"nofollow noopener\" target=\"_blank\">l\u2019OGC Nice<\/a><\/strong> demain, une figurine d\u2019Astro<br \/>\nBoy d\u20191m40 v\u00eatu du maillot Third floqu\u00e9 \u00ab\u202fAstro Boy 75\u202f\u00bb sera<br \/>\ninstall\u00e9e \u00e0 la boutique officielle du <strong>Paris<br \/>\nSaint-Germain<\/strong> pr\u00e8s du <strong><a href=\"https:\/\/canal-supporters.com\/romain-mabille-cup-pour-moi-on-a-plus-de-chance-de-rester-au-parc-des-princes-que-de-partir\/\" title=\"\" rel=\"nofollow noopener\" target=\"_blank\">Parc des Princes<\/a><\/strong> pour partager la ferveur des<br \/>\nsupporters et la d\u00e9termination des joueurs.<\/p>\n","protected":false},"excerpt":{"rendered":"Image : PSG.fr Le PSG n\u2019est plus seulement un club de football. C\u2019est \u00e9galement une marque mondiale qui&hellip;\n","protected":false},"author":2,"featured_media":502589,"comment_status":"","ping_status":"","sticky":false,"template":"","format":"standard","meta":{"footnotes":""},"categories":[1410],"tags":[62464,81,787,63,1011,27,62465,626,91,92,93,60],"class_list":{"0":"post-502588","1":"post","2":"type-post","3":"status-publish","4":"format-standard","5":"has-post-thumbnail","7":"category-football","8":"tag-astro-boy","9":"tag-canal-supporters","10":"tag-cs","11":"tag-football","12":"tag-fr","13":"tag-france","14":"tag-leblon-delienne","15":"tag-paris","16":"tag-paris-saint-germain","17":"tag-paris-sg","18":"tag-psg","19":"tag-sports"},"share_on_mastodon":{"url":"https:\/\/pubeurope.com\/@fr\/115469743112652185","error":""},"_links":{"self":[{"href":"https:\/\/www.europesays.com\/fr\/wp-json\/wp\/v2\/posts\/502588","targetHints":{"allow":["GET"]}}],"collection":[{"href":"https:\/\/www.europesays.com\/fr\/wp-json\/wp\/v2\/posts"}],"about":[{"href":"https:\/\/www.europesays.com\/fr\/wp-json\/wp\/v2\/types\/post"}],"author":[{"embeddable":true,"href":"https:\/\/www.europesays.com\/fr\/wp-json\/wp\/v2\/users\/2"}],"replies":[{"embeddable":true,"href":"https:\/\/www.europesays.com\/fr\/wp-json\/wp\/v2\/comments?post=502588"}],"version-history":[{"count":0,"href":"https:\/\/www.europesays.com\/fr\/wp-json\/wp\/v2\/posts\/502588\/revisions"}],"wp:featuredmedia":[{"embeddable":true,"href":"https:\/\/www.europesays.com\/fr\/wp-json\/wp\/v2\/media\/502589"}],"wp:attachment":[{"href":"https:\/\/www.europesays.com\/fr\/wp-json\/wp\/v2\/media?parent=502588"}],"wp:term":[{"taxonomy":"category","embeddable":true,"href":"https:\/\/www.europesays.com\/fr\/wp-json\/wp\/v2\/categories?post=502588"},{"taxonomy":"post_tag","embeddable":true,"href":"https:\/\/www.europesays.com\/fr\/wp-json\/wp\/v2\/tags?post=502588"}],"curies":[{"name":"wp","href":"https:\/\/api.w.org\/{rel}","templated":true}]}}