{"id":502596,"date":"2025-10-31T16:37:13","date_gmt":"2025-10-31T16:37:13","guid":{"rendered":"https:\/\/www.europesays.com\/fr\/502596\/"},"modified":"2025-10-31T16:37:13","modified_gmt":"2025-10-31T16:37:13","slug":"amandine-bourgeois-affiche-lhomme-qui-la-harcele-et-lui-a-envoye-une-photo-deplacee","status":"publish","type":"post","link":"https:\/\/www.europesays.com\/fr\/502596\/","title":{"rendered":"Amandine Bourgeois affiche l\u2019homme qui la harc\u00e8le et lui a envoy\u00e9 une photo d\u00e9plac\u00e9e"},"content":{"rendered":"<p>Il voulait montrer ses parties intimes, c\u2019est chose faite\u2026 devant toute la Toile. Amandine Bourgeois a d\u00e9cid\u00e9 de ne pas \u00eatre la victime passive des messages et de la photo d\u00e9plac\u00e9s que lui a envoy\u00e9s un internaute. L\u2019ancienne <a href=\"https:\/\/www.20minutes.fr\/culture\/2057567-20170503-souvenirs-eurovision-2013-amandine-bourgeois-allee-guerriere\" rel=\"nofollow noopener\" target=\"_blank\" class=\"c-link c-link--is-underlined\">participante \u00e0 l\u2019Eurovision<\/a> a tout bonnement partag\u00e9 sur les r\u00e9seaux sociaux les <a href=\"https:\/\/www.tiktok.com\/@amandinebourgeoisoff\/video\/7567012289359170838\" rel=\"nofollow noopener\" target=\"_blank\" class=\"c-link c-link--is-underlined\">messages<\/a> et le nom de celui qui lui a envoy\u00e9 plusieurs propos d\u00e9plac\u00e9s.<\/p>\n<p>Tout commence le 21\u00a0octobre avec quelques messages, auxquels la chanteuse ne r\u00e9pond pas. \u00ab\u00a0Amandine comme il est difficile pour un fan de vivre un amour impossible avec une star\u00a0\u00bb, peut-on lire. La suite prend une tournure beaucoup plus intime\u00a0: \u00ab\u00a0Vous ne le savez pas, mais \u00e0 chaque fois que je vous \u00e9cris cela provoque chez moi une r\u00e9action sur mes parties intimes, d\u00e9sol\u00e9.\u00a0\u00bb<\/p>\n<p>De mal en pis<\/p>\n<p>Sans surprise, les choses s\u2019enveniment, et le 24\u00a0octobre, l\u2019internaute avoue qu\u2019il \u00ab\u00a0ne cesse de bander\u00a0\u00bb pour elle et se \u00ab\u00a0masturbe\u00a0\u00bb, avant d\u2019envoyer l\u2019in\u00e9vitable <a href=\"https:\/\/www.20minutes.fr\/by-the-web\/4006676-20221022-pourquoi-plus-plus-dick-pics-photos-penis-tiktok\" rel=\"nofollow noopener\" target=\"_blank\" class=\"c-link c-link--is-underlined\">\u00ab\u00a0dick pic\u00a0\u00bb<\/a>, ou photo de son sexe, et de la rendre coupable. \u00ab\u00a0Voil\u00e0 dans quel \u00e9tat je me trouve quand je pense \u00e0 toi. Tu te rends compte\u00a0\u00bb, a-t-il \u00e9crit.<\/p>\n<p>Retranscrivant le tout entrecoup\u00e9 de moues de d\u00e9go\u00fbt ou de surprise et d\u2019une musique fa\u00e7on Desperate Housewives, <a href=\"https:\/\/www.20minutes.fr\/culture\/329765-20090602-amandine-bourgeois-j-du-battre-imposer-univers\" rel=\"nofollow noopener\" target=\"_blank\" class=\"c-link c-link--is-underlined\">la musicienne<\/a> n\u2019a pas h\u00e9sit\u00e9 \u00e0 afficher le nom de l\u2019homme, qui pourrait \u00eatre un faux, en partageant son \u00e9cran avant de la bloquer. \u00ab\u00a0Pourquoi\u00a0?\u00a0\u00bb conclut-elle sa vid\u00e9o, qui pr\u00e9sente un avertissement\u00a0: \u00ab\u00a0Petit rappel, envoyer une photo de ton engin, c\u2019est pas sexy, c\u2019est ill\u00e9gal\u00a0\u00bb. \u00ab\u00a0(Et oui, m\u00eame si tu dis \u201cje t\u2019aime\u201d avant)\u00a0\u00bb, ajoute-t-elle avec une point d\u2019humour, malgr\u00e9 tout.<\/p>\n<p><script async src=\"\/\/www.tiktok.com\/embed.js\"><\/script><\/p>\n","protected":false},"excerpt":{"rendered":"Il voulait montrer ses parties intimes, c\u2019est chose faite\u2026 devant toute la Toile. Amandine Bourgeois a d\u00e9cid\u00e9 de&hellip;\n","protected":false},"author":2,"featured_media":502597,"comment_status":"","ping_status":"","sticky":false,"template":"","format":"standard","meta":{"footnotes":""},"categories":[1355],"tags":[2704,58,59,1011,27,1361,873,5552,973,938,133],"class_list":{"0":"post-502596","1":"post","2":"type-post","3":"status-publish","4":"format-standard","5":"has-post-thumbnail","7":"category-musique","8":"tag-chanteuse","9":"tag-divertissement","10":"tag-entertainment","11":"tag-fr","12":"tag-france","13":"tag-music","14":"tag-musique","15":"tag-nouvelle-star","16":"tag-people","17":"tag-reseaux-sociaux","18":"tag-video"},"share_on_mastodon":{"url":"https:\/\/pubeurope.com\/@fr\/115469762166952019","error":""},"_links":{"self":[{"href":"https:\/\/www.europesays.com\/fr\/wp-json\/wp\/v2\/posts\/502596","targetHints":{"allow":["GET"]}}],"collection":[{"href":"https:\/\/www.europesays.com\/fr\/wp-json\/wp\/v2\/posts"}],"about":[{"href":"https:\/\/www.europesays.com\/fr\/wp-json\/wp\/v2\/types\/post"}],"author":[{"embeddable":true,"href":"https:\/\/www.europesays.com\/fr\/wp-json\/wp\/v2\/users\/2"}],"replies":[{"embeddable":true,"href":"https:\/\/www.europesays.com\/fr\/wp-json\/wp\/v2\/comments?post=502596"}],"version-history":[{"count":0,"href":"https:\/\/www.europesays.com\/fr\/wp-json\/wp\/v2\/posts\/502596\/revisions"}],"wp:featuredmedia":[{"embeddable":true,"href":"https:\/\/www.europesays.com\/fr\/wp-json\/wp\/v2\/media\/502597"}],"wp:attachment":[{"href":"https:\/\/www.europesays.com\/fr\/wp-json\/wp\/v2\/media?parent=502596"}],"wp:term":[{"taxonomy":"category","embeddable":true,"href":"https:\/\/www.europesays.com\/fr\/wp-json\/wp\/v2\/categories?post=502596"},{"taxonomy":"post_tag","embeddable":true,"href":"https:\/\/www.europesays.com\/fr\/wp-json\/wp\/v2\/tags?post=502596"}],"curies":[{"name":"wp","href":"https:\/\/api.w.org\/{rel}","templated":true}]}}