{"id":502599,"date":"2025-10-31T16:39:29","date_gmt":"2025-10-31T16:39:29","guid":{"rendered":"https:\/\/www.europesays.com\/fr\/502599\/"},"modified":"2025-10-31T16:39:29","modified_gmt":"2025-10-31T16:39:29","slug":"3-maquillages-dhalloween-dangereux-pour-vous-selon-un-medecin","status":"publish","type":"post","link":"https:\/\/www.europesays.com\/fr\/502599\/","title":{"rendered":"3 maquillages d&rsquo;Halloween dangereux pour vous selon un m\u00e9decin"},"content":{"rendered":"<p class=\"post-excerpt\">La mani\u00e8re dont on se maquille peut avoir<br \/>\nde lourdes cons\u00e9quences sur notre sant\u00e9 sans que l\u2019on s\u2019en rende<br \/>\ncompte. Une m\u00e9decin d\u00e9voile quels sont les maquillages d\u2019Halloween<br \/>\n\u00e0 \u00e9viter absolument ce 31 octobre et ce que vous risquez \u00e0 les<br \/>\nporter.<\/p>\n<p>Se maquiller n\u2019est pas toujours un geste aussi anodin qu\u2019on le<br \/>\ncroit. Dans certains cas, et plus particuli\u00e8rement quand on r\u00e9alise<br \/>\ndes <strong>maquillages extr\u00eames<\/strong> \u00e0 l\u2019occasion d\u2019une f\u00eate<br \/>\ncostum\u00e9e comme pour f\u00eater Halloween aujourd\u2019hui, on s\u2019expose<br \/>\nparfois \u00e0 des petits probl\u00e8mes de sant\u00e9 sans m\u00eame sans rendre<br \/>\ncompte. C\u2019est pour cela que le Dr Alexa Hecht, une opticienne<br \/>\noptom\u00e9triste, nous met en garde contre les <strong>produits de<br \/>\nmaquillage<\/strong> et les <strong>mauvaises habitudes<\/strong> que<br \/>\nl\u2019on peut avoir qui peuvent impacter la <strong>sant\u00e9 de nos<br \/>\nyeux<\/strong>.<\/p>\n<p>Dans une vid\u00e9o post\u00e9e sur TikTok, la m\u00e9decin r\u00e9v\u00e8le<br \/>\n<strong>3<\/strong> <a href=\"https:\/\/www.aufeminin.com\/maquillage\/ce-maquillage-d-halloween-surprenant-est-le-plus-tendance-cette-annee-il-est-facile-a-reproduire-et-a-porter-s4073225.html\" target=\"_blank\" rel=\"noopener nofollow\"><strong>tendances maquillage<br \/>\nHalloween<\/strong><\/a> qu\u2019elle ne reproduirait pas en tant que<br \/>\nsp\u00e9cialiste de la sant\u00e9 oculaire, car ces <a href=\"https:\/\/www.aufeminin.com\/beaute\/album1372177\/maquillage-halloween-qui-fait-peur-0.html#p1\" target=\"_blank\" rel=\"noopener nofollow\"><strong>make-up<br \/>\nd\u2019Halloween<\/strong><\/a> pr\u00e9sentent des <strong>risques pour vos<br \/>\nyeux<\/strong>. Il s\u2019agit des lentilles de contact de d\u00e9guisement,<br \/>\ndes maquillages des yeux avec beaucoup de <a href=\"https:\/\/www.aufeminin.com\/maquillage\/ce-produit-de-maquillage-hyper-tendance-sera-bientot-tres-difficile-a-trouver-faites-vos-stocks-s4072611.html\" target=\"_blank\" rel=\"noopener nofollow\">paillettes<\/a> et des maquillages<br \/>\nd\u2019Halloween qui impliquent d\u2019utiliser de la peinture pour le<br \/>\nvisage. On vous explique tout de suite quels sont les risques \u00e0 les<br \/>\nreproduire ce soir pour f\u00eater Halloween.<\/p>\n<blockquote class=\"tiktok-embed\" cite=\"https:\/\/www.tiktok.com\/@dr.alexahecht\/video\/7295784372278430981\" data-video-id=\"7295784372278430981\" style=\"max-width: 605px;min-width: 325px;\"><p>\n<a target=\"_blank\" href=\"https:\/\/www.tiktok.com\/@dr.alexahecht\/video\/7295784372278430981\" rel=\"nofollow noopener\"><img decoding=\"async\" src=\"https:\/\/www.tiktok.com\/img\/logo.png\" alt=\"TikTok Logo\"\/><\/a>\n<\/p><\/blockquote>\n<p>Ces maquillages d\u2019Halloween \u00e0 \u00e9viter le 31 octobre pour la<br \/>\nsant\u00e9 de vos yeux<\/p>\n<ul>\n<li><strong>Les lentilles de contact qui ne viennent pas de chez<br \/>\nl\u2019ophtalmologue<\/strong><\/li>\n<\/ul>\n<p>Elles ont la cote car elles permettent une transformation<br \/>\nradicale et sans effort, mais les lentilles de contact color\u00e9s que<br \/>\nvous achetez dans les magasins de d\u00e9guisements ou sur Internet ne<br \/>\nsont pas toujours de tr\u00e8s bonne qualit\u00e9, comme tient \u00e0 le rappeler<br \/>\nla m\u00e9decin.<br \/>Ces lentilles de contact sont souvent fabriqu\u00e9es dans des mat\u00e9riaux<br \/>\nqui ne laissent pas passer assez d\u2019oxyg\u00e8ne jusqu\u2019\u00e0 l\u00a0\u00bb\u0153il, ce qui<br \/>\npeut causer des infections s\u00e9v\u00e8res et d\u2019autres r\u00e9actions. Elles ne<br \/>\ns\u2019adaptent pas non plus correctement \u00e0 vos yeux<\/p>\n<ul>\n<li><strong>Les maquillages ultra paillet\u00e9s des yeux<\/strong><\/li>\n<\/ul>\n<p>Ils sont tr\u00e8s tendance sur les r\u00e9seaux sociaux, mais les<br \/>\nmaquillages du regard ultra paillet\u00e9s ne sont pas les moins<br \/>\nirritants pour les yeux. Que ce soit avec des paillettes \u201cautour de<br \/>\nl&rsquo;\u0153il\u201d ou \u201cpresque dans l&rsquo;\u0153il\u201d, les particules \u00e9tincelantes qui<br \/>\nnous servent \u00e0 pimper notre maquillage des yeux peuvent \u201ccauser<br \/>\ndes griffures \u00e0 la surface des yeux et provoquer des irritations<br \/>\ns\u00e9v\u00e8res au niveau oculaire\u201d pr\u00e9vient la m\u00e9decin.<\/p>\n<ul>\n<li><strong>La peinture pour le visage<\/strong><\/li>\n<\/ul>\n<p>Si vous vous appr\u00eatez \u00e0 faire un maquillage radical qui<br \/>\nn\u00e9cessite de maquiller l\u2019ensemble de votre visage, n\u2019oubliez pas de<br \/>\nv\u00e9rifier sur le packaging de ce produit de make-up qu\u2019il est bien<br \/>\nhypoallerg\u00e9nique, comme le conseille l\u2019opticienne optom\u00e9triste.<br \/>\n\u201cPour finir, je n\u2019utiliserai pas de peinture pour le visage \u00e0<br \/>\nmoins qu\u2019il ne s\u2019agisse de peinture pour le visage<br \/>\nhypoallerg\u00e9nique\u201d explique, en effet, la m\u00e9decin, avant de<br \/>\npr\u00e9ciser : \u201csi vous en mettez autour des yeux et que vous<br \/>\ntranspirez, elle peut couler \u00e0 l\u2019int\u00e9rieur de l\u2019oeil et provoquer<br \/>\ndes irritations\u201d.<\/p>\n<p><img loading=\"lazy\" decoding=\"async\" itemprop=\"thumbnailUrl\" class=\"alignnone wp-image-2670224 img-responsive size-large pinit-here\" src=\"https:\/\/www.europesays.com\/fr\/wp-content\/uploads\/2025\/10\/maquillage-halloween-dangereux-selon-medecin-1024x529.jpg\" alt=\"\" width=\"1024\" height=\"529\" data-pin-media=\"https:\/\/sf1.afcdn.com\/wp-content\/uploads\/aufeminin\/2023\/10\/maquillage-halloween-dangereux-selon-medecin-736x380.jpg\"\/><br \/>\n\u00a9 Shutterstock<br \/>\n\/ Unai Huizi Photography<\/p>\n<p>Maquillage Halloween : le d\u00e9maquillage, une \u00e9tape cruciale \u00e0 ne<br \/>\nsurtout pas n\u00e9gliger<\/p>\n<p>Une fois les bons produits s\u00e9lectionn\u00e9s et les bonnes habitudes<br \/>\nprises pour limiter les risques pour votre sant\u00e9 et celle de vos<br \/>\nyeux, encore faut-il aussi ne pas zapper l\u2019\u00e9tape essentielle du<br \/>\nd\u00e9maquillage. Il faut l\u2019anticiper au maximum, car les produits que<br \/>\nl\u2019on utilise sont bien diff\u00e9rents de nos maquillages<br \/>\nquotidiens.<\/p>\n<p>Il faut donc penser \u00e0 s\u2019\u00e9quiper de produits d\u00e9maquillants qui<br \/>\nsont suffisamment efficaces pour enlever le maquillage que vous<br \/>\navez choisi.<\/p>\n<p><script async src=\"\/\/www.tiktok.com\/embed.js\"><\/script><\/p>\n","protected":false},"excerpt":{"rendered":"La mani\u00e8re dont on se maquille peut avoir de lourdes cons\u00e9quences sur notre sant\u00e9 sans que l\u2019on s\u2019en&hellip;\n","protected":false},"author":2,"featured_media":502600,"comment_status":"","ping_status":"","sticky":false,"template":"","format":"standard","meta":{"footnotes":""},"categories":[10],"tags":[11,2424,37051,21523,1011,27,72,62466,6055,71,133],"class_list":{"0":"post-502599","1":"post","2":"type-post","3":"status-publish","4":"format-standard","5":"has-post-thumbnail","7":"category-sante","8":"tag-actualites","9":"tag-beaute","10":"tag-conseil-beaute","11":"tag-dai_video","12":"tag-fr","13":"tag-france","14":"tag-health","15":"tag-maquillage-dhalloween","16":"tag-republishing","17":"tag-sante","18":"tag-video"},"share_on_mastodon":{"url":"https:\/\/pubeurope.com\/@fr\/115469771380448211","error":""},"_links":{"self":[{"href":"https:\/\/www.europesays.com\/fr\/wp-json\/wp\/v2\/posts\/502599","targetHints":{"allow":["GET"]}}],"collection":[{"href":"https:\/\/www.europesays.com\/fr\/wp-json\/wp\/v2\/posts"}],"about":[{"href":"https:\/\/www.europesays.com\/fr\/wp-json\/wp\/v2\/types\/post"}],"author":[{"embeddable":true,"href":"https:\/\/www.europesays.com\/fr\/wp-json\/wp\/v2\/users\/2"}],"replies":[{"embeddable":true,"href":"https:\/\/www.europesays.com\/fr\/wp-json\/wp\/v2\/comments?post=502599"}],"version-history":[{"count":0,"href":"https:\/\/www.europesays.com\/fr\/wp-json\/wp\/v2\/posts\/502599\/revisions"}],"wp:featuredmedia":[{"embeddable":true,"href":"https:\/\/www.europesays.com\/fr\/wp-json\/wp\/v2\/media\/502600"}],"wp:attachment":[{"href":"https:\/\/www.europesays.com\/fr\/wp-json\/wp\/v2\/media?parent=502599"}],"wp:term":[{"taxonomy":"category","embeddable":true,"href":"https:\/\/www.europesays.com\/fr\/wp-json\/wp\/v2\/categories?post=502599"},{"taxonomy":"post_tag","embeddable":true,"href":"https:\/\/www.europesays.com\/fr\/wp-json\/wp\/v2\/tags?post=502599"}],"curies":[{"name":"wp","href":"https:\/\/api.w.org\/{rel}","templated":true}]}}