{"id":50260,"date":"2025-04-24T22:32:47","date_gmt":"2025-04-24T22:32:47","guid":{"rendered":"https:\/\/www.europesays.com\/fr\/50260\/"},"modified":"2025-04-24T22:32:47","modified_gmt":"2025-04-24T22:32:47","slug":"les-douaniers-remontent-la-trace-dun-colis-et-decouvrent-un-veritable-arsenal","status":"publish","type":"post","link":"https:\/\/www.europesays.com\/fr\/50260\/","title":{"rendered":"Les douaniers remontent la trace d\u2019un colis et d\u00e9couvrent un v\u00e9ritable arsenal"},"content":{"rendered":"<p>Tout est parti d\u2019un chargeur de <a href=\"https:\/\/www.20minutes.fr\/societe\/kalachnikov\/\" target=\"_blank\" class=\"color-ultramarine c-link\" rel=\"noopener\">kalachnikov<\/a>, intercept\u00e9 par les <a href=\"https:\/\/www.20minutes.fr\/dossier\/douane\" target=\"_blank\" class=\"color-ultramarine c-link\" rel=\"noopener\">douanes <\/a>dans un colis de fret express. En remontant sa trace, les agents ont d\u00e9couvert un v\u00e9ritable arsenal dans la r\u00e9gion de <a href=\"https:\/\/www.20minutes.fr\/dossier\/rouen\" target=\"_blank\" class=\"color-ultramarine c-link\" rel=\"noopener\">Rouen\u00a0<\/a>: 47 fusils, pistolets et autres <a href=\"https:\/\/www.20minutes.fr\/dossier\/armes\" target=\"_blank\" class=\"color-ultramarine c-link\" rel=\"noopener\">armes <\/a>de diverses cat\u00e9gories, 111 chargeurs, 341\u00a0kilos de munitions et plusieurs <a href=\"https:\/\/www.20minutes.fr\/dossier\/obus\" target=\"_blank\" class=\"color-ultramarine c-link\" rel=\"noopener\">obus<\/a>, masques \u00e0 gaz et pi\u00e8ce d\u2019armes diverses ont \u00e9t\u00e9 saisis par les douaniers, ont-ils indiqu\u00e9 ce mardi.<\/p>\n<blockquote class=\"twitter-tweet\" align=\"center\" data-lang=\"fr_FR\">\n<p lang=\"fr\" dir=\"ltr\"><a href=\"https:\/\/twitter.com\/hashtag\/AffaireDuJour?src=hash&amp;ref_src=twsrc%5Etfw\" target=\"_blank\" rel=\"noopener\">#AffaireDuJour<\/a> : La DNRED met fin \u00e0 un trafic d\u2019armement en saisissant un important arsenal :<br \/>\ud83d\udd3947 armes de diverses cat\u00e9gories<br \/>\ud83d\udd39111 chargeurs<br \/>\ud83d\udd39341 kg de munitions<br \/>\ud83d\udd39Plusieurs obus, masques \u00e0 gaz et pi\u00e8ces d\u2019armement divers. En 2024, <a href=\"https:\/\/twitter.com\/douane_france?ref_src=twsrc%5Etfw\" target=\"_blank\" rel=\"noopener\">@douane_france<\/a> a saisi 881 armes \u00e0 feu, dont\u2026 <a href=\"https:\/\/t.co\/BoqitcJnZ6\">pic.twitter.com\/BoqitcJnZ6<\/a><\/p>\n<p>\u2014 Direction g\u00e9n\u00e9rale des douanes et droits indirects (@douane_france) <a href=\"https:\/\/twitter.com\/douane_france\/status\/1909651210266607767?ref_src=twsrc%5Etfw\" target=\"_blank\" rel=\"noopener\">April 8, 2025<\/a><\/p><\/blockquote>\n<p class=\"mb-m@xs text-l@xs\">En cliquant sur\u00ab J\u2019accepte \u00bb, vous acceptez le d\u00e9p\u00f4t de cookies par des services externes et aurez ainsi acc\u00e8s aux contenus de nos partenaires.<\/p>\n<p class=\"mb-xl@xs text-s@xs\">Plus d\u2019informations sur la page<a href=\"https:\/\/www.20minutes.fr\/gestion-cookies\" class=\"mx-xxs@xs color-ultramarine\" target=\"_blank\" rel=\"noopener\">Politique de gestion des cookies<\/a><\/p>\n<p>J\u2019accepte<\/p>\n<p>Cette saisie s\u2019inscrit dans une enqu\u00eate de la Direction nationale du renseignement et des enqu\u00eates (DNRED) sur une organisation criminelle sur fond de <a href=\"https:\/\/www.20minutes.fr\/dossier\/trafic_d_armes-1\" target=\"_blank\" class=\"color-ultramarine c-link\" rel=\"noopener\">trafic d\u2019armes<\/a>, indiquent les douanes dans un communiqu\u00e9. Les agents ont d\u2019abord mis la main sur un colis de fret envoy\u00e9 vers \u00ab\u00a0la r\u00e9gion de Rouen\u00a0\u00bb, avec \u00e0 l\u2019int\u00e9rieur un chargeur pour AK47.<\/p>\n<p>Une <a href=\"https:\/\/www.20minutes.fr\/dossier\/enquete\" target=\"_blank\" class=\"color-ultramarine c-link\" rel=\"noopener\">enqu\u00eate <\/a>est alors men\u00e9e en parall\u00e8le sur le destinataire d\u00e9clar\u00e9 du colis. Elle permet d\u2019identifier le destinataire r\u00e9el, qui habite une autre adresse et n\u2019est autre que le fils du destinataire d\u00e9clar\u00e9. S\u2019ensuit une livraison surveill\u00e9e, r\u00e9alis\u00e9e le 25\u00a0mars, et une <a href=\"https:\/\/www.20minutes.fr\/dossier\/perquisition\" target=\"_blank\" class=\"color-ultramarine c-link\" rel=\"noopener\">perquisition <\/a>chez le destinataire r\u00e9el du colis par une \u00e9quipe de la DNRED, avec l\u2019appui du groupe de soutien op\u00e9rationnel de la Direction.<\/p>\n<p>Des armes revendues \u00ab\u00a0notamment au profit du banditisme\u00a0\u00bb<\/p>\n<p>Parmi les armes, certaines \u00e9taient dot\u00e9es d\u2019une lunette de vis\u00e9e, d\u2019un point rouge ou d\u2019une lampe, d\u00e9crivent les douanes, qui ont aussi d\u00e9couvert un brassard et des \u00e9cussons <a href=\"https:\/\/www.20minutes.fr\/dossier\/police\" target=\"_blank\" class=\"color-ultramarine c-link\" rel=\"noopener\">policiers<\/a>. Ces \u00e9l\u00e9ments ont montr\u00e9 que les armes et pi\u00e8ces d\u2019armes \u00e9taient revendues, \u00ab\u00a0notamment au profit du <a href=\"https:\/\/www.20minutes.fr\/societe\/banditisme\/\" target=\"_blank\" class=\"color-ultramarine c-link\" rel=\"noopener\">banditisme\u00a0<\/a>\u00bb, indiquent les douanes.<\/p>\n<\/p>\n<p>L\u2019homme arr\u00eat\u00e9 a \u00e9t\u00e9 condamn\u00e9 \u00e0 douze mois d\u2019<a href=\"https:\/\/www.20minutes.fr\/dossier\/prison\" target=\"_blank\" class=\"color-ultramarine c-link\" rel=\"noopener\">emprisonnement<\/a> dont six avec sursis et interdiction de d\u00e9tenir ou porter une arme pendant dix ans. En\u00a02024, la douane fran\u00e7aise a saisi 881 armes \u00e0 feu, dont 147 armes de guerre de cat\u00e9gorie A qu\u2019il est interdit d\u2019acqu\u00e9rir ou de d\u00e9tenir, sauf autorisation particuli\u00e8re.<\/p>\n<p><script async src=\"https:\/\/platform.twitter.com\/widgets.js\" charset=\"utf-8\"><\/script><\/p>\n","protected":false},"excerpt":{"rendered":"Tout est parti d\u2019un chargeur de kalachnikov, intercept\u00e9 par les douanes dans un colis de fret express. En&hellip;\n","protected":false},"author":2,"featured_media":50261,"comment_status":"","ping_status":"","sticky":false,"template":"","format":"standard","meta":{"footnotes":""},"categories":[9587],"tags":[1111,47,11,6376,2516,981,1067,1777,674,118,1011,27,10909,12,5161,1072,25,9590,5163,14289],"class_list":{"0":"post-50260","1":"post","2":"type-post","3":"status-publish","4":"format-standard","5":"has-post-thumbnail","7":"category-rouen","8":"tag-actu","9":"tag-actualite","10":"tag-actualites","11":"tag-armes","12":"tag-banditisme","13":"tag-douane","14":"tag-enquete","15":"tag-eu","16":"tag-europe","17":"tag-faits-divers","18":"tag-fr","19":"tag-france","20":"tag-kalachnikov","21":"tag-news","22":"tag-normandie","23":"tag-police","24":"tag-republique-francaise","25":"tag-rouen","26":"tag-seine-maritime","27":"tag-trafic-darmes"},"share_on_mastodon":{"url":"https:\/\/pubeurope.com\/@fr\/114395322933110387","error":""},"_links":{"self":[{"href":"https:\/\/www.europesays.com\/fr\/wp-json\/wp\/v2\/posts\/50260","targetHints":{"allow":["GET"]}}],"collection":[{"href":"https:\/\/www.europesays.com\/fr\/wp-json\/wp\/v2\/posts"}],"about":[{"href":"https:\/\/www.europesays.com\/fr\/wp-json\/wp\/v2\/types\/post"}],"author":[{"embeddable":true,"href":"https:\/\/www.europesays.com\/fr\/wp-json\/wp\/v2\/users\/2"}],"replies":[{"embeddable":true,"href":"https:\/\/www.europesays.com\/fr\/wp-json\/wp\/v2\/comments?post=50260"}],"version-history":[{"count":0,"href":"https:\/\/www.europesays.com\/fr\/wp-json\/wp\/v2\/posts\/50260\/revisions"}],"wp:featuredmedia":[{"embeddable":true,"href":"https:\/\/www.europesays.com\/fr\/wp-json\/wp\/v2\/media\/50261"}],"wp:attachment":[{"href":"https:\/\/www.europesays.com\/fr\/wp-json\/wp\/v2\/media?parent=50260"}],"wp:term":[{"taxonomy":"category","embeddable":true,"href":"https:\/\/www.europesays.com\/fr\/wp-json\/wp\/v2\/categories?post=50260"},{"taxonomy":"post_tag","embeddable":true,"href":"https:\/\/www.europesays.com\/fr\/wp-json\/wp\/v2\/tags?post=50260"}],"curies":[{"name":"wp","href":"https:\/\/api.w.org\/{rel}","templated":true}]}}