{"id":502603,"date":"2025-10-31T16:41:16","date_gmt":"2025-10-31T16:41:16","guid":{"rendered":"https:\/\/www.europesays.com\/fr\/502603\/"},"modified":"2025-10-31T16:41:16","modified_gmt":"2025-10-31T16:41:16","slug":"quand-la-nasa-confirme-a-kim-kardashian-quelle-est-bien-allee-sur-la-lune-actualites","status":"publish","type":"post","link":"https:\/\/www.europesays.com\/fr\/502603\/","title":{"rendered":"Quand la Nasa confirme \u00e0 Kim Kardashian qu&rsquo;elle est bien all\u00e9e sur la Lune : Actualit\u00e9s"},"content":{"rendered":"<p class=\"lead \">La star am\u00e9ricaine de la t\u00e9l\u00e9-r\u00e9alit\u00e9 Kim Kardashian a \u00e9mis des doutes sur la v\u00e9racit\u00e9 de la mission de la Nasa sur la Lune en 1969, poussant son patron par int\u00e9rim \u00e0 lui confirmer l&rsquo;\u00e9v\u00e9nement, objet de multiples th\u00e9ories conspirationnistes depuis des d\u00e9cennies.<\/p>\n<p class=\"lead \">\u00ab\u00a0Oui, nous sommes d\u00e9j\u00e0 all\u00e9s sur la Lune&#8230; 6 fois !\u00a0\u00bb, a \u00e9crit jeudi Sean Duffy, administrateur par int\u00e9rim de la NASA, sur X. <\/p>\n<p class=\"lead \">Dans le dernier \u00e9pisode de sa s\u00e9rie \u00ab\u00a0Les Kardashian\u00a0\u00bb, Kim Kardashian fait part de son scepticisme concernant la mission Apollo 11 de 1969, au cours de laquelle les astronautes am\u00e9ricains Buzz Aldrin et Neil Armstrong ont fait les premiers pas sur la surface de la Lune. <\/p>\n<p class=\"lead \">\u00ab\u00a0Je vais t&rsquo;envoyer un million d&rsquo;articles avec Buzz Aldrin et l&rsquo;autre\u00a0\u00bb, dit Kim Kardashian \u00e0 sa co-star, Sarah Paulson, dans cet \u00e9pisode. Elle lit ensuite une citation qu&rsquo;elle attribue \u00e0 Aldrin, r\u00e9pondant \u00e0 une question sur le moment le plus effrayant de l&rsquo;exp\u00e9dition. <\/p>\n<p class=\"lead \">\u00ab\u00a0Il n&rsquo;y a pas eu de moment effrayant parce que cela ne s&rsquo;est pas produit. Cela aurait pu \u00eatre effrayant, mais cela ne l&rsquo;\u00e9tait pas parce que cela n&rsquo;est pas arriv\u00e9\u00a0\u00bb, affirme-t-elle. <\/p>\n<p class=\"lead \">Aucun d\u00e9tail n&rsquo;est fourni sur les articles auxquels elle fait r\u00e9f\u00e9rence, ni d&rsquo;assurance que ces commentaires proviennent bien de Buzz Aldrin.<\/p>\n<p class=\"lead \">En parlant avec les producteurs, Kardashian affirme \u00e0 nouveau que la mission spatiale est \u00ab\u00a0fausse\u00a0\u00bb en citant \u00ab\u00a0quelques vid\u00e9os de Buzz Aldrin parlant de comment cela ne s&rsquo;est pas produit\u00a0\u00bb. Selon elle, \u00ab\u00a0il le dit tout le temps maintenant dans des interviews\u00a0\u00bb. <\/p>\n<p class=\"lead \">Dans son post, Sean Duffy a \u00e9galement mis en avant la mission lunaire Artemis, qui pr\u00e9voit le retour des Am\u00e9ricains sur la Lune. <\/p>\n<p class=\"lead \">\u00ab\u00a0Nous avons gagn\u00e9 la derni\u00e8re course \u00e0 l&rsquo;espace et nous gagnerons celle-ci aussi\u00a0\u00bb, a-t-il ajout\u00e9 avant d&rsquo;inviter la star au Centre spatial Kennedy, le principal site de lancement de la NASA, situ\u00e9 en Floride.<\/p>\n<p class=\"small font-weight-bold text-gray3 \"> publi\u00e9 le 31 octobre \u00e0 13h10, AFP<\/p>\n<p>                             Partager<\/p>\n","protected":false},"excerpt":{"rendered":"La star am\u00e9ricaine de la t\u00e9l\u00e9-r\u00e9alit\u00e9 Kim Kardashian a \u00e9mis des doutes sur la v\u00e9racit\u00e9 de la mission&hellip;\n","protected":false},"author":2,"featured_media":502604,"comment_status":"","ping_status":"","sticky":false,"template":"","format":"standard","meta":{"footnotes":""},"categories":[8],"tags":[1971,58,59,386,1011,27,4506,308],"class_list":{"0":"post-502603","1":"post","2":"type-post","3":"status-publish","4":"format-standard","5":"has-post-thumbnail","7":"category-divertissement","8":"tag-clbrits","9":"tag-divertissement","10":"tag-entertainment","11":"tag-espace","12":"tag-fr","13":"tag-france","14":"tag-lune","15":"tag-usa"},"share_on_mastodon":{"url":"https:\/\/pubeurope.com\/@fr\/115469777952874292","error":""},"_links":{"self":[{"href":"https:\/\/www.europesays.com\/fr\/wp-json\/wp\/v2\/posts\/502603","targetHints":{"allow":["GET"]}}],"collection":[{"href":"https:\/\/www.europesays.com\/fr\/wp-json\/wp\/v2\/posts"}],"about":[{"href":"https:\/\/www.europesays.com\/fr\/wp-json\/wp\/v2\/types\/post"}],"author":[{"embeddable":true,"href":"https:\/\/www.europesays.com\/fr\/wp-json\/wp\/v2\/users\/2"}],"replies":[{"embeddable":true,"href":"https:\/\/www.europesays.com\/fr\/wp-json\/wp\/v2\/comments?post=502603"}],"version-history":[{"count":0,"href":"https:\/\/www.europesays.com\/fr\/wp-json\/wp\/v2\/posts\/502603\/revisions"}],"wp:featuredmedia":[{"embeddable":true,"href":"https:\/\/www.europesays.com\/fr\/wp-json\/wp\/v2\/media\/502604"}],"wp:attachment":[{"href":"https:\/\/www.europesays.com\/fr\/wp-json\/wp\/v2\/media?parent=502603"}],"wp:term":[{"taxonomy":"category","embeddable":true,"href":"https:\/\/www.europesays.com\/fr\/wp-json\/wp\/v2\/categories?post=502603"},{"taxonomy":"post_tag","embeddable":true,"href":"https:\/\/www.europesays.com\/fr\/wp-json\/wp\/v2\/tags?post=502603"}],"curies":[{"name":"wp","href":"https:\/\/api.w.org\/{rel}","templated":true}]}}