{"id":502609,"date":"2025-10-31T16:44:12","date_gmt":"2025-10-31T16:44:12","guid":{"rendered":"https:\/\/www.europesays.com\/fr\/502609\/"},"modified":"2025-10-31T16:44:12","modified_gmt":"2025-10-31T16:44:12","slug":"quatre-personnes-sortent-indemnes-dune-chute-de-dix-etages-dans-un-ascenseur","status":"publish","type":"post","link":"https:\/\/www.europesays.com\/fr\/502609\/","title":{"rendered":"Quatre personnes sortent indemnes d\u2019une chute de dix \u00e9tages dans un ascenseur"},"content":{"rendered":"<p>Le 13 octobre dernier, c\u2019est une sacr\u00e9e bonne \u00e9toile qui brillait au-dessus des t\u00eates de quatre r\u00e9sidents d\u2019une tour d\u2019habitation \u00e0 Genk, en <a href=\"https:\/\/www.20minutes.fr\/dossier\/belgique\" class=\"c-link c-link--is-underlined\" target=\"_blank\" rel=\"noopener\">Belgique<\/a>. Tous ont \u00e9chapp\u00e9 de peu \u00e0 la mort lorsque la cabine d\u2019<a href=\"https:\/\/www.20minutes.fr\/dossier\/ascenseur\" class=\"c-link c-link--is-underlined\" target=\"_blank\" rel=\"noopener\">ascenseur<\/a> dans laquelle ils se trouvaient a <a href=\"https:\/\/www.20minutes.fr\/dossier\/accident\" class=\"c-link c-link--is-underlined\" target=\"_blank\" rel=\"noopener\">brusquement chut\u00e9<\/a>.<\/p>\n<p>Ce sont deux des passagers de l\u2019ascenseur maudit qui ont t\u00e9moign\u00e9 aupr\u00e8s de nos confr\u00e8res du <a href=\"https:\/\/www.gva.be\/binnenland\/alfons-valt-tien-verdiepingen-naar-beneden-met-lift-ik-vreesde-voor-mijn-leven\/100129363.html\" rel=\"nofollow noopener\" target=\"_blank\" class=\"c-link c-link--is-underlined\">m\u00e9dia belge GVA<\/a>. Un grand-p\u00e8re de 83 ans et sa petite fille, \u00e2g\u00e9e de 14 ans. L\u2019octog\u00e9naire raconte que ce jour-l\u00e0, comme tous les jours d\u2019ailleurs, il emprunte l\u2019ascenseur pour monter chez lui. Forc\u00e9ment, son appartement se situant au 20e \u00e9tage de la tour, pas question pour lui de grimper par les escaliers.<\/p>\n<p>La cabine chute d\u2019un coup, portes ouvertes<\/p>\n<p>Au rez-de-chauss\u00e9e, accompagn\u00e9 de sa petite fille et de deux autres personnes, l\u2019habitant monte dans la cabine, appuie sur son \u00e9tage et l\u2019appareil commence son ascension vers le 20e \u00e9tage qu\u2019il atteint quelques secondes plus tard. Les portes s\u2019ouvrent, normalement, et l\u2019octog\u00e9naire et sa petite fille s\u2019appr\u00eatent \u00e0 descendre. Ils n\u2019en ont pas eu le temps. La cabine tombe d\u2019un coup, portes ouvertes.<\/p>\n<\/p>\n<p>A nos confr\u00e8res, l\u2019habitant affirme qu\u2019\u00e0 ce moment, il a vraiment cru qu\u2019ils allaient tous mourir. Mais l\u2019ascenseur ne s\u2019\u00e9crase pas 20 \u00e9tages plus bas. Il ralentit et finit par s\u2019immobiliser \u00e0 mi-chemin, entre deux \u00e9tages. A l\u2019int\u00e9rieur, les passagers sont sous le choc mais indemnes. Mais il leur faut attendre 50 minutes apr\u00e8s leur chute pour \u00eatre enfin lib\u00e9r\u00e9s par un technicien.<\/p>\n<p><a href=\"https:\/\/www.20minutes.fr\/dossier\/belgique\" class=\"c-link c-btn c-btn--primary\" target=\"_blank\" rel=\"noopener\">Nos articles sur la Belgique<\/a><\/p>\n<p>Depuis, l\u2019ascenseur, dont les probl\u00e8mes de frein \u00e9taient connus, a \u00e9t\u00e9 r\u00e9par\u00e9. Malgr\u00e9 le traumatisme, le retrait\u00e9 continue de le prendre, pas le choix. Idem pour sa petite fille, m\u00eame si elle a confi\u00e9 \u00e0 son grand-p\u00e8re qu\u2019elle ne s\u2019y sentait pas en s\u00e9curit\u00e9.<\/p>\n","protected":false},"excerpt":{"rendered":"Le 13 octobre dernier, c\u2019est une sacr\u00e9e bonne \u00e9toile qui brillait au-dessus des t\u00eates de quatre r\u00e9sidents d\u2019une&hellip;\n","protected":false},"author":2,"featured_media":502610,"comment_status":"","ping_status":"","sticky":false,"template":"","format":"standard","meta":{"footnotes":""},"categories":[5],"tags":[119,47,11,23099,828,118,1011,27,14,74,12,28],"class_list":{"0":"post-502609","1":"post","2":"type-post","3":"status-publish","4":"format-standard","5":"has-post-thumbnail","7":"category-international","8":"tag-accident","9":"tag-actualite","10":"tag-actualites","11":"tag-ascenseur","12":"tag-belgique","13":"tag-faits-divers","14":"tag-fr","15":"tag-france","16":"tag-international","17":"tag-monde","18":"tag-news","19":"tag-world"},"share_on_mastodon":{"url":"https:\/\/pubeurope.com\/@fr\/115469789972501266","error":""},"_links":{"self":[{"href":"https:\/\/www.europesays.com\/fr\/wp-json\/wp\/v2\/posts\/502609","targetHints":{"allow":["GET"]}}],"collection":[{"href":"https:\/\/www.europesays.com\/fr\/wp-json\/wp\/v2\/posts"}],"about":[{"href":"https:\/\/www.europesays.com\/fr\/wp-json\/wp\/v2\/types\/post"}],"author":[{"embeddable":true,"href":"https:\/\/www.europesays.com\/fr\/wp-json\/wp\/v2\/users\/2"}],"replies":[{"embeddable":true,"href":"https:\/\/www.europesays.com\/fr\/wp-json\/wp\/v2\/comments?post=502609"}],"version-history":[{"count":0,"href":"https:\/\/www.europesays.com\/fr\/wp-json\/wp\/v2\/posts\/502609\/revisions"}],"wp:featuredmedia":[{"embeddable":true,"href":"https:\/\/www.europesays.com\/fr\/wp-json\/wp\/v2\/media\/502610"}],"wp:attachment":[{"href":"https:\/\/www.europesays.com\/fr\/wp-json\/wp\/v2\/media?parent=502609"}],"wp:term":[{"taxonomy":"category","embeddable":true,"href":"https:\/\/www.europesays.com\/fr\/wp-json\/wp\/v2\/categories?post=502609"},{"taxonomy":"post_tag","embeddable":true,"href":"https:\/\/www.europesays.com\/fr\/wp-json\/wp\/v2\/tags?post=502609"}],"curies":[{"name":"wp","href":"https:\/\/api.w.org\/{rel}","templated":true}]}}