{"id":502611,"date":"2025-10-31T16:45:19","date_gmt":"2025-10-31T16:45:19","guid":{"rendered":"https:\/\/www.europesays.com\/fr\/502611\/"},"modified":"2025-10-31T16:45:19","modified_gmt":"2025-10-31T16:45:19","slug":"pourquoi-un-collectif-davocats-a-porte-plainte-contre-gerald-darmanin","status":"publish","type":"post","link":"https:\/\/www.europesays.com\/fr\/502611\/","title":{"rendered":"Pourquoi un collectif d\u2019avocats a port\u00e9 plainte contre G\u00e9rald Darmanin\u00a0?"},"content":{"rendered":"<p>C\u2019est une visite qui pourrait \u00eatre lourde de cons\u00e9quences pour <a href=\"https:\/\/www.20minutes.fr\/dossier\/gerald_darmanin\" class=\"c-link c-link--is-underlined\" target=\"_blank\" rel=\"noopener\">G\u00e9rald Darmanin<\/a>. Un collectif d\u2019une <a href=\"https:\/\/www.20minutes.fr\/justice\/4182711-20251031-gerald-darmanin-vise-plainte-avocats-soutien-implicite-sarkozy\" target=\"_blank\" class=\"c-link c-link--is-underlined\" rel=\"noopener\">trentaine d\u2019avocats a port\u00e9 plainte aupr\u00e8s de la Cour de justice de la R\u00e9publique<\/a> contre le ministre de la Justice pour \u00ab\u00a0prise ill\u00e9gale d\u2019int\u00e9r\u00eats\u00a0\u00bb. En cause\u00a0: son d\u00e9placement <a href=\"https:\/\/www.20minutes.fr\/societe\/4182511-20251030-gerald-darmanin-rendu-sante-prendre-nouvelles-nicolas-sarkozy\" target=\"_blank\" class=\"c-link c-link--is-underlined\" rel=\"noopener\">mercredi soir \u00e0 la prison de la Sant\u00e9 pour rendre visite \u00e0 Nicolas Sarkozy<\/a>, incarc\u00e9r\u00e9 apr\u00e8s sa condamnation pour \u00ab\u00a0association de malfaiteurs\u00a0\u00bb.\u00ab\u00a0Le lien qui les unit est peut-\u00eatre amical mais G\u00e9rald Darmanin utilise sa fonction de garde des Sceaux dans ce dossier. Il n\u2019a pas simplement envoy\u00e9 un texto \u00e0 <a href=\"https:\/\/www.20minutes.fr\/politique\/nicolas_sarkozy\/\" class=\"c-link c-link--is-underlined\" target=\"_blank\" rel=\"noopener\">Nicolas Sarkozy<\/a>, il dit publiquement sa compassion \u00e0 l\u2019\u00e9gard de l\u2019ancien pr\u00e9sident, il y met une dimension personnelle, alors m\u00eame qu\u2019il a un pouvoir de surveillance sur la justice\u00a0\u00bb, estime Me J\u00e9r\u00f4me Karsenti, l\u2019une des figures de proue de ce collectif.<\/p>\n<p>Pour comprendre, un petit cours de droit s\u2019impose. La \u00ab\u00a0prise ill\u00e9gale d\u2019int\u00e9r\u00eats\u00a0\u00bb est une traduction juridique du <a href=\"https:\/\/www.20minutes.fr\/dossier\/conflit_d_interets\" class=\"c-link c-link--is-underlined\" target=\"_blank\" rel=\"noopener\">conflit d\u2019int\u00e9r\u00eats<\/a>. En clair, lorsque vous \u00eates responsable d\u2019une fonction publique, les int\u00e9r\u00eats priv\u00e9s doivent s\u2019effacer afin de ne pas compromettre votre objectivit\u00e9 ou votre ind\u00e9pendance. Selon la jurisprudence cet int\u00e9r\u00eat, n\u2019est pas forc\u00e9ment mat\u00e9riel, il peut \u00eatre \u00ab\u00a0moral et plus pr\u00e9cis\u00e9ment amical\u00a0\u00bb.<\/p>\n<\/p>\n<p>Une prise de position \u00ab\u00a0implicite\u00a0\u00bb<\/p>\n<p>Dans ce dossier, c\u2019est la fonction de G\u00e9rald Darmanin qui est point\u00e9e. En tant que ministre de la Justice, il a sous son autorit\u00e9 les magistrats du parquet, c\u2019est-\u00e0-dire ceux charg\u00e9s de requ\u00e9rir. Or, selon le collectif, en exprimant publiquement sur France Inter ou sur X sa \u00ab\u00a0tristesse\u00a0\u00bb \u00e0 l\u2019\u00e9gard de celui qui fut son mentor, en confiant ne \u00ab\u00a0pas \u00eatre insensible\u00a0\u00bb \u00e0 sa \u00ab\u00a0d\u00e9tresse\u00a0\u00bb, il prend \u00ab\u00a0implicitement position\u00a0\u00bb. \u00ab\u00a0Quelle sera la marge de man\u0153uvre des procureurs qui seront charg\u00e9s de requ\u00e9rir lors de sa demande de remise en libert\u00e9\u00a0ou pendant son proc\u00e8s en appel\u00a0?\u00a0\u00bb, interroge Me J\u00e9r\u00f4me Karsenti.<\/p>\n<p>Des craintes qui font \u00e9cho \u00e0 celles exprim\u00e9es par les premiers concern\u00e9s. R\u00e9my Heitz, le \u00ab\u00a0premier procureur de France\u00a0\u00bb, a \u00e9t\u00e9 le premier \u00e0 r\u00e9agir lorsque G\u00e9rald Darmanin a annonc\u00e9 son intention de se rendre au chevet de Nicolas Sarkozy, d\u00e9non\u00e7ant une \u00ab\u00a0atteinte \u00e0 l\u2019ind\u00e9pendance des magistrats\u00a0\u00bb. Et ce, dans un contexte de violences exacerb\u00e9es vis-\u00e0-vis de cette profession. La pr\u00e9sidente du tribunal qui a condamn\u00e9 Nicolas Sarkozy a \u00e9t\u00e9 menac\u00e9e de mort, plusieurs enqu\u00eates sont en cours. \u00ab\u00a0G\u00e9rald Darmanin n\u2019a pris position qu\u2019\u00e0 travers un tweet sur ces attaques contre les magistrats\u00a0\u00bb, d\u00e9plore le conseil.<\/p>\n<p>Si la plainte ne vise que G\u00e9rald Darmanin, Me J\u00e9r\u00f4me Karsenti d\u00e9nonce \u00e9galement l\u2019attitude d\u2019Emmanuel Macron qui a re\u00e7u \u00e0 l\u2019Elys\u00e9e l\u2019ancien pr\u00e9sident quelques jours avant son incarc\u00e9ration. \u00ab\u00a0C\u2019est tr\u00e8s grave car le pr\u00e9sident est le gardien de l\u2019ind\u00e9pendance de la Justice. C\u2019est \u00e9crit noir sur blanc dans l\u2019article\u00a067 de la Constitution. En le recevant ainsi \u00e0 l\u2019Elys\u00e9e, \u00e7a affaiblit la d\u00e9cision des juges\u00a0\u00bb, d\u00e9plore l\u2019avocat. Mais dans ce cas, aucune action en justice n\u2019est envisageable\u00a0: le pr\u00e9sident b\u00e9n\u00e9ficie de l\u2019immunit\u00e9 pr\u00e9sidentielle. Contact\u00e9, l\u2019entourage du ministre n\u2019a pas souhait\u00e9 commenter.<\/p>\n","protected":false},"excerpt":{"rendered":"C\u2019est une visite qui pourrait \u00eatre lourde de cons\u00e9quences pour G\u00e9rald Darmanin. Un collectif d\u2019une trentaine d\u2019avocats a&hellip;\n","protected":false},"author":2,"featured_media":502612,"comment_status":"","ping_status":"","sticky":false,"template":"","format":"standard","meta":{"footnotes":""},"categories":[4],"tags":[47,11,1011,27,432,303,4145,12,3091,25],"class_list":{"0":"post-502611","1":"post","2":"type-post","3":"status-publish","4":"format-standard","5":"has-post-thumbnail","7":"category-france","8":"tag-actualite","9":"tag-actualites","10":"tag-fr","11":"tag-france","12":"tag-gerald-darmanin","13":"tag-justice","14":"tag-ministre-de-la-justice","15":"tag-news","16":"tag-nicolas-sarkozy","17":"tag-republique-francaise"},"share_on_mastodon":{"url":"https:\/\/pubeurope.com\/@fr\/115469793649216224","error":""},"_links":{"self":[{"href":"https:\/\/www.europesays.com\/fr\/wp-json\/wp\/v2\/posts\/502611","targetHints":{"allow":["GET"]}}],"collection":[{"href":"https:\/\/www.europesays.com\/fr\/wp-json\/wp\/v2\/posts"}],"about":[{"href":"https:\/\/www.europesays.com\/fr\/wp-json\/wp\/v2\/types\/post"}],"author":[{"embeddable":true,"href":"https:\/\/www.europesays.com\/fr\/wp-json\/wp\/v2\/users\/2"}],"replies":[{"embeddable":true,"href":"https:\/\/www.europesays.com\/fr\/wp-json\/wp\/v2\/comments?post=502611"}],"version-history":[{"count":0,"href":"https:\/\/www.europesays.com\/fr\/wp-json\/wp\/v2\/posts\/502611\/revisions"}],"wp:featuredmedia":[{"embeddable":true,"href":"https:\/\/www.europesays.com\/fr\/wp-json\/wp\/v2\/media\/502612"}],"wp:attachment":[{"href":"https:\/\/www.europesays.com\/fr\/wp-json\/wp\/v2\/media?parent=502611"}],"wp:term":[{"taxonomy":"category","embeddable":true,"href":"https:\/\/www.europesays.com\/fr\/wp-json\/wp\/v2\/categories?post=502611"},{"taxonomy":"post_tag","embeddable":true,"href":"https:\/\/www.europesays.com\/fr\/wp-json\/wp\/v2\/tags?post=502611"}],"curies":[{"name":"wp","href":"https:\/\/api.w.org\/{rel}","templated":true}]}}